{"id":9750,"date":"2020-02-13T21:46:15","date_gmt":"2020-02-13T21:46:15","guid":{"rendered":"https:\/\/jornaldasoficinas.com\/pt\/?p=9750"},"modified":"2023-07-19T15:57:49","modified_gmt":"2023-07-19T14:57:49","slug":"automechanika-frankfurt-vai-ter-espaco-dedicado-a-remanufactura","status":"publish","type":"post","link":"https:\/\/jornaldasoficinas.com\/pt\/automechanika-frankfurt-vai-ter-espaco-dedicado-a-remanufactura\/","title":{"rendered":"Automechanika Frankfurt vai ter espa\u00e7o dedicado \u00e0 remanufatura"},"content":{"rendered":"<p><img loading=\"lazy\" decoding=\"async\" class=\"alignnone size-full wp-image-9748\" src=\"https:\/\/jornaldasoficinas.com\/pt\/wp-content\/uploads\/2020\/02\/MFJGAUMF18Academy007.jpg\" alt=\"02 - MFJGAUMF18Academy007\" width=\"1024\" height=\"581\" srcset=\"https:\/\/jornaldasoficinas.com\/pt\/wp-content\/uploads\/2020\/02\/MFJGAUMF18Academy007.jpg 1024w, https:\/\/jornaldasoficinas.com\/pt\/wp-content\/uploads\/2020\/02\/MFJGAUMF18Academy007-300x170.jpg 300w, https:\/\/jornaldasoficinas.com\/pt\/wp-content\/uploads\/2020\/02\/MFJGAUMF18Academy007-150x85.jpg 150w, https:\/\/jornaldasoficinas.com\/pt\/wp-content\/uploads\/2020\/02\/MFJGAUMF18Academy007-768x436.jpg 768w\" sizes=\"auto, (max-width: 1024px) 100vw, 1024px\" \/><\/p>\n<p><strong>Em colabora\u00e7\u00e3o com a Automotive Parts Remanufacturers Association (APRA), a Automechanika Frankfurt apresentar\u00e1 o \u201cDia de Remanufatura da Automechanika\u201d.<\/strong><\/p>\n<p>A Automechanika assinou uma parceria com a Automotive Parts Remanufacturers Association (APRA). A APRA, fundada nos EUA em 1941, \u00e9 a \u00fanica associa\u00e7\u00e3o global para empresas do setor de remanufatura autom\u00f3vel. Das 600 empresas membros, cerca de 120 podem ser encontradas na Europa, onde s\u00e3o acompanhadas pela APRA Europe, com sede em Bruxelas.<\/p>\n<p>A APRA representa os interesses da ind\u00fastria de remanufatura e desempenha um papel fundamental nos esfor\u00e7os cont\u00ednuos para alcan\u00e7ar uma Economia Circular. A remanufatura oferece enormes benef\u00edcios ecol\u00f3gicos e um bom valor como alternativa aos produtos novos.<\/p>\n<p>Para elevar a discuss\u00e3o desse tema na <a href=\"https:\/\/www.messefrankfurt.com\/frankfurt\/en.html\" target=\"_blank\" rel=\"noopener noreferrer\">Automechanika Frankfurt<\/a>, foi desenvolvido um log\u00f3tipo de remanufatura verde que ser\u00e1 colocado diretamente nos <em>stands <\/em>para identificar os expositores que oferecem produtos relevantes.<\/p>\n<p>A partir de meados de julho, ser\u00e1 poss\u00edvel obter informa\u00e7\u00f5es sobre esses expositores <em>online<\/em> no <em>site<\/em> da Automechanika Frankfurt, com o r\u00f3tulo \u201cInteresse especial \u2013 Remanufatura\u201d na pesquisa de expositor. Antes que esse recurso fique <em>online<\/em>, a associa\u00e7\u00e3o APRA e a Automechanika Frankfurt avaliar\u00e3o as empresas expositoras de acordo com um conjunto espec\u00edfico de crit\u00e9rios.<\/p>\n<p>Os visitantes tamb\u00e9m poder\u00e3o descobrir os \u00faltimos desenvolvimentos do setor em apresenta\u00e7\u00f5es especializadas no \u201cDia de remanufatura da Automechanika\u201d, que far\u00e1 parte da Academia Automechanika. Especialistas do setor podem esperar discuss\u00f5es cativantes com os participantes, seguidos de excelentes oportunidades de <em>networking<\/em>.<\/p>\n<h4>Remanufatura: sustent\u00e1vel e f\u00e1cil de usar<\/h4>\n<p>A remanufatura \u00e9 um processo industrial padronizado, no qual as pe\u00e7as do ve\u00edculo s\u00e3o reconstru\u00eddas para um estado t\u00e3o bom ou at\u00e9 melhor do que o original com desempenho equivalente.<\/p>\n<p>O processo garante que todas as especifica\u00e7\u00f5es t\u00e9cnicas, incluindo <em>design<\/em>, qualidade e padr\u00f5es de teste, sejam atendidas. Como resultado, uma pe\u00e7a remanufaturada industrialmente tamb\u00e9m disp\u00f5e da mesma garantia de uma pe\u00e7a nova, em que a pe\u00e7a remanufaturada \u00e9, claramente, identificada como tal e o nome do remanufaturador \u00e9 fornecido.<\/p>\n<p>Isto tamb\u00e9m \u00e9 bom para o clima e para o meio ambiente, uma vez que a remanufatura reduz as emiss\u00f5es de CO2 em milh\u00f5es de toneladas no mundo todo a cada ano.<\/p>\n<p>A Automechanika Frankfurt realiza-se de 8 a 12 de setembro de 2020.<\/p>\n","protected":false},"excerpt":{"rendered":"<p>Em colabora\u00e7\u00e3o com a Automotive Parts&#8230;<\/p>\n","protected":false},"author":15,"featured_media":9748,"comment_status":"closed","ping_status":"closed","sticky":false,"template":"","format":"standard","meta":{"footnotes":""},"categories":[29],"tags":[845,1541,1540],"class_list":["post-9750","post","type-post","status-publish","format-standard","has-post-thumbnail","hentry","category-empresas","tag-automechanika-frankfurt","tag-automotive-parts-remanufacturers-association","tag-dia-da-remanufactura-da-automechanika"],"yoast_head":"<!-- This site is optimized with the Yoast SEO plugin v27.4 - https:\/\/yoast.com\/product\/yoast-seo-wordpress\/ -->\n<title>Automechanika Frankfurt vai ter espa\u00e7o dedicado \u00e0 remanufatura - Jornal das Oficinas<\/title>\n<meta name=\"robots\" content=\"index, follow, max-snippet:-1, max-image-preview:large, max-video-preview:-1\" \/>\n<link rel=\"canonical\" href=\"https:\/\/jornaldasoficinas.com\/pt\/automechanika-frankfurt-vai-ter-espaco-dedicado-a-remanufactura\/\" \/>\n<meta property=\"og:locale\" content=\"pt_PT\" \/>\n<meta property=\"og:type\" content=\"article\" \/>\n<meta property=\"og:title\" content=\"Automechanika Frankfurt vai ter espa\u00e7o dedicado \u00e0 remanufatura - Jornal das Oficinas\" \/>\n<meta property=\"og:description\" content=\"Em colabora\u00e7\u00e3o com a Automotive Parts...\" \/>\n<meta property=\"og:url\" content=\"https:\/\/jornaldasoficinas.com\/pt\/automechanika-frankfurt-vai-ter-espaco-dedicado-a-remanufactura\/\" \/>\n<meta property=\"og:site_name\" content=\"Jornal das Oficinas\" \/>\n<meta property=\"article:publisher\" content=\"https:\/\/www.facebook.com\/jornaloficinas\" \/>\n<meta property=\"article:published_time\" content=\"2020-02-13T21:46:15+00:00\" \/>\n<meta property=\"article:modified_time\" content=\"2023-07-19T14:57:49+00:00\" \/>\n<meta property=\"og:image\" content=\"https:\/\/jornaldasoficinas.com\/pt\/wp-content\/uploads\/2020\/02\/MFJGAUMF18Academy007.jpg\" \/>\n\t<meta property=\"og:image:width\" content=\"1024\" \/>\n\t<meta property=\"og:image:height\" content=\"581\" \/>\n\t<meta property=\"og:image:type\" content=\"image\/jpeg\" \/>\n<meta name=\"author\" content=\"Reda\u00e7\u00e3o JO\" \/>\n<meta name=\"twitter:card\" content=\"summary_large_image\" \/>\n<meta name=\"twitter:creator\" content=\"@jornaloficinas\" \/>\n<meta name=\"twitter:site\" content=\"@jornaloficinas\" \/>\n<meta name=\"twitter:label1\" content=\"Escrito por\" \/>\n\t<meta name=\"twitter:data1\" content=\"Reda\u00e7\u00e3o JO\" \/>\n\t<meta name=\"twitter:label2\" content=\"Tempo estimado de leitura\" \/>\n\t<meta name=\"twitter:data2\" content=\"2 minutos\" \/>\n<script type=\"application\/ld+json\" class=\"yoast-schema-graph\">{\"@context\":\"https:\\\/\\\/schema.org\",\"@graph\":[{\"@type\":\"Article\",\"@id\":\"https:\\\/\\\/jornaldasoficinas.com\\\/pt\\\/automechanika-frankfurt-vai-ter-espaco-dedicado-a-remanufactura\\\/#article\",\"isPartOf\":{\"@id\":\"https:\\\/\\\/jornaldasoficinas.com\\\/pt\\\/automechanika-frankfurt-vai-ter-espaco-dedicado-a-remanufactura\\\/\"},\"author\":{\"name\":\"Reda\u00e7\u00e3o JO\",\"@id\":\"https:\\\/\\\/jornaldasoficinas.com\\\/pt\\\/#\\\/schema\\\/person\\\/a38eef5de2c41d9e7c9ac10141afddf3\"},\"headline\":\"Automechanika Frankfurt vai ter espa\u00e7o dedicado \u00e0 remanufatura\",\"datePublished\":\"2020-02-13T21:46:15+00:00\",\"dateModified\":\"2023-07-19T14:57:49+00:00\",\"mainEntityOfPage\":{\"@id\":\"https:\\\/\\\/jornaldasoficinas.com\\\/pt\\\/automechanika-frankfurt-vai-ter-espaco-dedicado-a-remanufactura\\\/\"},\"wordCount\":401,\"publisher\":{\"@id\":\"https:\\\/\\\/jornaldasoficinas.com\\\/pt\\\/#organization\"},\"image\":{\"@id\":\"https:\\\/\\\/jornaldasoficinas.com\\\/pt\\\/automechanika-frankfurt-vai-ter-espaco-dedicado-a-remanufactura\\\/#primaryimage\"},\"thumbnailUrl\":\"https:\\\/\\\/jornaldasoficinas.com\\\/pt\\\/wp-content\\\/uploads\\\/2020\\\/02\\\/MFJGAUMF18Academy007.jpg\",\"keywords\":[\"Automechanika Frankfurt\",\"Automotive Parts Remanufacturers Association\",\"Dia da Remanufactura da Automechanika\"],\"articleSection\":[\"Empresas\"],\"inLanguage\":\"pt-PT\"},{\"@type\":\"WebPage\",\"@id\":\"https:\\\/\\\/jornaldasoficinas.com\\\/pt\\\/automechanika-frankfurt-vai-ter-espaco-dedicado-a-remanufactura\\\/\",\"url\":\"https:\\\/\\\/jornaldasoficinas.com\\\/pt\\\/automechanika-frankfurt-vai-ter-espaco-dedicado-a-remanufactura\\\/\",\"name\":\"Automechanika Frankfurt vai ter espa\u00e7o dedicado \u00e0 remanufatura - Jornal das Oficinas\",\"isPartOf\":{\"@id\":\"https:\\\/\\\/jornaldasoficinas.com\\\/pt\\\/#website\"},\"primaryImageOfPage\":{\"@id\":\"https:\\\/\\\/jornaldasoficinas.com\\\/pt\\\/automechanika-frankfurt-vai-ter-espaco-dedicado-a-remanufactura\\\/#primaryimage\"},\"image\":{\"@id\":\"https:\\\/\\\/jornaldasoficinas.com\\\/pt\\\/automechanika-frankfurt-vai-ter-espaco-dedicado-a-remanufactura\\\/#primaryimage\"},\"thumbnailUrl\":\"https:\\\/\\\/jornaldasoficinas.com\\\/pt\\\/wp-content\\\/uploads\\\/2020\\\/02\\\/MFJGAUMF18Academy007.jpg\",\"datePublished\":\"2020-02-13T21:46:15+00:00\",\"dateModified\":\"2023-07-19T14:57:49+00:00\",\"breadcrumb\":{\"@id\":\"https:\\\/\\\/jornaldasoficinas.com\\\/pt\\\/automechanika-frankfurt-vai-ter-espaco-dedicado-a-remanufactura\\\/#breadcrumb\"},\"inLanguage\":\"pt-PT\",\"potentialAction\":[{\"@type\":\"ReadAction\",\"target\":[\"https:\\\/\\\/jornaldasoficinas.com\\\/pt\\\/automechanika-frankfurt-vai-ter-espaco-dedicado-a-remanufactura\\\/\"]}]},{\"@type\":\"ImageObject\",\"inLanguage\":\"pt-PT\",\"@id\":\"https:\\\/\\\/jornaldasoficinas.com\\\/pt\\\/automechanika-frankfurt-vai-ter-espaco-dedicado-a-remanufactura\\\/#primaryimage\",\"url\":\"https:\\\/\\\/jornaldasoficinas.com\\\/pt\\\/wp-content\\\/uploads\\\/2020\\\/02\\\/MFJGAUMF18Academy007.jpg\",\"contentUrl\":\"https:\\\/\\\/jornaldasoficinas.com\\\/pt\\\/wp-content\\\/uploads\\\/2020\\\/02\\\/MFJGAUMF18Academy007.jpg\",\"width\":1024,\"height\":581,\"caption\":\"02 - MFJGAUMF18Academy007\"},{\"@type\":\"BreadcrumbList\",\"@id\":\"https:\\\/\\\/jornaldasoficinas.com\\\/pt\\\/automechanika-frankfurt-vai-ter-espaco-dedicado-a-remanufactura\\\/#breadcrumb\",\"itemListElement\":[{\"@type\":\"ListItem\",\"position\":1,\"name\":\"In\u00edcio\",\"item\":\"https:\\\/\\\/jornaldasoficinas.com\\\/pt\\\/\"},{\"@type\":\"ListItem\",\"position\":2,\"name\":\"Automechanika Frankfurt vai ter espa\u00e7o dedicado \u00e0 remanufatura\"}]},{\"@type\":\"WebSite\",\"@id\":\"https:\\\/\\\/jornaldasoficinas.com\\\/pt\\\/#website\",\"url\":\"https:\\\/\\\/jornaldasoficinas.com\\\/pt\\\/\",\"name\":\"Jornal das Oficinas\",\"description\":\"Jornal independente do Aftermarket Autom\u00f3vel em Portugal\",\"publisher\":{\"@id\":\"https:\\\/\\\/jornaldasoficinas.com\\\/pt\\\/#organization\"},\"potentialAction\":[{\"@type\":\"SearchAction\",\"target\":{\"@type\":\"EntryPoint\",\"urlTemplate\":\"https:\\\/\\\/jornaldasoficinas.com\\\/pt\\\/?s={search_term_string}\"},\"query-input\":{\"@type\":\"PropertyValueSpecification\",\"valueRequired\":true,\"valueName\":\"search_term_string\"}}],\"inLanguage\":\"pt-PT\"},{\"@type\":\"Organization\",\"@id\":\"https:\\\/\\\/jornaldasoficinas.com\\\/pt\\\/#organization\",\"name\":\"Jornal das Oficinas\",\"url\":\"https:\\\/\\\/jornaldasoficinas.com\\\/pt\\\/\",\"logo\":{\"@type\":\"ImageObject\",\"inLanguage\":\"pt-PT\",\"@id\":\"https:\\\/\\\/jornaldasoficinas.com\\\/pt\\\/#\\\/schema\\\/logo\\\/image\\\/\",\"url\":\"https:\\\/\\\/jornaldasoficinas.com\\\/pt\\\/wp-content\\\/uploads\\\/logoJO-SEO.png\",\"contentUrl\":\"https:\\\/\\\/jornaldasoficinas.com\\\/pt\\\/wp-content\\\/uploads\\\/logoJO-SEO.png\",\"width\":285,\"height\":450,\"caption\":\"Jornal das Oficinas\"},\"image\":{\"@id\":\"https:\\\/\\\/jornaldasoficinas.com\\\/pt\\\/#\\\/schema\\\/logo\\\/image\\\/\"},\"sameAs\":[\"https:\\\/\\\/www.facebook.com\\\/jornaloficinas\",\"https:\\\/\\\/x.com\\\/jornaloficinas\",\"https:\\\/\\\/www.instagram.com\\\/jornal_oficinas\\\/\",\"https:\\\/\\\/www.linkedin.com\\\/company\\\/jornal-das-oficinas\\\/\",\"https:\\\/\\\/www.youtube.com\\\/channel\\\/UCbQZBqtcvV-oSQrr7RzINGg\"]},{\"@type\":\"Person\",\"@id\":\"https:\\\/\\\/jornaldasoficinas.com\\\/pt\\\/#\\\/schema\\\/person\\\/a38eef5de2c41d9e7c9ac10141afddf3\",\"name\":\"Reda\u00e7\u00e3o JO\",\"image\":{\"@type\":\"ImageObject\",\"inLanguage\":\"pt-PT\",\"@id\":\"https:\\\/\\\/secure.gravatar.com\\\/avatar\\\/71f2fa71737ad68a84fea94bc708ddac8ea5b0c4788dc2ad202f3ccb2887742f?s=96&d=wp_user_avatar&r=g\",\"url\":\"https:\\\/\\\/secure.gravatar.com\\\/avatar\\\/71f2fa71737ad68a84fea94bc708ddac8ea5b0c4788dc2ad202f3ccb2887742f?s=96&d=wp_user_avatar&r=g\",\"contentUrl\":\"https:\\\/\\\/secure.gravatar.com\\\/avatar\\\/71f2fa71737ad68a84fea94bc708ddac8ea5b0c4788dc2ad202f3ccb2887742f?s=96&d=wp_user_avatar&r=g\",\"caption\":\"Reda\u00e7\u00e3o JO\"},\"url\":\"https:\\\/\\\/jornaldasoficinas.com\\\/pt\\\/author\\\/joredacao\\\/\"}]}<\/script>\n<!-- \/ Yoast SEO plugin. -->","yoast_head_json":{"title":"Automechanika Frankfurt vai ter espa\u00e7o dedicado \u00e0 remanufatura - Jornal das Oficinas","robots":{"index":"index","follow":"follow","max-snippet":"max-snippet:-1","max-image-preview":"max-image-preview:large","max-video-preview":"max-video-preview:-1"},"canonical":"https:\/\/jornaldasoficinas.com\/pt\/automechanika-frankfurt-vai-ter-espaco-dedicado-a-remanufactura\/","og_locale":"pt_PT","og_type":"article","og_title":"Automechanika Frankfurt vai ter espa\u00e7o dedicado \u00e0 remanufatura - Jornal das Oficinas","og_description":"Em colabora\u00e7\u00e3o com a Automotive Parts...","og_url":"https:\/\/jornaldasoficinas.com\/pt\/automechanika-frankfurt-vai-ter-espaco-dedicado-a-remanufactura\/","og_site_name":"Jornal das Oficinas","article_publisher":"https:\/\/www.facebook.com\/jornaloficinas","article_published_time":"2020-02-13T21:46:15+00:00","article_modified_time":"2023-07-19T14:57:49+00:00","og_image":[{"width":1024,"height":581,"url":"https:\/\/jornaldasoficinas.com\/pt\/wp-content\/uploads\/2020\/02\/MFJGAUMF18Academy007.jpg","type":"image\/jpeg"}],"author":"Reda\u00e7\u00e3o JO","twitter_card":"summary_large_image","twitter_creator":"@jornaloficinas","twitter_site":"@jornaloficinas","twitter_misc":{"Escrito por":"Reda\u00e7\u00e3o JO","Tempo estimado de leitura":"2 minutos"},"schema":{"@context":"https:\/\/schema.org","@graph":[{"@type":"Article","@id":"https:\/\/jornaldasoficinas.com\/pt\/automechanika-frankfurt-vai-ter-espaco-dedicado-a-remanufactura\/#article","isPartOf":{"@id":"https:\/\/jornaldasoficinas.com\/pt\/automechanika-frankfurt-vai-ter-espaco-dedicado-a-remanufactura\/"},"author":{"name":"Reda\u00e7\u00e3o JO","@id":"https:\/\/jornaldasoficinas.com\/pt\/#\/schema\/person\/a38eef5de2c41d9e7c9ac10141afddf3"},"headline":"Automechanika Frankfurt vai ter espa\u00e7o dedicado \u00e0 remanufatura","datePublished":"2020-02-13T21:46:15+00:00","dateModified":"2023-07-19T14:57:49+00:00","mainEntityOfPage":{"@id":"https:\/\/jornaldasoficinas.com\/pt\/automechanika-frankfurt-vai-ter-espaco-dedicado-a-remanufactura\/"},"wordCount":401,"publisher":{"@id":"https:\/\/jornaldasoficinas.com\/pt\/#organization"},"image":{"@id":"https:\/\/jornaldasoficinas.com\/pt\/automechanika-frankfurt-vai-ter-espaco-dedicado-a-remanufactura\/#primaryimage"},"thumbnailUrl":"https:\/\/jornaldasoficinas.com\/pt\/wp-content\/uploads\/2020\/02\/MFJGAUMF18Academy007.jpg","keywords":["Automechanika Frankfurt","Automotive Parts Remanufacturers Association","Dia da Remanufactura da Automechanika"],"articleSection":["Empresas"],"inLanguage":"pt-PT"},{"@type":"WebPage","@id":"https:\/\/jornaldasoficinas.com\/pt\/automechanika-frankfurt-vai-ter-espaco-dedicado-a-remanufactura\/","url":"https:\/\/jornaldasoficinas.com\/pt\/automechanika-frankfurt-vai-ter-espaco-dedicado-a-remanufactura\/","name":"Automechanika Frankfurt vai ter espa\u00e7o dedicado \u00e0 remanufatura - Jornal das Oficinas","isPartOf":{"@id":"https:\/\/jornaldasoficinas.com\/pt\/#website"},"primaryImageOfPage":{"@id":"https:\/\/jornaldasoficinas.com\/pt\/automechanika-frankfurt-vai-ter-espaco-dedicado-a-remanufactura\/#primaryimage"},"image":{"@id":"https:\/\/jornaldasoficinas.com\/pt\/automechanika-frankfurt-vai-ter-espaco-dedicado-a-remanufactura\/#primaryimage"},"thumbnailUrl":"https:\/\/jornaldasoficinas.com\/pt\/wp-content\/uploads\/2020\/02\/MFJGAUMF18Academy007.jpg","datePublished":"2020-02-13T21:46:15+00:00","dateModified":"2023-07-19T14:57:49+00:00","breadcrumb":{"@id":"https:\/\/jornaldasoficinas.com\/pt\/automechanika-frankfurt-vai-ter-espaco-dedicado-a-remanufactura\/#breadcrumb"},"inLanguage":"pt-PT","potentialAction":[{"@type":"ReadAction","target":["https:\/\/jornaldasoficinas.com\/pt\/automechanika-frankfurt-vai-ter-espaco-dedicado-a-remanufactura\/"]}]},{"@type":"ImageObject","inLanguage":"pt-PT","@id":"https:\/\/jornaldasoficinas.com\/pt\/automechanika-frankfurt-vai-ter-espaco-dedicado-a-remanufactura\/#primaryimage","url":"https:\/\/jornaldasoficinas.com\/pt\/wp-content\/uploads\/2020\/02\/MFJGAUMF18Academy007.jpg","contentUrl":"https:\/\/jornaldasoficinas.com\/pt\/wp-content\/uploads\/2020\/02\/MFJGAUMF18Academy007.jpg","width":1024,"height":581,"caption":"02 - MFJGAUMF18Academy007"},{"@type":"BreadcrumbList","@id":"https:\/\/jornaldasoficinas.com\/pt\/automechanika-frankfurt-vai-ter-espaco-dedicado-a-remanufactura\/#breadcrumb","itemListElement":[{"@type":"ListItem","position":1,"name":"In\u00edcio","item":"https:\/\/jornaldasoficinas.com\/pt\/"},{"@type":"ListItem","position":2,"name":"Automechanika Frankfurt vai ter espa\u00e7o dedicado \u00e0 remanufatura"}]},{"@type":"WebSite","@id":"https:\/\/jornaldasoficinas.com\/pt\/#website","url":"https:\/\/jornaldasoficinas.com\/pt\/","name":"Jornal das Oficinas","description":"Jornal independente do Aftermarket Autom\u00f3vel em Portugal","publisher":{"@id":"https:\/\/jornaldasoficinas.com\/pt\/#organization"},"potentialAction":[{"@type":"SearchAction","target":{"@type":"EntryPoint","urlTemplate":"https:\/\/jornaldasoficinas.com\/pt\/?s={search_term_string}"},"query-input":{"@type":"PropertyValueSpecification","valueRequired":true,"valueName":"search_term_string"}}],"inLanguage":"pt-PT"},{"@type":"Organization","@id":"https:\/\/jornaldasoficinas.com\/pt\/#organization","name":"Jornal das Oficinas","url":"https:\/\/jornaldasoficinas.com\/pt\/","logo":{"@type":"ImageObject","inLanguage":"pt-PT","@id":"https:\/\/jornaldasoficinas.com\/pt\/#\/schema\/logo\/image\/","url":"https:\/\/jornaldasoficinas.com\/pt\/wp-content\/uploads\/logoJO-SEO.png","contentUrl":"https:\/\/jornaldasoficinas.com\/pt\/wp-content\/uploads\/logoJO-SEO.png","width":285,"height":450,"caption":"Jornal das Oficinas"},"image":{"@id":"https:\/\/jornaldasoficinas.com\/pt\/#\/schema\/logo\/image\/"},"sameAs":["https:\/\/www.facebook.com\/jornaloficinas","https:\/\/x.com\/jornaloficinas","https:\/\/www.instagram.com\/jornal_oficinas\/","https:\/\/www.linkedin.com\/company\/jornal-das-oficinas\/","https:\/\/www.youtube.com\/channel\/UCbQZBqtcvV-oSQrr7RzINGg"]},{"@type":"Person","@id":"https:\/\/jornaldasoficinas.com\/pt\/#\/schema\/person\/a38eef5de2c41d9e7c9ac10141afddf3","name":"Reda\u00e7\u00e3o JO","image":{"@type":"ImageObject","inLanguage":"pt-PT","@id":"https:\/\/secure.gravatar.com\/avatar\/71f2fa71737ad68a84fea94bc708ddac8ea5b0c4788dc2ad202f3ccb2887742f?s=96&d=wp_user_avatar&r=g","url":"https:\/\/secure.gravatar.com\/avatar\/71f2fa71737ad68a84fea94bc708ddac8ea5b0c4788dc2ad202f3ccb2887742f?s=96&d=wp_user_avatar&r=g","contentUrl":"https:\/\/secure.gravatar.com\/avatar\/71f2fa71737ad68a84fea94bc708ddac8ea5b0c4788dc2ad202f3ccb2887742f?s=96&d=wp_user_avatar&r=g","caption":"Reda\u00e7\u00e3o JO"},"url":"https:\/\/jornaldasoficinas.com\/pt\/author\/joredacao\/"}]}},"_links":{"self":[{"href":"https:\/\/jornaldasoficinas.com\/pt\/wp-json\/wp\/v2\/posts\/9750","targetHints":{"allow":["GET"]}}],"collection":[{"href":"https:\/\/jornaldasoficinas.com\/pt\/wp-json\/wp\/v2\/posts"}],"about":[{"href":"https:\/\/jornaldasoficinas.com\/pt\/wp-json\/wp\/v2\/types\/post"}],"author":[{"embeddable":true,"href":"https:\/\/jornaldasoficinas.com\/pt\/wp-json\/wp\/v2\/users\/15"}],"replies":[{"embeddable":true,"href":"https:\/\/jornaldasoficinas.com\/pt\/wp-json\/wp\/v2\/comments?post=9750"}],"version-history":[{"count":0,"href":"https:\/\/jornaldasoficinas.com\/pt\/wp-json\/wp\/v2\/posts\/9750\/revisions"}],"wp:featuredmedia":[{"embeddable":true,"href":"https:\/\/jornaldasoficinas.com\/pt\/wp-json\/wp\/v2\/media\/9748"}],"wp:attachment":[{"href":"https:\/\/jornaldasoficinas.com\/pt\/wp-json\/wp\/v2\/media?parent=9750"}],"wp:term":[{"taxonomy":"category","embeddable":true,"href":"https:\/\/jornaldasoficinas.com\/pt\/wp-json\/wp\/v2\/categories?post=9750"},{"taxonomy":"post_tag","embeddable":true,"href":"https:\/\/jornaldasoficinas.com\/pt\/wp-json\/wp\/v2\/tags?post=9750"}],"curies":[{"name":"wp","href":"https:\/\/api.w.org\/{rel}","templated":true}]}}