{"id":98006,"date":"2025-02-17T18:00:27","date_gmt":"2025-02-17T18:00:27","guid":{"rendered":"https:\/\/jornaldasoficinas.com\/pt\/?p=98006"},"modified":"2025-02-17T17:08:05","modified_gmt":"2025-02-17T17:08:05","slug":"importhub-chegou-para-descomplicar-a-importacao-automovel","status":"publish","type":"post","link":"https:\/\/jornaldasoficinas.com\/pt\/importhub-chegou-para-descomplicar-a-importacao-automovel\/","title":{"rendered":"ImportHub chegou para \u201cdescomplicar\u201d a importa\u00e7\u00e3o autom\u00f3vel"},"content":{"rendered":"<p><strong><img loading=\"lazy\" decoding=\"async\" class=\"alignnone size-full wp-image-98011\" src=\"https:\/\/jornaldasoficinas.com\/pt\/wp-content\/uploads\/2025\/02\/ImportHub-chegou-para-descomplicar-a-importacao-automovel.png\" alt=\"02 - ImportHub chegou para descomplicar a importacao automovel\" width=\"1024\" height=\"581\" srcset=\"https:\/\/jornaldasoficinas.com\/pt\/wp-content\/uploads\/2025\/02\/ImportHub-chegou-para-descomplicar-a-importacao-automovel.png 1024w, https:\/\/jornaldasoficinas.com\/pt\/wp-content\/uploads\/2025\/02\/ImportHub-chegou-para-descomplicar-a-importacao-automovel-300x170.png 300w, https:\/\/jornaldasoficinas.com\/pt\/wp-content\/uploads\/2025\/02\/ImportHub-chegou-para-descomplicar-a-importacao-automovel-150x85.png 150w, https:\/\/jornaldasoficinas.com\/pt\/wp-content\/uploads\/2025\/02\/ImportHub-chegou-para-descomplicar-a-importacao-automovel-768x436.png 768w\" sizes=\"auto, (max-width: 1024px) 100vw, 1024px\" \/><\/strong><\/p>\n<p><strong>A <a href=\"https:\/\/importhub.pt\/\" target=\"_blank\" rel=\"noopener\">ImportHub<\/a> entrou no mercado portugu\u00eas num momento de grande transforma\u00e7\u00e3o no setor autom\u00f3vel, impulsionado pelo crescimento da importa\u00e7\u00e3o de ve\u00edculos novos e usados e pela recente altera\u00e7\u00e3o do Imposto Sobre Ve\u00edculos (ISV), que torna a importa\u00e7\u00e3o mais acess\u00edvel<\/strong><\/p>\n<p>A ImportHub chegou ao mercado portugu\u00eas para &#8220;descomplicar&#8221; o processo de importa\u00e7\u00e3o, atrav\u00e9s de solu\u00e7\u00f5es tanto para empresas como para particulares, com uma proposta que alia inova\u00e7\u00e3o digital a atendimento presencial, atendendo \u00e0s necessidades de um mercado em transforma\u00e7\u00e3o.<\/p>\n<p>A ideia para a cria\u00e7\u00e3o da ImportHub nasceu da vis\u00e3o conjunta de Jos\u00e9 Branquinho da Fonseca e Rodrigo Herrero, que com forma\u00e7\u00e3o em direito e gest\u00e3o de empresas, respetivamente, e experi\u00eancia em consultoria multinacional, identificaram uma oportunidade num mercado com elevado potencial de crescimento.<\/p>\n<p>Conscientes dos desafios econ\u00f3micos atuais, como a press\u00e3o da infla\u00e7\u00e3o e o aumento dos custos de produ\u00e7\u00e3o, os fundadores acreditam que a importa\u00e7\u00e3o de autom\u00f3veis pode ser uma solu\u00e7\u00e3o eficaz para ajudar fam\u00edlias e empresas a superar essas dificuldades, proporcionando maior diversidade de op\u00e7\u00f5es.<\/p>\n<p>Para os fundadores, a importa\u00e7\u00e3o de ve\u00edculos n\u00e3o \u00e9 um processo complexo ou burocr\u00e1tico, mas sim uma forma simples e mais econ\u00f3mica de comprar um carro. &#8221; O nosso objetivo \u00e9 descomplicar. O processo de importa\u00e7\u00e3o \u00e9 igual ao de comprar qualquer outro carro, apenas de uma forma mais acess\u00edvel&#8221;, afirmaram os s\u00f3cios da ImportHub.<\/p>\n<p>Num contexto em que o mercado autom\u00f3vel enfrenta desafios significativos, como o aumento dos pre\u00e7os, os atrasos na entrega de ve\u00edculos novos e a infla\u00e7\u00e3o dos custos de produ\u00e7\u00e3o, a importa\u00e7\u00e3o de autom\u00f3veis surge como uma solu\u00e7\u00e3o pr\u00e1tica e econ\u00f3mica. Em 2024, mais de 106 mil ve\u00edculos foram importados para Portugal, uma tend\u00eancia crescente que demonstra o interesse dos consumidores por alternativas que ofere\u00e7am mais variedade, melhores condi\u00e7\u00f5es e pre\u00e7os competitivos. Por outro lado, a recente altera\u00e7\u00e3o no Imposto Sobre Ve\u00edculos (ISV) tamb\u00e9m torna este processo ainda mais acess\u00edvel.<\/p>\n<p>A ImportHub diferencia-se ao adoptar um modelo de neg\u00f3cio focado exclusivamente no servi\u00e7o prestado, garantindo que a poupan\u00e7a gerada pela importa\u00e7\u00e3o \u00e9 totalmente revertida para os clientes. &#8220;O nosso compromisso \u00e9 simplificar e facilitar o processo de importa\u00e7\u00e3o, sem lucrar com as vantagens econ\u00f3micas que os clientes obt\u00eam&#8221;, refor\u00e7ou Jos\u00e9 Branquinho da Fonseca, s\u00f3cio da ImportHub.<\/p>\n<p>Rodrigo Herrero, cofundador da empresa, salientou que a proximidade com o cliente \u00e9 uma das grandes prioridades: &#8220;Acreditamos que a confian\u00e7a \u00e9 essencial neste mercado. Por isso, embora o processo possa ser totalmente digital, disponibilizamos um espa\u00e7o f\u00edsico para receber e acompanhar os clientes que prefiram um contacto presencia&#8221;.<\/p>\n<p>A ImportHub garante total transpar\u00eancia em cada etapa do processo, desde a escolha do ve\u00edculo at\u00e9 \u00e0 entrega em Portugal, num prazo m\u00e9dio de 30 dias. Relat\u00f3rios detalhados sobre quilometragem, hist\u00f3rico de sinistros e propriedade s\u00e3o fornecidos antes da compra, garantindo seguran\u00e7a e tranquilidade aos clientes.<\/p>\n<p>Com acesso ao vasto mercado europeu, que oferece cerca de 2 milh\u00f5es de op\u00e7\u00f5es de ve\u00edculos, a empresa posiciona-se como uma solu\u00e7\u00e3o eficiente, diversificada e com pre\u00e7os competitivos. Este modelo de atua\u00e7\u00e3o visa responder \u00e0s crescentes necessidades de empresas e fam\u00edlias portuguesas, adaptando-se \u00e0s exig\u00eancias de um setor em transforma\u00e7\u00e3o.<\/p>\n","protected":false},"excerpt":{"rendered":"<p>A ImportHub entrou no mercado portugu\u00eas&#8230;<\/p>\n","protected":false},"author":15,"featured_media":98011,"comment_status":"closed","ping_status":"closed","sticky":false,"template":"","format":"standard","meta":{"footnotes":""},"categories":[29],"tags":[4208,11979,1037,3082,1497,2039,1568],"class_list":["post-98006","post","type-post","status-publish","format-standard","has-post-thumbnail","hentry","category-empresas","tag-importacao","tag-importhub","tag-imposto-sobre-veiculos","tag-mercado-portugues","tag-setor-automovel","tag-veiculos-novos","tag-veiculos-usados"],"yoast_head":"<!-- This site is optimized with the Yoast SEO plugin v27.4 - https:\/\/yoast.com\/product\/yoast-seo-wordpress\/ -->\n<title>ImportHub chegou para \u201cdescomplicar\u201d a importa\u00e7\u00e3o autom\u00f3vel - Jornal das Oficinas<\/title>\n<meta name=\"description\" content=\"A ImportHub entrou no mercado portugu\u00eas num momento de grande transforma\u00e7\u00e3o no setor autom\u00f3vel, impulsionado pelo crescimento da importa\u00e7\u00e3o\" \/>\n<meta name=\"robots\" content=\"index, follow, max-snippet:-1, max-image-preview:large, max-video-preview:-1\" \/>\n<link rel=\"canonical\" href=\"https:\/\/jornaldasoficinas.com\/pt\/importhub-chegou-para-descomplicar-a-importacao-automovel\/\" \/>\n<meta property=\"og:locale\" content=\"pt_PT\" \/>\n<meta property=\"og:type\" content=\"article\" \/>\n<meta property=\"og:title\" content=\"ImportHub chegou para \u201cdescomplicar\u201d a importa\u00e7\u00e3o autom\u00f3vel - Jornal das Oficinas\" \/>\n<meta property=\"og:description\" content=\"A ImportHub entrou no mercado portugu\u00eas num momento de grande transforma\u00e7\u00e3o no setor autom\u00f3vel, impulsionado pelo crescimento da importa\u00e7\u00e3o\" \/>\n<meta property=\"og:url\" content=\"https:\/\/jornaldasoficinas.com\/pt\/importhub-chegou-para-descomplicar-a-importacao-automovel\/\" \/>\n<meta property=\"og:site_name\" content=\"Jornal das Oficinas\" \/>\n<meta property=\"article:publisher\" content=\"https:\/\/www.facebook.com\/jornaloficinas\" \/>\n<meta property=\"article:published_time\" content=\"2025-02-17T18:00:27+00:00\" \/>\n<meta property=\"og:image\" content=\"https:\/\/jornaldasoficinas.com\/pt\/wp-content\/uploads\/2025\/02\/ImportHub-chegou-para-descomplicar-a-importacao-automovel.png\" \/>\n\t<meta property=\"og:image:width\" content=\"1024\" \/>\n\t<meta property=\"og:image:height\" content=\"581\" \/>\n\t<meta property=\"og:image:type\" content=\"image\/png\" \/>\n<meta name=\"author\" content=\"Reda\u00e7\u00e3o JO\" \/>\n<meta name=\"twitter:card\" content=\"summary_large_image\" \/>\n<meta name=\"twitter:creator\" content=\"@jornaloficinas\" \/>\n<meta name=\"twitter:site\" content=\"@jornaloficinas\" \/>\n<meta name=\"twitter:label1\" content=\"Escrito por\" \/>\n\t<meta name=\"twitter:data1\" content=\"Reda\u00e7\u00e3o JO\" \/>\n\t<meta name=\"twitter:label2\" content=\"Tempo estimado de leitura\" \/>\n\t<meta name=\"twitter:data2\" content=\"4 minutos\" \/>\n<script type=\"application\/ld+json\" class=\"yoast-schema-graph\">{\"@context\":\"https:\\\/\\\/schema.org\",\"@graph\":[{\"@type\":\"Article\",\"@id\":\"https:\\\/\\\/jornaldasoficinas.com\\\/pt\\\/importhub-chegou-para-descomplicar-a-importacao-automovel\\\/#article\",\"isPartOf\":{\"@id\":\"https:\\\/\\\/jornaldasoficinas.com\\\/pt\\\/importhub-chegou-para-descomplicar-a-importacao-automovel\\\/\"},\"author\":{\"name\":\"Reda\u00e7\u00e3o JO\",\"@id\":\"https:\\\/\\\/jornaldasoficinas.com\\\/pt\\\/#\\\/schema\\\/person\\\/a38eef5de2c41d9e7c9ac10141afddf3\"},\"headline\":\"ImportHub chegou para \u201cdescomplicar\u201d a importa\u00e7\u00e3o autom\u00f3vel\",\"datePublished\":\"2025-02-17T18:00:27+00:00\",\"mainEntityOfPage\":{\"@id\":\"https:\\\/\\\/jornaldasoficinas.com\\\/pt\\\/importhub-chegou-para-descomplicar-a-importacao-automovel\\\/\"},\"wordCount\":591,\"publisher\":{\"@id\":\"https:\\\/\\\/jornaldasoficinas.com\\\/pt\\\/#organization\"},\"image\":{\"@id\":\"https:\\\/\\\/jornaldasoficinas.com\\\/pt\\\/importhub-chegou-para-descomplicar-a-importacao-automovel\\\/#primaryimage\"},\"thumbnailUrl\":\"https:\\\/\\\/jornaldasoficinas.com\\\/pt\\\/wp-content\\\/uploads\\\/2025\\\/02\\\/ImportHub-chegou-para-descomplicar-a-importacao-automovel.png\",\"keywords\":[\"Importa\u00e7\u00e3o\",\"ImportHub\",\"Imposto Sobre Ve\u00edculos\",\"Mercado Portugu\u00eas\",\"Setor Autom\u00f3vel\",\"Ve\u00edculos novos\",\"Ve\u00edculos usados\"],\"articleSection\":[\"Empresas\"],\"inLanguage\":\"pt-PT\"},{\"@type\":\"WebPage\",\"@id\":\"https:\\\/\\\/jornaldasoficinas.com\\\/pt\\\/importhub-chegou-para-descomplicar-a-importacao-automovel\\\/\",\"url\":\"https:\\\/\\\/jornaldasoficinas.com\\\/pt\\\/importhub-chegou-para-descomplicar-a-importacao-automovel\\\/\",\"name\":\"ImportHub chegou para \u201cdescomplicar\u201d a importa\u00e7\u00e3o autom\u00f3vel - Jornal das Oficinas\",\"isPartOf\":{\"@id\":\"https:\\\/\\\/jornaldasoficinas.com\\\/pt\\\/#website\"},\"primaryImageOfPage\":{\"@id\":\"https:\\\/\\\/jornaldasoficinas.com\\\/pt\\\/importhub-chegou-para-descomplicar-a-importacao-automovel\\\/#primaryimage\"},\"image\":{\"@id\":\"https:\\\/\\\/jornaldasoficinas.com\\\/pt\\\/importhub-chegou-para-descomplicar-a-importacao-automovel\\\/#primaryimage\"},\"thumbnailUrl\":\"https:\\\/\\\/jornaldasoficinas.com\\\/pt\\\/wp-content\\\/uploads\\\/2025\\\/02\\\/ImportHub-chegou-para-descomplicar-a-importacao-automovel.png\",\"datePublished\":\"2025-02-17T18:00:27+00:00\",\"description\":\"A ImportHub entrou no mercado portugu\u00eas num momento de grande transforma\u00e7\u00e3o no setor autom\u00f3vel, impulsionado pelo crescimento da importa\u00e7\u00e3o\",\"breadcrumb\":{\"@id\":\"https:\\\/\\\/jornaldasoficinas.com\\\/pt\\\/importhub-chegou-para-descomplicar-a-importacao-automovel\\\/#breadcrumb\"},\"inLanguage\":\"pt-PT\",\"potentialAction\":[{\"@type\":\"ReadAction\",\"target\":[\"https:\\\/\\\/jornaldasoficinas.com\\\/pt\\\/importhub-chegou-para-descomplicar-a-importacao-automovel\\\/\"]}]},{\"@type\":\"ImageObject\",\"inLanguage\":\"pt-PT\",\"@id\":\"https:\\\/\\\/jornaldasoficinas.com\\\/pt\\\/importhub-chegou-para-descomplicar-a-importacao-automovel\\\/#primaryimage\",\"url\":\"https:\\\/\\\/jornaldasoficinas.com\\\/pt\\\/wp-content\\\/uploads\\\/2025\\\/02\\\/ImportHub-chegou-para-descomplicar-a-importacao-automovel.png\",\"contentUrl\":\"https:\\\/\\\/jornaldasoficinas.com\\\/pt\\\/wp-content\\\/uploads\\\/2025\\\/02\\\/ImportHub-chegou-para-descomplicar-a-importacao-automovel.png\",\"width\":1024,\"height\":581,\"caption\":\"02 - ImportHub chegou para descomplicar a importacao automovel\"},{\"@type\":\"BreadcrumbList\",\"@id\":\"https:\\\/\\\/jornaldasoficinas.com\\\/pt\\\/importhub-chegou-para-descomplicar-a-importacao-automovel\\\/#breadcrumb\",\"itemListElement\":[{\"@type\":\"ListItem\",\"position\":1,\"name\":\"In\u00edcio\",\"item\":\"https:\\\/\\\/jornaldasoficinas.com\\\/pt\\\/\"},{\"@type\":\"ListItem\",\"position\":2,\"name\":\"ImportHub chegou para \u201cdescomplicar\u201d a importa\u00e7\u00e3o autom\u00f3vel\"}]},{\"@type\":\"WebSite\",\"@id\":\"https:\\\/\\\/jornaldasoficinas.com\\\/pt\\\/#website\",\"url\":\"https:\\\/\\\/jornaldasoficinas.com\\\/pt\\\/\",\"name\":\"Jornal das Oficinas\",\"description\":\"Jornal independente do Aftermarket Autom\u00f3vel em Portugal\",\"publisher\":{\"@id\":\"https:\\\/\\\/jornaldasoficinas.com\\\/pt\\\/#organization\"},\"potentialAction\":[{\"@type\":\"SearchAction\",\"target\":{\"@type\":\"EntryPoint\",\"urlTemplate\":\"https:\\\/\\\/jornaldasoficinas.com\\\/pt\\\/?s={search_term_string}\"},\"query-input\":{\"@type\":\"PropertyValueSpecification\",\"valueRequired\":true,\"valueName\":\"search_term_string\"}}],\"inLanguage\":\"pt-PT\"},{\"@type\":\"Organization\",\"@id\":\"https:\\\/\\\/jornaldasoficinas.com\\\/pt\\\/#organization\",\"name\":\"Jornal das Oficinas\",\"url\":\"https:\\\/\\\/jornaldasoficinas.com\\\/pt\\\/\",\"logo\":{\"@type\":\"ImageObject\",\"inLanguage\":\"pt-PT\",\"@id\":\"https:\\\/\\\/jornaldasoficinas.com\\\/pt\\\/#\\\/schema\\\/logo\\\/image\\\/\",\"url\":\"https:\\\/\\\/jornaldasoficinas.com\\\/pt\\\/wp-content\\\/uploads\\\/logoJO-SEO.png\",\"contentUrl\":\"https:\\\/\\\/jornaldasoficinas.com\\\/pt\\\/wp-content\\\/uploads\\\/logoJO-SEO.png\",\"width\":285,\"height\":450,\"caption\":\"Jornal das Oficinas\"},\"image\":{\"@id\":\"https:\\\/\\\/jornaldasoficinas.com\\\/pt\\\/#\\\/schema\\\/logo\\\/image\\\/\"},\"sameAs\":[\"https:\\\/\\\/www.facebook.com\\\/jornaloficinas\",\"https:\\\/\\\/x.com\\\/jornaloficinas\",\"https:\\\/\\\/www.instagram.com\\\/jornal_oficinas\\\/\",\"https:\\\/\\\/www.linkedin.com\\\/company\\\/jornal-das-oficinas\\\/\",\"https:\\\/\\\/www.youtube.com\\\/channel\\\/UCbQZBqtcvV-oSQrr7RzINGg\"]},{\"@type\":\"Person\",\"@id\":\"https:\\\/\\\/jornaldasoficinas.com\\\/pt\\\/#\\\/schema\\\/person\\\/a38eef5de2c41d9e7c9ac10141afddf3\",\"name\":\"Reda\u00e7\u00e3o JO\",\"image\":{\"@type\":\"ImageObject\",\"inLanguage\":\"pt-PT\",\"@id\":\"https:\\\/\\\/secure.gravatar.com\\\/avatar\\\/71f2fa71737ad68a84fea94bc708ddac8ea5b0c4788dc2ad202f3ccb2887742f?s=96&d=wp_user_avatar&r=g\",\"url\":\"https:\\\/\\\/secure.gravatar.com\\\/avatar\\\/71f2fa71737ad68a84fea94bc708ddac8ea5b0c4788dc2ad202f3ccb2887742f?s=96&d=wp_user_avatar&r=g\",\"contentUrl\":\"https:\\\/\\\/secure.gravatar.com\\\/avatar\\\/71f2fa71737ad68a84fea94bc708ddac8ea5b0c4788dc2ad202f3ccb2887742f?s=96&d=wp_user_avatar&r=g\",\"caption\":\"Reda\u00e7\u00e3o JO\"},\"url\":\"https:\\\/\\\/jornaldasoficinas.com\\\/pt\\\/author\\\/joredacao\\\/\"}]}<\/script>\n<!-- \/ Yoast SEO plugin. -->","yoast_head_json":{"title":"ImportHub chegou para \u201cdescomplicar\u201d a importa\u00e7\u00e3o autom\u00f3vel - Jornal das Oficinas","description":"A ImportHub entrou no mercado portugu\u00eas num momento de grande transforma\u00e7\u00e3o no setor autom\u00f3vel, impulsionado pelo crescimento da importa\u00e7\u00e3o","robots":{"index":"index","follow":"follow","max-snippet":"max-snippet:-1","max-image-preview":"max-image-preview:large","max-video-preview":"max-video-preview:-1"},"canonical":"https:\/\/jornaldasoficinas.com\/pt\/importhub-chegou-para-descomplicar-a-importacao-automovel\/","og_locale":"pt_PT","og_type":"article","og_title":"ImportHub chegou para \u201cdescomplicar\u201d a importa\u00e7\u00e3o autom\u00f3vel - Jornal das Oficinas","og_description":"A ImportHub entrou no mercado portugu\u00eas num momento de grande transforma\u00e7\u00e3o no setor autom\u00f3vel, impulsionado pelo crescimento da importa\u00e7\u00e3o","og_url":"https:\/\/jornaldasoficinas.com\/pt\/importhub-chegou-para-descomplicar-a-importacao-automovel\/","og_site_name":"Jornal das Oficinas","article_publisher":"https:\/\/www.facebook.com\/jornaloficinas","article_published_time":"2025-02-17T18:00:27+00:00","og_image":[{"width":1024,"height":581,"url":"https:\/\/jornaldasoficinas.com\/pt\/wp-content\/uploads\/2025\/02\/ImportHub-chegou-para-descomplicar-a-importacao-automovel.png","type":"image\/png"}],"author":"Reda\u00e7\u00e3o JO","twitter_card":"summary_large_image","twitter_creator":"@jornaloficinas","twitter_site":"@jornaloficinas","twitter_misc":{"Escrito por":"Reda\u00e7\u00e3o JO","Tempo estimado de leitura":"4 minutos"},"schema":{"@context":"https:\/\/schema.org","@graph":[{"@type":"Article","@id":"https:\/\/jornaldasoficinas.com\/pt\/importhub-chegou-para-descomplicar-a-importacao-automovel\/#article","isPartOf":{"@id":"https:\/\/jornaldasoficinas.com\/pt\/importhub-chegou-para-descomplicar-a-importacao-automovel\/"},"author":{"name":"Reda\u00e7\u00e3o JO","@id":"https:\/\/jornaldasoficinas.com\/pt\/#\/schema\/person\/a38eef5de2c41d9e7c9ac10141afddf3"},"headline":"ImportHub chegou para \u201cdescomplicar\u201d a importa\u00e7\u00e3o autom\u00f3vel","datePublished":"2025-02-17T18:00:27+00:00","mainEntityOfPage":{"@id":"https:\/\/jornaldasoficinas.com\/pt\/importhub-chegou-para-descomplicar-a-importacao-automovel\/"},"wordCount":591,"publisher":{"@id":"https:\/\/jornaldasoficinas.com\/pt\/#organization"},"image":{"@id":"https:\/\/jornaldasoficinas.com\/pt\/importhub-chegou-para-descomplicar-a-importacao-automovel\/#primaryimage"},"thumbnailUrl":"https:\/\/jornaldasoficinas.com\/pt\/wp-content\/uploads\/2025\/02\/ImportHub-chegou-para-descomplicar-a-importacao-automovel.png","keywords":["Importa\u00e7\u00e3o","ImportHub","Imposto Sobre Ve\u00edculos","Mercado Portugu\u00eas","Setor Autom\u00f3vel","Ve\u00edculos novos","Ve\u00edculos usados"],"articleSection":["Empresas"],"inLanguage":"pt-PT"},{"@type":"WebPage","@id":"https:\/\/jornaldasoficinas.com\/pt\/importhub-chegou-para-descomplicar-a-importacao-automovel\/","url":"https:\/\/jornaldasoficinas.com\/pt\/importhub-chegou-para-descomplicar-a-importacao-automovel\/","name":"ImportHub chegou para \u201cdescomplicar\u201d a importa\u00e7\u00e3o autom\u00f3vel - Jornal das Oficinas","isPartOf":{"@id":"https:\/\/jornaldasoficinas.com\/pt\/#website"},"primaryImageOfPage":{"@id":"https:\/\/jornaldasoficinas.com\/pt\/importhub-chegou-para-descomplicar-a-importacao-automovel\/#primaryimage"},"image":{"@id":"https:\/\/jornaldasoficinas.com\/pt\/importhub-chegou-para-descomplicar-a-importacao-automovel\/#primaryimage"},"thumbnailUrl":"https:\/\/jornaldasoficinas.com\/pt\/wp-content\/uploads\/2025\/02\/ImportHub-chegou-para-descomplicar-a-importacao-automovel.png","datePublished":"2025-02-17T18:00:27+00:00","description":"A ImportHub entrou no mercado portugu\u00eas num momento de grande transforma\u00e7\u00e3o no setor autom\u00f3vel, impulsionado pelo crescimento da importa\u00e7\u00e3o","breadcrumb":{"@id":"https:\/\/jornaldasoficinas.com\/pt\/importhub-chegou-para-descomplicar-a-importacao-automovel\/#breadcrumb"},"inLanguage":"pt-PT","potentialAction":[{"@type":"ReadAction","target":["https:\/\/jornaldasoficinas.com\/pt\/importhub-chegou-para-descomplicar-a-importacao-automovel\/"]}]},{"@type":"ImageObject","inLanguage":"pt-PT","@id":"https:\/\/jornaldasoficinas.com\/pt\/importhub-chegou-para-descomplicar-a-importacao-automovel\/#primaryimage","url":"https:\/\/jornaldasoficinas.com\/pt\/wp-content\/uploads\/2025\/02\/ImportHub-chegou-para-descomplicar-a-importacao-automovel.png","contentUrl":"https:\/\/jornaldasoficinas.com\/pt\/wp-content\/uploads\/2025\/02\/ImportHub-chegou-para-descomplicar-a-importacao-automovel.png","width":1024,"height":581,"caption":"02 - ImportHub chegou para descomplicar a importacao automovel"},{"@type":"BreadcrumbList","@id":"https:\/\/jornaldasoficinas.com\/pt\/importhub-chegou-para-descomplicar-a-importacao-automovel\/#breadcrumb","itemListElement":[{"@type":"ListItem","position":1,"name":"In\u00edcio","item":"https:\/\/jornaldasoficinas.com\/pt\/"},{"@type":"ListItem","position":2,"name":"ImportHub chegou para \u201cdescomplicar\u201d a importa\u00e7\u00e3o autom\u00f3vel"}]},{"@type":"WebSite","@id":"https:\/\/jornaldasoficinas.com\/pt\/#website","url":"https:\/\/jornaldasoficinas.com\/pt\/","name":"Jornal das Oficinas","description":"Jornal independente do Aftermarket Autom\u00f3vel em Portugal","publisher":{"@id":"https:\/\/jornaldasoficinas.com\/pt\/#organization"},"potentialAction":[{"@type":"SearchAction","target":{"@type":"EntryPoint","urlTemplate":"https:\/\/jornaldasoficinas.com\/pt\/?s={search_term_string}"},"query-input":{"@type":"PropertyValueSpecification","valueRequired":true,"valueName":"search_term_string"}}],"inLanguage":"pt-PT"},{"@type":"Organization","@id":"https:\/\/jornaldasoficinas.com\/pt\/#organization","name":"Jornal das Oficinas","url":"https:\/\/jornaldasoficinas.com\/pt\/","logo":{"@type":"ImageObject","inLanguage":"pt-PT","@id":"https:\/\/jornaldasoficinas.com\/pt\/#\/schema\/logo\/image\/","url":"https:\/\/jornaldasoficinas.com\/pt\/wp-content\/uploads\/logoJO-SEO.png","contentUrl":"https:\/\/jornaldasoficinas.com\/pt\/wp-content\/uploads\/logoJO-SEO.png","width":285,"height":450,"caption":"Jornal das Oficinas"},"image":{"@id":"https:\/\/jornaldasoficinas.com\/pt\/#\/schema\/logo\/image\/"},"sameAs":["https:\/\/www.facebook.com\/jornaloficinas","https:\/\/x.com\/jornaloficinas","https:\/\/www.instagram.com\/jornal_oficinas\/","https:\/\/www.linkedin.com\/company\/jornal-das-oficinas\/","https:\/\/www.youtube.com\/channel\/UCbQZBqtcvV-oSQrr7RzINGg"]},{"@type":"Person","@id":"https:\/\/jornaldasoficinas.com\/pt\/#\/schema\/person\/a38eef5de2c41d9e7c9ac10141afddf3","name":"Reda\u00e7\u00e3o JO","image":{"@type":"ImageObject","inLanguage":"pt-PT","@id":"https:\/\/secure.gravatar.com\/avatar\/71f2fa71737ad68a84fea94bc708ddac8ea5b0c4788dc2ad202f3ccb2887742f?s=96&d=wp_user_avatar&r=g","url":"https:\/\/secure.gravatar.com\/avatar\/71f2fa71737ad68a84fea94bc708ddac8ea5b0c4788dc2ad202f3ccb2887742f?s=96&d=wp_user_avatar&r=g","contentUrl":"https:\/\/secure.gravatar.com\/avatar\/71f2fa71737ad68a84fea94bc708ddac8ea5b0c4788dc2ad202f3ccb2887742f?s=96&d=wp_user_avatar&r=g","caption":"Reda\u00e7\u00e3o JO"},"url":"https:\/\/jornaldasoficinas.com\/pt\/author\/joredacao\/"}]}},"_links":{"self":[{"href":"https:\/\/jornaldasoficinas.com\/pt\/wp-json\/wp\/v2\/posts\/98006","targetHints":{"allow":["GET"]}}],"collection":[{"href":"https:\/\/jornaldasoficinas.com\/pt\/wp-json\/wp\/v2\/posts"}],"about":[{"href":"https:\/\/jornaldasoficinas.com\/pt\/wp-json\/wp\/v2\/types\/post"}],"author":[{"embeddable":true,"href":"https:\/\/jornaldasoficinas.com\/pt\/wp-json\/wp\/v2\/users\/15"}],"replies":[{"embeddable":true,"href":"https:\/\/jornaldasoficinas.com\/pt\/wp-json\/wp\/v2\/comments?post=98006"}],"version-history":[{"count":5,"href":"https:\/\/jornaldasoficinas.com\/pt\/wp-json\/wp\/v2\/posts\/98006\/revisions"}],"predecessor-version":[{"id":98012,"href":"https:\/\/jornaldasoficinas.com\/pt\/wp-json\/wp\/v2\/posts\/98006\/revisions\/98012"}],"wp:featuredmedia":[{"embeddable":true,"href":"https:\/\/jornaldasoficinas.com\/pt\/wp-json\/wp\/v2\/media\/98011"}],"wp:attachment":[{"href":"https:\/\/jornaldasoficinas.com\/pt\/wp-json\/wp\/v2\/media?parent=98006"}],"wp:term":[{"taxonomy":"category","embeddable":true,"href":"https:\/\/jornaldasoficinas.com\/pt\/wp-json\/wp\/v2\/categories?post=98006"},{"taxonomy":"post_tag","embeddable":true,"href":"https:\/\/jornaldasoficinas.com\/pt\/wp-json\/wp\/v2\/tags?post=98006"}],"curies":[{"name":"wp","href":"https:\/\/api.w.org\/{rel}","templated":true}]}}