{"id":98161,"date":"2025-02-25T08:00:08","date_gmt":"2025-02-25T08:00:08","guid":{"rendered":"https:\/\/jornaldasoficinas.com\/pt\/?p=98161"},"modified":"2025-02-20T17:45:18","modified_gmt":"2025-02-20T17:45:18","slug":"axalta-adquire-tres-distribuidoras-na-europa","status":"publish","type":"post","link":"https:\/\/jornaldasoficinas.com\/pt\/axalta-adquire-tres-distribuidoras-na-europa\/","title":{"rendered":"Axalta adquire tr\u00eas distribuidoras na Europa"},"content":{"rendered":"<p><strong><img loading=\"lazy\" decoding=\"async\" class=\"alignnone size-full wp-image-98172\" src=\"https:\/\/jornaldasoficinas.com\/pt\/wp-content\/uploads\/2025\/02\/Axalta-adquire-tres-distribuidoras-na-Europa.png\" alt=\"02 - Axalta adquire tres distribuidoras na Europa\" width=\"1024\" height=\"581\" srcset=\"https:\/\/jornaldasoficinas.com\/pt\/wp-content\/uploads\/2025\/02\/Axalta-adquire-tres-distribuidoras-na-Europa.png 1024w, https:\/\/jornaldasoficinas.com\/pt\/wp-content\/uploads\/2025\/02\/Axalta-adquire-tres-distribuidoras-na-Europa-300x170.png 300w, https:\/\/jornaldasoficinas.com\/pt\/wp-content\/uploads\/2025\/02\/Axalta-adquire-tres-distribuidoras-na-Europa-150x85.png 150w, https:\/\/jornaldasoficinas.com\/pt\/wp-content\/uploads\/2025\/02\/Axalta-adquire-tres-distribuidoras-na-Europa-768x436.png 768w\" sizes=\"auto, (max-width: 1024px) 100vw, 1024px\" \/><\/strong><\/p>\n<p><strong>A <a href=\"https:\/\/www.axalta.com\/\" target=\"_blank\" rel=\"noopener\">Axalta<\/a> adquiriu tr\u00eas distribuidoras que passam a fazer parte da Axalta Axcess, a sua rede europeia de vendas e distribui\u00e7\u00e3o diretamente ao cliente<\/strong><\/p>\n<p>A Axalta Axcess \u00e9 uma solu\u00e7\u00e3o de vendas e distribui\u00e7\u00e3o diretamente ao cliente que foi criada para fazer com que a encomenda, a entrega e o apoio p\u00f3s-venda para os clientes europeus seja conveniente, fi\u00e1vel e eficaz.<\/p>\n<p>As aquisi\u00e7\u00f5es, que foram conclu\u00eddas no final de 2024, incluem dois distribuidores italianos &#8211; Colorificio Brianza Car e Brianza Car 3, ambas em Lombardia &#8211; e um distribuidor franc\u00eas &#8211; CPS Carrosserie Peinture Syst\u00e8me, pr\u00f3xima de Bord\u00e9us.<\/p>\n<p>Estes tr\u00eas novos locais de distribui\u00e7\u00e3o v\u00eam juntar-se aos mais de 40 centros de distribui\u00e7\u00e3o em dez pa\u00edses europeus a partir dos quais os clientes da Axalta Axcess podem encomendar e receber uma vasta gama de produtos de repintura profissionais, incluindo sistemas de repintura de alto desempenho, consum\u00edveis e equipamentos da Axalta.<\/p>\n<p>&#8220;Temos muito prazer em acolher estes tr\u00eas novos distribuidores no portf\u00f3lio de distribui\u00e7\u00e3o em crescimento da Axalta Axcess. A Axalta Axcess foi desenvolvida especificamente para os nossos clientes de repintura para ser uma solu\u00e7\u00e3o centralizada conveniente e essencial para as suas necessidades de produtos de repintura. Os clientes da Axalta Axcess tamb\u00e9m t\u00eam acesso a ferramentas e recursos de forma\u00e7\u00e3o inovadores que s\u00e3o apoiados integralmente pela equipa experiente da Axalta Axcess de profissionais do setor&#8221;, afirmou Fabien Boschetti, vice-presidente de vendas da Axalta Refinish na Europa, M\u00e9dio Oriente e \u00c1frica.<\/p>\n<p>A equipa da Axalta Axcess recorreu ao seu vasto conhecimento do mercado para oferecer produtos personalizados, apoio superior e experi\u00eancia t\u00e9cnica aos clientes da Axalta Axcess. Esta experi\u00eancia personalizada assegurou que os produtos e servi\u00e7os da Axalta Axcess alcan\u00e7assem os seus objetivos, oferecendo aos clientes solu\u00e7\u00f5es eficazes.<\/p>\n<p>Al\u00e9m de incluir marcas da Axalta tais como Cromax, Spies Hecker, Standox, Audurra, U-POL e Syrox, a Axalta Axcess tamb\u00e9m trabalha com algumas marcas selecionadas de produtos e equipamentos complementares.<\/p>\n","protected":false},"excerpt":{"rendered":"<p>A Axalta adquiriu tr\u00eas distribuidoras que&#8230;<\/p>\n","protected":false},"author":15,"featured_media":98172,"comment_status":"closed","ping_status":"closed","sticky":false,"template":"","format":"standard","meta":{"footnotes":""},"categories":[2],"tags":[12014,4024,67,12012,12015,12011,12010],"class_list":["post-98161","post","type-post","status-publish","format-standard","has-post-thumbnail","hentry","category-repintura","tag-40-centros-de-distribuicao","tag-aquisicao","tag-axalta","tag-axalta-axcess","tag-dez-paises-europeus","tag-rede-europeia","tag-tres-distribuidoras"],"yoast_head":"<!-- This site is optimized with the Yoast SEO plugin v27.4 - https:\/\/yoast.com\/product\/yoast-seo-wordpress\/ -->\n<title>Axalta adquire tr\u00eas distribuidoras na Europa - Jornal das Oficinas<\/title>\n<meta name=\"description\" content=\"A Axalta adquiriu tr\u00eas distribuidoras que passam a fazer parte da Axalta Axcess, a sua rede europeia de vendas e distribui\u00e7\u00e3o\" \/>\n<meta name=\"robots\" content=\"index, follow, max-snippet:-1, max-image-preview:large, max-video-preview:-1\" \/>\n<link rel=\"canonical\" href=\"https:\/\/jornaldasoficinas.com\/pt\/axalta-adquire-tres-distribuidoras-na-europa\/\" \/>\n<meta property=\"og:locale\" content=\"pt_PT\" \/>\n<meta property=\"og:type\" content=\"article\" \/>\n<meta property=\"og:title\" content=\"Axalta adquire tr\u00eas distribuidoras na Europa - Jornal das Oficinas\" \/>\n<meta property=\"og:description\" content=\"A Axalta adquiriu tr\u00eas distribuidoras que passam a fazer parte da Axalta Axcess, a sua rede europeia de vendas e distribui\u00e7\u00e3o\" \/>\n<meta property=\"og:url\" content=\"https:\/\/jornaldasoficinas.com\/pt\/axalta-adquire-tres-distribuidoras-na-europa\/\" \/>\n<meta property=\"og:site_name\" content=\"Jornal das Oficinas\" \/>\n<meta property=\"article:publisher\" content=\"https:\/\/www.facebook.com\/jornaloficinas\" \/>\n<meta property=\"article:published_time\" content=\"2025-02-25T08:00:08+00:00\" \/>\n<meta property=\"og:image\" content=\"https:\/\/jornaldasoficinas.com\/pt\/wp-content\/uploads\/2025\/02\/Axalta-adquire-tres-distribuidoras-na-Europa.png\" \/>\n\t<meta property=\"og:image:width\" content=\"1024\" \/>\n\t<meta property=\"og:image:height\" content=\"581\" \/>\n\t<meta property=\"og:image:type\" content=\"image\/png\" \/>\n<meta name=\"author\" content=\"Reda\u00e7\u00e3o JO\" \/>\n<meta name=\"twitter:card\" content=\"summary_large_image\" \/>\n<meta name=\"twitter:creator\" content=\"@jornaloficinas\" \/>\n<meta name=\"twitter:site\" content=\"@jornaloficinas\" \/>\n<meta name=\"twitter:label1\" content=\"Escrito por\" \/>\n\t<meta name=\"twitter:data1\" content=\"Reda\u00e7\u00e3o JO\" \/>\n\t<meta name=\"twitter:label2\" content=\"Tempo estimado de leitura\" \/>\n\t<meta name=\"twitter:data2\" content=\"3 minutos\" \/>\n<script type=\"application\/ld+json\" class=\"yoast-schema-graph\">{\"@context\":\"https:\\\/\\\/schema.org\",\"@graph\":[{\"@type\":\"Article\",\"@id\":\"https:\\\/\\\/jornaldasoficinas.com\\\/pt\\\/axalta-adquire-tres-distribuidoras-na-europa\\\/#article\",\"isPartOf\":{\"@id\":\"https:\\\/\\\/jornaldasoficinas.com\\\/pt\\\/axalta-adquire-tres-distribuidoras-na-europa\\\/\"},\"author\":{\"name\":\"Reda\u00e7\u00e3o JO\",\"@id\":\"https:\\\/\\\/jornaldasoficinas.com\\\/pt\\\/#\\\/schema\\\/person\\\/a38eef5de2c41d9e7c9ac10141afddf3\"},\"headline\":\"Axalta adquire tr\u00eas distribuidoras na Europa\",\"datePublished\":\"2025-02-25T08:00:08+00:00\",\"mainEntityOfPage\":{\"@id\":\"https:\\\/\\\/jornaldasoficinas.com\\\/pt\\\/axalta-adquire-tres-distribuidoras-na-europa\\\/\"},\"wordCount\":355,\"publisher\":{\"@id\":\"https:\\\/\\\/jornaldasoficinas.com\\\/pt\\\/#organization\"},\"image\":{\"@id\":\"https:\\\/\\\/jornaldasoficinas.com\\\/pt\\\/axalta-adquire-tres-distribuidoras-na-europa\\\/#primaryimage\"},\"thumbnailUrl\":\"https:\\\/\\\/jornaldasoficinas.com\\\/pt\\\/wp-content\\\/uploads\\\/2025\\\/02\\\/Axalta-adquire-tres-distribuidoras-na-Europa.png\",\"keywords\":[\"40 centros de distribui\u00e7\u00e3o\",\"Aquisi\u00e7\u00e3o\",\"Axalta\",\"Axalta Axcess\",\"dez pa\u00edses europeus\",\"rede europeia\",\"tr\u00eas distribuidoras\"],\"articleSection\":[\"Repintura\"],\"inLanguage\":\"pt-PT\"},{\"@type\":\"WebPage\",\"@id\":\"https:\\\/\\\/jornaldasoficinas.com\\\/pt\\\/axalta-adquire-tres-distribuidoras-na-europa\\\/\",\"url\":\"https:\\\/\\\/jornaldasoficinas.com\\\/pt\\\/axalta-adquire-tres-distribuidoras-na-europa\\\/\",\"name\":\"Axalta adquire tr\u00eas distribuidoras na Europa - Jornal das Oficinas\",\"isPartOf\":{\"@id\":\"https:\\\/\\\/jornaldasoficinas.com\\\/pt\\\/#website\"},\"primaryImageOfPage\":{\"@id\":\"https:\\\/\\\/jornaldasoficinas.com\\\/pt\\\/axalta-adquire-tres-distribuidoras-na-europa\\\/#primaryimage\"},\"image\":{\"@id\":\"https:\\\/\\\/jornaldasoficinas.com\\\/pt\\\/axalta-adquire-tres-distribuidoras-na-europa\\\/#primaryimage\"},\"thumbnailUrl\":\"https:\\\/\\\/jornaldasoficinas.com\\\/pt\\\/wp-content\\\/uploads\\\/2025\\\/02\\\/Axalta-adquire-tres-distribuidoras-na-Europa.png\",\"datePublished\":\"2025-02-25T08:00:08+00:00\",\"description\":\"A Axalta adquiriu tr\u00eas distribuidoras que passam a fazer parte da Axalta Axcess, a sua rede europeia de vendas e distribui\u00e7\u00e3o\",\"breadcrumb\":{\"@id\":\"https:\\\/\\\/jornaldasoficinas.com\\\/pt\\\/axalta-adquire-tres-distribuidoras-na-europa\\\/#breadcrumb\"},\"inLanguage\":\"pt-PT\",\"potentialAction\":[{\"@type\":\"ReadAction\",\"target\":[\"https:\\\/\\\/jornaldasoficinas.com\\\/pt\\\/axalta-adquire-tres-distribuidoras-na-europa\\\/\"]}]},{\"@type\":\"ImageObject\",\"inLanguage\":\"pt-PT\",\"@id\":\"https:\\\/\\\/jornaldasoficinas.com\\\/pt\\\/axalta-adquire-tres-distribuidoras-na-europa\\\/#primaryimage\",\"url\":\"https:\\\/\\\/jornaldasoficinas.com\\\/pt\\\/wp-content\\\/uploads\\\/2025\\\/02\\\/Axalta-adquire-tres-distribuidoras-na-Europa.png\",\"contentUrl\":\"https:\\\/\\\/jornaldasoficinas.com\\\/pt\\\/wp-content\\\/uploads\\\/2025\\\/02\\\/Axalta-adquire-tres-distribuidoras-na-Europa.png\",\"width\":1024,\"height\":581,\"caption\":\"02 - Axalta adquire tres distribuidoras na Europa\"},{\"@type\":\"BreadcrumbList\",\"@id\":\"https:\\\/\\\/jornaldasoficinas.com\\\/pt\\\/axalta-adquire-tres-distribuidoras-na-europa\\\/#breadcrumb\",\"itemListElement\":[{\"@type\":\"ListItem\",\"position\":1,\"name\":\"In\u00edcio\",\"item\":\"https:\\\/\\\/jornaldasoficinas.com\\\/pt\\\/\"},{\"@type\":\"ListItem\",\"position\":2,\"name\":\"Axalta adquire tr\u00eas distribuidoras na Europa\"}]},{\"@type\":\"WebSite\",\"@id\":\"https:\\\/\\\/jornaldasoficinas.com\\\/pt\\\/#website\",\"url\":\"https:\\\/\\\/jornaldasoficinas.com\\\/pt\\\/\",\"name\":\"Jornal das Oficinas\",\"description\":\"Jornal independente do Aftermarket Autom\u00f3vel em Portugal\",\"publisher\":{\"@id\":\"https:\\\/\\\/jornaldasoficinas.com\\\/pt\\\/#organization\"},\"potentialAction\":[{\"@type\":\"SearchAction\",\"target\":{\"@type\":\"EntryPoint\",\"urlTemplate\":\"https:\\\/\\\/jornaldasoficinas.com\\\/pt\\\/?s={search_term_string}\"},\"query-input\":{\"@type\":\"PropertyValueSpecification\",\"valueRequired\":true,\"valueName\":\"search_term_string\"}}],\"inLanguage\":\"pt-PT\"},{\"@type\":\"Organization\",\"@id\":\"https:\\\/\\\/jornaldasoficinas.com\\\/pt\\\/#organization\",\"name\":\"Jornal das Oficinas\",\"url\":\"https:\\\/\\\/jornaldasoficinas.com\\\/pt\\\/\",\"logo\":{\"@type\":\"ImageObject\",\"inLanguage\":\"pt-PT\",\"@id\":\"https:\\\/\\\/jornaldasoficinas.com\\\/pt\\\/#\\\/schema\\\/logo\\\/image\\\/\",\"url\":\"https:\\\/\\\/jornaldasoficinas.com\\\/pt\\\/wp-content\\\/uploads\\\/logoJO-SEO.png\",\"contentUrl\":\"https:\\\/\\\/jornaldasoficinas.com\\\/pt\\\/wp-content\\\/uploads\\\/logoJO-SEO.png\",\"width\":285,\"height\":450,\"caption\":\"Jornal das Oficinas\"},\"image\":{\"@id\":\"https:\\\/\\\/jornaldasoficinas.com\\\/pt\\\/#\\\/schema\\\/logo\\\/image\\\/\"},\"sameAs\":[\"https:\\\/\\\/www.facebook.com\\\/jornaloficinas\",\"https:\\\/\\\/x.com\\\/jornaloficinas\",\"https:\\\/\\\/www.instagram.com\\\/jornal_oficinas\\\/\",\"https:\\\/\\\/www.linkedin.com\\\/company\\\/jornal-das-oficinas\\\/\",\"https:\\\/\\\/www.youtube.com\\\/channel\\\/UCbQZBqtcvV-oSQrr7RzINGg\"]},{\"@type\":\"Person\",\"@id\":\"https:\\\/\\\/jornaldasoficinas.com\\\/pt\\\/#\\\/schema\\\/person\\\/a38eef5de2c41d9e7c9ac10141afddf3\",\"name\":\"Reda\u00e7\u00e3o JO\",\"image\":{\"@type\":\"ImageObject\",\"inLanguage\":\"pt-PT\",\"@id\":\"https:\\\/\\\/secure.gravatar.com\\\/avatar\\\/71f2fa71737ad68a84fea94bc708ddac8ea5b0c4788dc2ad202f3ccb2887742f?s=96&d=wp_user_avatar&r=g\",\"url\":\"https:\\\/\\\/secure.gravatar.com\\\/avatar\\\/71f2fa71737ad68a84fea94bc708ddac8ea5b0c4788dc2ad202f3ccb2887742f?s=96&d=wp_user_avatar&r=g\",\"contentUrl\":\"https:\\\/\\\/secure.gravatar.com\\\/avatar\\\/71f2fa71737ad68a84fea94bc708ddac8ea5b0c4788dc2ad202f3ccb2887742f?s=96&d=wp_user_avatar&r=g\",\"caption\":\"Reda\u00e7\u00e3o JO\"},\"url\":\"https:\\\/\\\/jornaldasoficinas.com\\\/pt\\\/author\\\/joredacao\\\/\"}]}<\/script>\n<!-- \/ Yoast SEO plugin. -->","yoast_head_json":{"title":"Axalta adquire tr\u00eas distribuidoras na Europa - Jornal das Oficinas","description":"A Axalta adquiriu tr\u00eas distribuidoras que passam a fazer parte da Axalta Axcess, a sua rede europeia de vendas e distribui\u00e7\u00e3o","robots":{"index":"index","follow":"follow","max-snippet":"max-snippet:-1","max-image-preview":"max-image-preview:large","max-video-preview":"max-video-preview:-1"},"canonical":"https:\/\/jornaldasoficinas.com\/pt\/axalta-adquire-tres-distribuidoras-na-europa\/","og_locale":"pt_PT","og_type":"article","og_title":"Axalta adquire tr\u00eas distribuidoras na Europa - Jornal das Oficinas","og_description":"A Axalta adquiriu tr\u00eas distribuidoras que passam a fazer parte da Axalta Axcess, a sua rede europeia de vendas e distribui\u00e7\u00e3o","og_url":"https:\/\/jornaldasoficinas.com\/pt\/axalta-adquire-tres-distribuidoras-na-europa\/","og_site_name":"Jornal das Oficinas","article_publisher":"https:\/\/www.facebook.com\/jornaloficinas","article_published_time":"2025-02-25T08:00:08+00:00","og_image":[{"width":1024,"height":581,"url":"https:\/\/jornaldasoficinas.com\/pt\/wp-content\/uploads\/2025\/02\/Axalta-adquire-tres-distribuidoras-na-Europa.png","type":"image\/png"}],"author":"Reda\u00e7\u00e3o JO","twitter_card":"summary_large_image","twitter_creator":"@jornaloficinas","twitter_site":"@jornaloficinas","twitter_misc":{"Escrito por":"Reda\u00e7\u00e3o JO","Tempo estimado de leitura":"3 minutos"},"schema":{"@context":"https:\/\/schema.org","@graph":[{"@type":"Article","@id":"https:\/\/jornaldasoficinas.com\/pt\/axalta-adquire-tres-distribuidoras-na-europa\/#article","isPartOf":{"@id":"https:\/\/jornaldasoficinas.com\/pt\/axalta-adquire-tres-distribuidoras-na-europa\/"},"author":{"name":"Reda\u00e7\u00e3o JO","@id":"https:\/\/jornaldasoficinas.com\/pt\/#\/schema\/person\/a38eef5de2c41d9e7c9ac10141afddf3"},"headline":"Axalta adquire tr\u00eas distribuidoras na Europa","datePublished":"2025-02-25T08:00:08+00:00","mainEntityOfPage":{"@id":"https:\/\/jornaldasoficinas.com\/pt\/axalta-adquire-tres-distribuidoras-na-europa\/"},"wordCount":355,"publisher":{"@id":"https:\/\/jornaldasoficinas.com\/pt\/#organization"},"image":{"@id":"https:\/\/jornaldasoficinas.com\/pt\/axalta-adquire-tres-distribuidoras-na-europa\/#primaryimage"},"thumbnailUrl":"https:\/\/jornaldasoficinas.com\/pt\/wp-content\/uploads\/2025\/02\/Axalta-adquire-tres-distribuidoras-na-Europa.png","keywords":["40 centros de distribui\u00e7\u00e3o","Aquisi\u00e7\u00e3o","Axalta","Axalta Axcess","dez pa\u00edses europeus","rede europeia","tr\u00eas distribuidoras"],"articleSection":["Repintura"],"inLanguage":"pt-PT"},{"@type":"WebPage","@id":"https:\/\/jornaldasoficinas.com\/pt\/axalta-adquire-tres-distribuidoras-na-europa\/","url":"https:\/\/jornaldasoficinas.com\/pt\/axalta-adquire-tres-distribuidoras-na-europa\/","name":"Axalta adquire tr\u00eas distribuidoras na Europa - Jornal das Oficinas","isPartOf":{"@id":"https:\/\/jornaldasoficinas.com\/pt\/#website"},"primaryImageOfPage":{"@id":"https:\/\/jornaldasoficinas.com\/pt\/axalta-adquire-tres-distribuidoras-na-europa\/#primaryimage"},"image":{"@id":"https:\/\/jornaldasoficinas.com\/pt\/axalta-adquire-tres-distribuidoras-na-europa\/#primaryimage"},"thumbnailUrl":"https:\/\/jornaldasoficinas.com\/pt\/wp-content\/uploads\/2025\/02\/Axalta-adquire-tres-distribuidoras-na-Europa.png","datePublished":"2025-02-25T08:00:08+00:00","description":"A Axalta adquiriu tr\u00eas distribuidoras que passam a fazer parte da Axalta Axcess, a sua rede europeia de vendas e distribui\u00e7\u00e3o","breadcrumb":{"@id":"https:\/\/jornaldasoficinas.com\/pt\/axalta-adquire-tres-distribuidoras-na-europa\/#breadcrumb"},"inLanguage":"pt-PT","potentialAction":[{"@type":"ReadAction","target":["https:\/\/jornaldasoficinas.com\/pt\/axalta-adquire-tres-distribuidoras-na-europa\/"]}]},{"@type":"ImageObject","inLanguage":"pt-PT","@id":"https:\/\/jornaldasoficinas.com\/pt\/axalta-adquire-tres-distribuidoras-na-europa\/#primaryimage","url":"https:\/\/jornaldasoficinas.com\/pt\/wp-content\/uploads\/2025\/02\/Axalta-adquire-tres-distribuidoras-na-Europa.png","contentUrl":"https:\/\/jornaldasoficinas.com\/pt\/wp-content\/uploads\/2025\/02\/Axalta-adquire-tres-distribuidoras-na-Europa.png","width":1024,"height":581,"caption":"02 - Axalta adquire tres distribuidoras na Europa"},{"@type":"BreadcrumbList","@id":"https:\/\/jornaldasoficinas.com\/pt\/axalta-adquire-tres-distribuidoras-na-europa\/#breadcrumb","itemListElement":[{"@type":"ListItem","position":1,"name":"In\u00edcio","item":"https:\/\/jornaldasoficinas.com\/pt\/"},{"@type":"ListItem","position":2,"name":"Axalta adquire tr\u00eas distribuidoras na Europa"}]},{"@type":"WebSite","@id":"https:\/\/jornaldasoficinas.com\/pt\/#website","url":"https:\/\/jornaldasoficinas.com\/pt\/","name":"Jornal das Oficinas","description":"Jornal independente do Aftermarket Autom\u00f3vel em Portugal","publisher":{"@id":"https:\/\/jornaldasoficinas.com\/pt\/#organization"},"potentialAction":[{"@type":"SearchAction","target":{"@type":"EntryPoint","urlTemplate":"https:\/\/jornaldasoficinas.com\/pt\/?s={search_term_string}"},"query-input":{"@type":"PropertyValueSpecification","valueRequired":true,"valueName":"search_term_string"}}],"inLanguage":"pt-PT"},{"@type":"Organization","@id":"https:\/\/jornaldasoficinas.com\/pt\/#organization","name":"Jornal das Oficinas","url":"https:\/\/jornaldasoficinas.com\/pt\/","logo":{"@type":"ImageObject","inLanguage":"pt-PT","@id":"https:\/\/jornaldasoficinas.com\/pt\/#\/schema\/logo\/image\/","url":"https:\/\/jornaldasoficinas.com\/pt\/wp-content\/uploads\/logoJO-SEO.png","contentUrl":"https:\/\/jornaldasoficinas.com\/pt\/wp-content\/uploads\/logoJO-SEO.png","width":285,"height":450,"caption":"Jornal das Oficinas"},"image":{"@id":"https:\/\/jornaldasoficinas.com\/pt\/#\/schema\/logo\/image\/"},"sameAs":["https:\/\/www.facebook.com\/jornaloficinas","https:\/\/x.com\/jornaloficinas","https:\/\/www.instagram.com\/jornal_oficinas\/","https:\/\/www.linkedin.com\/company\/jornal-das-oficinas\/","https:\/\/www.youtube.com\/channel\/UCbQZBqtcvV-oSQrr7RzINGg"]},{"@type":"Person","@id":"https:\/\/jornaldasoficinas.com\/pt\/#\/schema\/person\/a38eef5de2c41d9e7c9ac10141afddf3","name":"Reda\u00e7\u00e3o JO","image":{"@type":"ImageObject","inLanguage":"pt-PT","@id":"https:\/\/secure.gravatar.com\/avatar\/71f2fa71737ad68a84fea94bc708ddac8ea5b0c4788dc2ad202f3ccb2887742f?s=96&d=wp_user_avatar&r=g","url":"https:\/\/secure.gravatar.com\/avatar\/71f2fa71737ad68a84fea94bc708ddac8ea5b0c4788dc2ad202f3ccb2887742f?s=96&d=wp_user_avatar&r=g","contentUrl":"https:\/\/secure.gravatar.com\/avatar\/71f2fa71737ad68a84fea94bc708ddac8ea5b0c4788dc2ad202f3ccb2887742f?s=96&d=wp_user_avatar&r=g","caption":"Reda\u00e7\u00e3o JO"},"url":"https:\/\/jornaldasoficinas.com\/pt\/author\/joredacao\/"}]}},"_links":{"self":[{"href":"https:\/\/jornaldasoficinas.com\/pt\/wp-json\/wp\/v2\/posts\/98161","targetHints":{"allow":["GET"]}}],"collection":[{"href":"https:\/\/jornaldasoficinas.com\/pt\/wp-json\/wp\/v2\/posts"}],"about":[{"href":"https:\/\/jornaldasoficinas.com\/pt\/wp-json\/wp\/v2\/types\/post"}],"author":[{"embeddable":true,"href":"https:\/\/jornaldasoficinas.com\/pt\/wp-json\/wp\/v2\/users\/15"}],"replies":[{"embeddable":true,"href":"https:\/\/jornaldasoficinas.com\/pt\/wp-json\/wp\/v2\/comments?post=98161"}],"version-history":[{"count":6,"href":"https:\/\/jornaldasoficinas.com\/pt\/wp-json\/wp\/v2\/posts\/98161\/revisions"}],"predecessor-version":[{"id":98173,"href":"https:\/\/jornaldasoficinas.com\/pt\/wp-json\/wp\/v2\/posts\/98161\/revisions\/98173"}],"wp:featuredmedia":[{"embeddable":true,"href":"https:\/\/jornaldasoficinas.com\/pt\/wp-json\/wp\/v2\/media\/98172"}],"wp:attachment":[{"href":"https:\/\/jornaldasoficinas.com\/pt\/wp-json\/wp\/v2\/media?parent=98161"}],"wp:term":[{"taxonomy":"category","embeddable":true,"href":"https:\/\/jornaldasoficinas.com\/pt\/wp-json\/wp\/v2\/categories?post=98161"},{"taxonomy":"post_tag","embeddable":true,"href":"https:\/\/jornaldasoficinas.com\/pt\/wp-json\/wp\/v2\/tags?post=98161"}],"curies":[{"name":"wp","href":"https:\/\/api.w.org\/{rel}","templated":true}]}}