{"id":98463,"date":"2025-03-03T18:00:26","date_gmt":"2025-03-03T18:00:26","guid":{"rendered":"https:\/\/jornaldasoficinas.com\/pt\/?p=98463"},"modified":"2025-02-28T17:47:00","modified_gmt":"2025-02-28T17:47:00","slug":"standvirtual-procura-por-usados-aumentou-16-em-janeiro","status":"publish","type":"post","link":"https:\/\/jornaldasoficinas.com\/pt\/standvirtual-procura-por-usados-aumentou-16-em-janeiro\/","title":{"rendered":"Standvirtual: procura por usados aumentou 16% em janeiro"},"content":{"rendered":"<p><img loading=\"lazy\" decoding=\"async\" class=\"size-full wp-image-98477\" src=\"https:\/\/jornaldasoficinas.com\/pt\/wp-content\/uploads\/2025\/02\/Standvirtual-procura-por-usados-aumentou-16-em-janeiro.jpg\" alt=\"02 - Standvirtual procura por usados aumentou 16 em janeiro\" width=\"1024\" height=\"581\" srcset=\"https:\/\/jornaldasoficinas.com\/pt\/wp-content\/uploads\/2025\/02\/Standvirtual-procura-por-usados-aumentou-16-em-janeiro.jpg 1024w, https:\/\/jornaldasoficinas.com\/pt\/wp-content\/uploads\/2025\/02\/Standvirtual-procura-por-usados-aumentou-16-em-janeiro-300x170.jpg 300w, https:\/\/jornaldasoficinas.com\/pt\/wp-content\/uploads\/2025\/02\/Standvirtual-procura-por-usados-aumentou-16-em-janeiro-150x85.jpg 150w, https:\/\/jornaldasoficinas.com\/pt\/wp-content\/uploads\/2025\/02\/Standvirtual-procura-por-usados-aumentou-16-em-janeiro-768x436.jpg 768w\" sizes=\"auto, (max-width: 1024px) 100vw, 1024px\" \/><\/p>\n<p><strong>Segundo o <a href=\"https:\/\/www.standvirtual.com\/\" target=\"_blank\" rel=\"noopener\">Standvirtual<\/a>, o mercado de usados come\u00e7ou 2025 com um forte crescimento de 16% na procura, enquanto a oferta caiu 4%, criando uma din\u00e2mica de maior competitividade, com destaque para o aumento da importa\u00e7\u00e3o e a varia\u00e7\u00e3o de pre\u00e7os m\u00e9dios<\/strong><\/p>\n<p>O mercado autom\u00f3vel iniciou 2025 com sinais positivos, impulsionado pelo aumento de 16% na procura por ve\u00edculos usados em janeiro, face ao mesmo per\u00edodo de 2024. Este foi o segundo melhor m\u00eas desde outubro do ano anterior, que j\u00e1 havia registado um crescimento de 8%. Apesar da alta procura, a oferta caiu 4%, criando um cen\u00e1rio de maior competi\u00e7\u00e3o entre compradores.<\/p>\n<p>Os dados revelaram que a importa\u00e7\u00e3o de ve\u00edculos ligeiros de passageiros tamb\u00e9m cresceu 13,9% em rela\u00e7\u00e3o a janeiro de 2024, consolidando uma tend\u00eancia de recupera\u00e7\u00e3o do setor.<\/p>\n<p>O segmento de usados abaixo de 15.000\u20ac teve um aumento expressivo de 24% na procura, enquanto os ve\u00edculos entre 15.000\u20ac e 30.000\u20ac registaram um crescimento de 20%. No topo da faixa de pre\u00e7os, os autom\u00f3veis acima dos 30.000\u20ac tiveram uma procura mais moderada, com um acr\u00e9scimo de 3%.<\/p>\n<p>Por outro lado, a oferta apresentou comportamentos distintos consoante a faixa de pre\u00e7o. Enquanto os ve\u00edculos abaixo de 15.000\u20ac tiveram um aumento de 10%, os modelos entre 15.000\u20ac e 30.000\u20ac sofreram uma queda de 5%, e os autom\u00f3veis acima dos 30.000\u20ac registaram uma redu\u00e7\u00e3o de 1%.<\/p>\n<p>A transfer\u00eancia de propriedade de ligeiros de passageiros aumentou 11% em dezembro de 2024, comparado ao mesmo m\u00eas de 2023, mas ainda se encontra 6,8% abaixo dos n\u00edveis de dezembro de 2019. No total de 2024, verificou-se um crescimento de 7,6% face a 2023.<\/p>\n<p>No setor dos autom\u00f3veis novos, os n\u00fameros n\u00e3o acompanham o ritmo de crescimento dos usados. Segundo a <a href=\"https:\/\/acap.pt\/\" target=\"_blank\" rel=\"noopener\">ACAP<\/a>, janeiro registou um decr\u00e9scimo de 9,6% no mercado de ve\u00edculos novos em rela\u00e7\u00e3o ao mesmo m\u00eas de 2024. Os ve\u00edculos eletrificados representaram apenas 22% do mercado total de ligeiros, um n\u00famero significativamente inferior aos 53% registados em janeiro de 2024.<\/p>\n<p>O pre\u00e7o m\u00e9dio praticado pelos vendedores profissionais, que vinha subindo desde meados de 2023, registou uma ligeira descida, fixando-se nos 23.500\u20ac. No entanto, esse valor ainda representa um aumento de 3,1% face a janeiro de 2024, quando o pre\u00e7o m\u00e9dio era de 24.250\u20ac.<\/p>\n","protected":false},"excerpt":{"rendered":"<p>Segundo o Standvirtual, o mercado de&#8230;<\/p>\n","protected":false},"author":15,"featured_media":98477,"comment_status":"closed","ping_status":"closed","sticky":false,"template":"","format":"standard","meta":{"footnotes":""},"categories":[37],"tags":[157,4451,12061,5435,1497,2198],"class_list":["post-98463","post","type-post","status-publish","format-standard","has-post-thumbnail","hentry","category-mercado","tag-acap","tag-forte-crescimento","tag-indicadores-do-mercado","tag-mercado-de-usados","tag-setor-automovel","tag-standvirtual"],"yoast_head":"<!-- This site is optimized with the Yoast SEO plugin v27.4 - https:\/\/yoast.com\/product\/yoast-seo-wordpress\/ -->\n<title>Standvirtual: procura por usados aumentou 16% em janeiro - Jornal das Oficinas<\/title>\n<meta name=\"description\" content=\"Segundo o Standvirtual, o mercado de usados come\u00e7ou 2025 com um forte crescimento de 16% na procura, enquanto a oferta caiu 4%\" \/>\n<meta name=\"robots\" content=\"index, follow, max-snippet:-1, max-image-preview:large, max-video-preview:-1\" \/>\n<link rel=\"canonical\" href=\"https:\/\/jornaldasoficinas.com\/pt\/standvirtual-procura-por-usados-aumentou-16-em-janeiro\/\" \/>\n<meta property=\"og:locale\" content=\"pt_PT\" \/>\n<meta property=\"og:type\" content=\"article\" \/>\n<meta property=\"og:title\" content=\"Standvirtual: procura por usados aumentou 16% em janeiro - Jornal das Oficinas\" \/>\n<meta property=\"og:description\" content=\"Segundo o Standvirtual, o mercado de usados come\u00e7ou 2025 com um forte crescimento de 16% na procura, enquanto a oferta caiu 4%\" \/>\n<meta property=\"og:url\" content=\"https:\/\/jornaldasoficinas.com\/pt\/standvirtual-procura-por-usados-aumentou-16-em-janeiro\/\" \/>\n<meta property=\"og:site_name\" content=\"Jornal das Oficinas\" \/>\n<meta property=\"article:publisher\" content=\"https:\/\/www.facebook.com\/jornaloficinas\" \/>\n<meta property=\"article:published_time\" content=\"2025-03-03T18:00:26+00:00\" \/>\n<meta property=\"og:image\" content=\"https:\/\/jornaldasoficinas.com\/pt\/wp-content\/uploads\/2025\/02\/Standvirtual-procura-por-usados-aumentou-16-em-janeiro.jpg\" \/>\n\t<meta property=\"og:image:width\" content=\"1024\" \/>\n\t<meta property=\"og:image:height\" content=\"581\" \/>\n\t<meta property=\"og:image:type\" content=\"image\/jpeg\" \/>\n<meta name=\"author\" content=\"Reda\u00e7\u00e3o JO\" \/>\n<meta name=\"twitter:card\" content=\"summary_large_image\" \/>\n<meta name=\"twitter:creator\" content=\"@jornaloficinas\" \/>\n<meta name=\"twitter:site\" content=\"@jornaloficinas\" \/>\n<meta name=\"twitter:label1\" content=\"Escrito por\" \/>\n\t<meta name=\"twitter:data1\" content=\"Reda\u00e7\u00e3o JO\" \/>\n\t<meta name=\"twitter:label2\" content=\"Tempo estimado de leitura\" \/>\n\t<meta name=\"twitter:data2\" content=\"3 minutos\" \/>\n<script type=\"application\/ld+json\" class=\"yoast-schema-graph\">{\"@context\":\"https:\\\/\\\/schema.org\",\"@graph\":[{\"@type\":\"Article\",\"@id\":\"https:\\\/\\\/jornaldasoficinas.com\\\/pt\\\/standvirtual-procura-por-usados-aumentou-16-em-janeiro\\\/#article\",\"isPartOf\":{\"@id\":\"https:\\\/\\\/jornaldasoficinas.com\\\/pt\\\/standvirtual-procura-por-usados-aumentou-16-em-janeiro\\\/\"},\"author\":{\"name\":\"Reda\u00e7\u00e3o JO\",\"@id\":\"https:\\\/\\\/jornaldasoficinas.com\\\/pt\\\/#\\\/schema\\\/person\\\/a38eef5de2c41d9e7c9ac10141afddf3\"},\"headline\":\"Standvirtual: procura por usados aumentou 16% em janeiro\",\"datePublished\":\"2025-03-03T18:00:26+00:00\",\"mainEntityOfPage\":{\"@id\":\"https:\\\/\\\/jornaldasoficinas.com\\\/pt\\\/standvirtual-procura-por-usados-aumentou-16-em-janeiro\\\/\"},\"wordCount\":375,\"publisher\":{\"@id\":\"https:\\\/\\\/jornaldasoficinas.com\\\/pt\\\/#organization\"},\"image\":{\"@id\":\"https:\\\/\\\/jornaldasoficinas.com\\\/pt\\\/standvirtual-procura-por-usados-aumentou-16-em-janeiro\\\/#primaryimage\"},\"thumbnailUrl\":\"https:\\\/\\\/jornaldasoficinas.com\\\/pt\\\/wp-content\\\/uploads\\\/2025\\\/02\\\/Standvirtual-procura-por-usados-aumentou-16-em-janeiro.jpg\",\"keywords\":[\"ACAP\",\"forte crescimento\",\"indicadores do mercado\",\"Mercado de usados\",\"Setor Autom\u00f3vel\",\"Standvirtual\"],\"articleSection\":[\"Mercado\"],\"inLanguage\":\"pt-PT\"},{\"@type\":\"WebPage\",\"@id\":\"https:\\\/\\\/jornaldasoficinas.com\\\/pt\\\/standvirtual-procura-por-usados-aumentou-16-em-janeiro\\\/\",\"url\":\"https:\\\/\\\/jornaldasoficinas.com\\\/pt\\\/standvirtual-procura-por-usados-aumentou-16-em-janeiro\\\/\",\"name\":\"Standvirtual: procura por usados aumentou 16% em janeiro - Jornal das Oficinas\",\"isPartOf\":{\"@id\":\"https:\\\/\\\/jornaldasoficinas.com\\\/pt\\\/#website\"},\"primaryImageOfPage\":{\"@id\":\"https:\\\/\\\/jornaldasoficinas.com\\\/pt\\\/standvirtual-procura-por-usados-aumentou-16-em-janeiro\\\/#primaryimage\"},\"image\":{\"@id\":\"https:\\\/\\\/jornaldasoficinas.com\\\/pt\\\/standvirtual-procura-por-usados-aumentou-16-em-janeiro\\\/#primaryimage\"},\"thumbnailUrl\":\"https:\\\/\\\/jornaldasoficinas.com\\\/pt\\\/wp-content\\\/uploads\\\/2025\\\/02\\\/Standvirtual-procura-por-usados-aumentou-16-em-janeiro.jpg\",\"datePublished\":\"2025-03-03T18:00:26+00:00\",\"description\":\"Segundo o Standvirtual, o mercado de usados come\u00e7ou 2025 com um forte crescimento de 16% na procura, enquanto a oferta caiu 4%\",\"breadcrumb\":{\"@id\":\"https:\\\/\\\/jornaldasoficinas.com\\\/pt\\\/standvirtual-procura-por-usados-aumentou-16-em-janeiro\\\/#breadcrumb\"},\"inLanguage\":\"pt-PT\",\"potentialAction\":[{\"@type\":\"ReadAction\",\"target\":[\"https:\\\/\\\/jornaldasoficinas.com\\\/pt\\\/standvirtual-procura-por-usados-aumentou-16-em-janeiro\\\/\"]}]},{\"@type\":\"ImageObject\",\"inLanguage\":\"pt-PT\",\"@id\":\"https:\\\/\\\/jornaldasoficinas.com\\\/pt\\\/standvirtual-procura-por-usados-aumentou-16-em-janeiro\\\/#primaryimage\",\"url\":\"https:\\\/\\\/jornaldasoficinas.com\\\/pt\\\/wp-content\\\/uploads\\\/2025\\\/02\\\/Standvirtual-procura-por-usados-aumentou-16-em-janeiro.jpg\",\"contentUrl\":\"https:\\\/\\\/jornaldasoficinas.com\\\/pt\\\/wp-content\\\/uploads\\\/2025\\\/02\\\/Standvirtual-procura-por-usados-aumentou-16-em-janeiro.jpg\",\"width\":1024,\"height\":581,\"caption\":\"Row of new cars in port.\"},{\"@type\":\"BreadcrumbList\",\"@id\":\"https:\\\/\\\/jornaldasoficinas.com\\\/pt\\\/standvirtual-procura-por-usados-aumentou-16-em-janeiro\\\/#breadcrumb\",\"itemListElement\":[{\"@type\":\"ListItem\",\"position\":1,\"name\":\"In\u00edcio\",\"item\":\"https:\\\/\\\/jornaldasoficinas.com\\\/pt\\\/\"},{\"@type\":\"ListItem\",\"position\":2,\"name\":\"Standvirtual: procura por usados aumentou 16% em janeiro\"}]},{\"@type\":\"WebSite\",\"@id\":\"https:\\\/\\\/jornaldasoficinas.com\\\/pt\\\/#website\",\"url\":\"https:\\\/\\\/jornaldasoficinas.com\\\/pt\\\/\",\"name\":\"Jornal das Oficinas\",\"description\":\"Jornal independente do Aftermarket Autom\u00f3vel em Portugal\",\"publisher\":{\"@id\":\"https:\\\/\\\/jornaldasoficinas.com\\\/pt\\\/#organization\"},\"potentialAction\":[{\"@type\":\"SearchAction\",\"target\":{\"@type\":\"EntryPoint\",\"urlTemplate\":\"https:\\\/\\\/jornaldasoficinas.com\\\/pt\\\/?s={search_term_string}\"},\"query-input\":{\"@type\":\"PropertyValueSpecification\",\"valueRequired\":true,\"valueName\":\"search_term_string\"}}],\"inLanguage\":\"pt-PT\"},{\"@type\":\"Organization\",\"@id\":\"https:\\\/\\\/jornaldasoficinas.com\\\/pt\\\/#organization\",\"name\":\"Jornal das Oficinas\",\"url\":\"https:\\\/\\\/jornaldasoficinas.com\\\/pt\\\/\",\"logo\":{\"@type\":\"ImageObject\",\"inLanguage\":\"pt-PT\",\"@id\":\"https:\\\/\\\/jornaldasoficinas.com\\\/pt\\\/#\\\/schema\\\/logo\\\/image\\\/\",\"url\":\"https:\\\/\\\/jornaldasoficinas.com\\\/pt\\\/wp-content\\\/uploads\\\/logoJO-SEO.png\",\"contentUrl\":\"https:\\\/\\\/jornaldasoficinas.com\\\/pt\\\/wp-content\\\/uploads\\\/logoJO-SEO.png\",\"width\":285,\"height\":450,\"caption\":\"Jornal das Oficinas\"},\"image\":{\"@id\":\"https:\\\/\\\/jornaldasoficinas.com\\\/pt\\\/#\\\/schema\\\/logo\\\/image\\\/\"},\"sameAs\":[\"https:\\\/\\\/www.facebook.com\\\/jornaloficinas\",\"https:\\\/\\\/x.com\\\/jornaloficinas\",\"https:\\\/\\\/www.instagram.com\\\/jornal_oficinas\\\/\",\"https:\\\/\\\/www.linkedin.com\\\/company\\\/jornal-das-oficinas\\\/\",\"https:\\\/\\\/www.youtube.com\\\/channel\\\/UCbQZBqtcvV-oSQrr7RzINGg\"]},{\"@type\":\"Person\",\"@id\":\"https:\\\/\\\/jornaldasoficinas.com\\\/pt\\\/#\\\/schema\\\/person\\\/a38eef5de2c41d9e7c9ac10141afddf3\",\"name\":\"Reda\u00e7\u00e3o JO\",\"image\":{\"@type\":\"ImageObject\",\"inLanguage\":\"pt-PT\",\"@id\":\"https:\\\/\\\/secure.gravatar.com\\\/avatar\\\/71f2fa71737ad68a84fea94bc708ddac8ea5b0c4788dc2ad202f3ccb2887742f?s=96&d=wp_user_avatar&r=g\",\"url\":\"https:\\\/\\\/secure.gravatar.com\\\/avatar\\\/71f2fa71737ad68a84fea94bc708ddac8ea5b0c4788dc2ad202f3ccb2887742f?s=96&d=wp_user_avatar&r=g\",\"contentUrl\":\"https:\\\/\\\/secure.gravatar.com\\\/avatar\\\/71f2fa71737ad68a84fea94bc708ddac8ea5b0c4788dc2ad202f3ccb2887742f?s=96&d=wp_user_avatar&r=g\",\"caption\":\"Reda\u00e7\u00e3o JO\"},\"url\":\"https:\\\/\\\/jornaldasoficinas.com\\\/pt\\\/author\\\/joredacao\\\/\"}]}<\/script>\n<!-- \/ Yoast SEO plugin. -->","yoast_head_json":{"title":"Standvirtual: procura por usados aumentou 16% em janeiro - Jornal das Oficinas","description":"Segundo o Standvirtual, o mercado de usados come\u00e7ou 2025 com um forte crescimento de 16% na procura, enquanto a oferta caiu 4%","robots":{"index":"index","follow":"follow","max-snippet":"max-snippet:-1","max-image-preview":"max-image-preview:large","max-video-preview":"max-video-preview:-1"},"canonical":"https:\/\/jornaldasoficinas.com\/pt\/standvirtual-procura-por-usados-aumentou-16-em-janeiro\/","og_locale":"pt_PT","og_type":"article","og_title":"Standvirtual: procura por usados aumentou 16% em janeiro - Jornal das Oficinas","og_description":"Segundo o Standvirtual, o mercado de usados come\u00e7ou 2025 com um forte crescimento de 16% na procura, enquanto a oferta caiu 4%","og_url":"https:\/\/jornaldasoficinas.com\/pt\/standvirtual-procura-por-usados-aumentou-16-em-janeiro\/","og_site_name":"Jornal das Oficinas","article_publisher":"https:\/\/www.facebook.com\/jornaloficinas","article_published_time":"2025-03-03T18:00:26+00:00","og_image":[{"width":1024,"height":581,"url":"https:\/\/jornaldasoficinas.com\/pt\/wp-content\/uploads\/2025\/02\/Standvirtual-procura-por-usados-aumentou-16-em-janeiro.jpg","type":"image\/jpeg"}],"author":"Reda\u00e7\u00e3o JO","twitter_card":"summary_large_image","twitter_creator":"@jornaloficinas","twitter_site":"@jornaloficinas","twitter_misc":{"Escrito por":"Reda\u00e7\u00e3o JO","Tempo estimado de leitura":"3 minutos"},"schema":{"@context":"https:\/\/schema.org","@graph":[{"@type":"Article","@id":"https:\/\/jornaldasoficinas.com\/pt\/standvirtual-procura-por-usados-aumentou-16-em-janeiro\/#article","isPartOf":{"@id":"https:\/\/jornaldasoficinas.com\/pt\/standvirtual-procura-por-usados-aumentou-16-em-janeiro\/"},"author":{"name":"Reda\u00e7\u00e3o JO","@id":"https:\/\/jornaldasoficinas.com\/pt\/#\/schema\/person\/a38eef5de2c41d9e7c9ac10141afddf3"},"headline":"Standvirtual: procura por usados aumentou 16% em janeiro","datePublished":"2025-03-03T18:00:26+00:00","mainEntityOfPage":{"@id":"https:\/\/jornaldasoficinas.com\/pt\/standvirtual-procura-por-usados-aumentou-16-em-janeiro\/"},"wordCount":375,"publisher":{"@id":"https:\/\/jornaldasoficinas.com\/pt\/#organization"},"image":{"@id":"https:\/\/jornaldasoficinas.com\/pt\/standvirtual-procura-por-usados-aumentou-16-em-janeiro\/#primaryimage"},"thumbnailUrl":"https:\/\/jornaldasoficinas.com\/pt\/wp-content\/uploads\/2025\/02\/Standvirtual-procura-por-usados-aumentou-16-em-janeiro.jpg","keywords":["ACAP","forte crescimento","indicadores do mercado","Mercado de usados","Setor Autom\u00f3vel","Standvirtual"],"articleSection":["Mercado"],"inLanguage":"pt-PT"},{"@type":"WebPage","@id":"https:\/\/jornaldasoficinas.com\/pt\/standvirtual-procura-por-usados-aumentou-16-em-janeiro\/","url":"https:\/\/jornaldasoficinas.com\/pt\/standvirtual-procura-por-usados-aumentou-16-em-janeiro\/","name":"Standvirtual: procura por usados aumentou 16% em janeiro - Jornal das Oficinas","isPartOf":{"@id":"https:\/\/jornaldasoficinas.com\/pt\/#website"},"primaryImageOfPage":{"@id":"https:\/\/jornaldasoficinas.com\/pt\/standvirtual-procura-por-usados-aumentou-16-em-janeiro\/#primaryimage"},"image":{"@id":"https:\/\/jornaldasoficinas.com\/pt\/standvirtual-procura-por-usados-aumentou-16-em-janeiro\/#primaryimage"},"thumbnailUrl":"https:\/\/jornaldasoficinas.com\/pt\/wp-content\/uploads\/2025\/02\/Standvirtual-procura-por-usados-aumentou-16-em-janeiro.jpg","datePublished":"2025-03-03T18:00:26+00:00","description":"Segundo o Standvirtual, o mercado de usados come\u00e7ou 2025 com um forte crescimento de 16% na procura, enquanto a oferta caiu 4%","breadcrumb":{"@id":"https:\/\/jornaldasoficinas.com\/pt\/standvirtual-procura-por-usados-aumentou-16-em-janeiro\/#breadcrumb"},"inLanguage":"pt-PT","potentialAction":[{"@type":"ReadAction","target":["https:\/\/jornaldasoficinas.com\/pt\/standvirtual-procura-por-usados-aumentou-16-em-janeiro\/"]}]},{"@type":"ImageObject","inLanguage":"pt-PT","@id":"https:\/\/jornaldasoficinas.com\/pt\/standvirtual-procura-por-usados-aumentou-16-em-janeiro\/#primaryimage","url":"https:\/\/jornaldasoficinas.com\/pt\/wp-content\/uploads\/2025\/02\/Standvirtual-procura-por-usados-aumentou-16-em-janeiro.jpg","contentUrl":"https:\/\/jornaldasoficinas.com\/pt\/wp-content\/uploads\/2025\/02\/Standvirtual-procura-por-usados-aumentou-16-em-janeiro.jpg","width":1024,"height":581,"caption":"Row of new cars in port."},{"@type":"BreadcrumbList","@id":"https:\/\/jornaldasoficinas.com\/pt\/standvirtual-procura-por-usados-aumentou-16-em-janeiro\/#breadcrumb","itemListElement":[{"@type":"ListItem","position":1,"name":"In\u00edcio","item":"https:\/\/jornaldasoficinas.com\/pt\/"},{"@type":"ListItem","position":2,"name":"Standvirtual: procura por usados aumentou 16% em janeiro"}]},{"@type":"WebSite","@id":"https:\/\/jornaldasoficinas.com\/pt\/#website","url":"https:\/\/jornaldasoficinas.com\/pt\/","name":"Jornal das Oficinas","description":"Jornal independente do Aftermarket Autom\u00f3vel em Portugal","publisher":{"@id":"https:\/\/jornaldasoficinas.com\/pt\/#organization"},"potentialAction":[{"@type":"SearchAction","target":{"@type":"EntryPoint","urlTemplate":"https:\/\/jornaldasoficinas.com\/pt\/?s={search_term_string}"},"query-input":{"@type":"PropertyValueSpecification","valueRequired":true,"valueName":"search_term_string"}}],"inLanguage":"pt-PT"},{"@type":"Organization","@id":"https:\/\/jornaldasoficinas.com\/pt\/#organization","name":"Jornal das Oficinas","url":"https:\/\/jornaldasoficinas.com\/pt\/","logo":{"@type":"ImageObject","inLanguage":"pt-PT","@id":"https:\/\/jornaldasoficinas.com\/pt\/#\/schema\/logo\/image\/","url":"https:\/\/jornaldasoficinas.com\/pt\/wp-content\/uploads\/logoJO-SEO.png","contentUrl":"https:\/\/jornaldasoficinas.com\/pt\/wp-content\/uploads\/logoJO-SEO.png","width":285,"height":450,"caption":"Jornal das Oficinas"},"image":{"@id":"https:\/\/jornaldasoficinas.com\/pt\/#\/schema\/logo\/image\/"},"sameAs":["https:\/\/www.facebook.com\/jornaloficinas","https:\/\/x.com\/jornaloficinas","https:\/\/www.instagram.com\/jornal_oficinas\/","https:\/\/www.linkedin.com\/company\/jornal-das-oficinas\/","https:\/\/www.youtube.com\/channel\/UCbQZBqtcvV-oSQrr7RzINGg"]},{"@type":"Person","@id":"https:\/\/jornaldasoficinas.com\/pt\/#\/schema\/person\/a38eef5de2c41d9e7c9ac10141afddf3","name":"Reda\u00e7\u00e3o JO","image":{"@type":"ImageObject","inLanguage":"pt-PT","@id":"https:\/\/secure.gravatar.com\/avatar\/71f2fa71737ad68a84fea94bc708ddac8ea5b0c4788dc2ad202f3ccb2887742f?s=96&d=wp_user_avatar&r=g","url":"https:\/\/secure.gravatar.com\/avatar\/71f2fa71737ad68a84fea94bc708ddac8ea5b0c4788dc2ad202f3ccb2887742f?s=96&d=wp_user_avatar&r=g","contentUrl":"https:\/\/secure.gravatar.com\/avatar\/71f2fa71737ad68a84fea94bc708ddac8ea5b0c4788dc2ad202f3ccb2887742f?s=96&d=wp_user_avatar&r=g","caption":"Reda\u00e7\u00e3o JO"},"url":"https:\/\/jornaldasoficinas.com\/pt\/author\/joredacao\/"}]}},"_links":{"self":[{"href":"https:\/\/jornaldasoficinas.com\/pt\/wp-json\/wp\/v2\/posts\/98463","targetHints":{"allow":["GET"]}}],"collection":[{"href":"https:\/\/jornaldasoficinas.com\/pt\/wp-json\/wp\/v2\/posts"}],"about":[{"href":"https:\/\/jornaldasoficinas.com\/pt\/wp-json\/wp\/v2\/types\/post"}],"author":[{"embeddable":true,"href":"https:\/\/jornaldasoficinas.com\/pt\/wp-json\/wp\/v2\/users\/15"}],"replies":[{"embeddable":true,"href":"https:\/\/jornaldasoficinas.com\/pt\/wp-json\/wp\/v2\/comments?post=98463"}],"version-history":[{"count":4,"href":"https:\/\/jornaldasoficinas.com\/pt\/wp-json\/wp\/v2\/posts\/98463\/revisions"}],"predecessor-version":[{"id":98478,"href":"https:\/\/jornaldasoficinas.com\/pt\/wp-json\/wp\/v2\/posts\/98463\/revisions\/98478"}],"wp:featuredmedia":[{"embeddable":true,"href":"https:\/\/jornaldasoficinas.com\/pt\/wp-json\/wp\/v2\/media\/98477"}],"wp:attachment":[{"href":"https:\/\/jornaldasoficinas.com\/pt\/wp-json\/wp\/v2\/media?parent=98463"}],"wp:term":[{"taxonomy":"category","embeddable":true,"href":"https:\/\/jornaldasoficinas.com\/pt\/wp-json\/wp\/v2\/categories?post=98463"},{"taxonomy":"post_tag","embeddable":true,"href":"https:\/\/jornaldasoficinas.com\/pt\/wp-json\/wp\/v2\/tags?post=98463"}],"curies":[{"name":"wp","href":"https:\/\/api.w.org\/{rel}","templated":true}]}}