{"id":98504,"date":"2025-03-03T12:30:43","date_gmt":"2025-03-03T12:30:43","guid":{"rendered":"https:\/\/jornaldasoficinas.com\/pt\/?p=98504"},"modified":"2025-02-27T17:10:22","modified_gmt":"2025-02-27T17:10:22","slug":"midas-inaugura-nova-oficina-em-vila-nova-de-famalicao","status":"publish","type":"post","link":"https:\/\/jornaldasoficinas.com\/pt\/midas-inaugura-nova-oficina-em-vila-nova-de-famalicao\/","title":{"rendered":"MIDAS inaugura nova oficina em Vila Nova de Famalic\u00e3o"},"content":{"rendered":"<p><strong><img loading=\"lazy\" decoding=\"async\" class=\"alignnone size-full wp-image-98508\" src=\"https:\/\/jornaldasoficinas.com\/pt\/wp-content\/uploads\/2025\/02\/MIDAS-inaugura-nova-oficina-em-Vila-Nova-de-Famalicao.jpeg\" alt=\"02 - MIDAS inaugura nova oficina em Vila Nova de Famalicao\" width=\"1024\" height=\"581\" srcset=\"https:\/\/jornaldasoficinas.com\/pt\/wp-content\/uploads\/2025\/02\/MIDAS-inaugura-nova-oficina-em-Vila-Nova-de-Famalicao.jpeg 1024w, https:\/\/jornaldasoficinas.com\/pt\/wp-content\/uploads\/2025\/02\/MIDAS-inaugura-nova-oficina-em-Vila-Nova-de-Famalicao-300x170.jpeg 300w, https:\/\/jornaldasoficinas.com\/pt\/wp-content\/uploads\/2025\/02\/MIDAS-inaugura-nova-oficina-em-Vila-Nova-de-Famalicao-150x85.jpeg 150w, https:\/\/jornaldasoficinas.com\/pt\/wp-content\/uploads\/2025\/02\/MIDAS-inaugura-nova-oficina-em-Vila-Nova-de-Famalicao-768x436.jpeg 768w\" sizes=\"auto, (max-width: 1024px) 100vw, 1024px\" \/><\/strong><\/p>\n<p><strong>A <a href=\"https:\/\/www.midas.pt\/\" target=\"_blank\" rel=\"noopener\">MIDAS<\/a> expandiu a sua presen\u00e7a no Minho com a abertura da 12.\u00aa oficina franqueada na regi\u00e3o, totalizando 27 unidades em todo o pa\u00eds, com abertura prevista para o final do terceiro trimestre<\/strong><\/p>\n<p>Com um total de 26 oficinas em Portugal, 12 das quais franqueadas, a assinatura para abertura de uma nova unidade em regime de franquia, desta vez, em Vila Nova de Famalic\u00e3o, \u00e9 um &#8220;forte testemunho do dinamismo e da confian\u00e7a que a marca inspira nos seus parceiros&#8221;, afirmou a Midas em comunicado.<\/p>\n<p>Este novo espa\u00e7o refor\u00e7a uma parceria de sucesso, marcando a 4.\u00aa abertura de uma oficina MIDAS pelo grupo empresarial Maintarget em apenas dois anos. &#8220;Esta aposta cont\u00ednua demonstra n\u00e3o s\u00f3 a rentabilidade do modelo de franchising da MIDAS, mas tamb\u00e9m o reconhecimento da qualidade dos seus servi\u00e7os e do sistema de apoio aos franqueados&#8221;, sublinhou.<\/p>\n<p>A assinatura do contrato, realizada no passado dia 5 de fevereiro, contou com a presen\u00e7a de Miguel Silva e Pedro Soares, respetivamente COO e Respons\u00e1vel de Expans\u00e3o da MIDAS Portugal, assim como de Jorge Dias, Carlos Silva e Michelle Dias, em representa\u00e7\u00e3o da Mainstation, empresa integrante do grupo parceiro. Esta nova oficina chega para refor\u00e7ar a oferta de servi\u00e7os autom\u00f3veis na regi\u00e3o, assegurando solu\u00e7\u00f5es inovadoras e \u00e0 medida das necessidades dos condutores famalicenses.<\/p>\n<p>Para Miguel Silva, esta nova unidade representa um marco estrat\u00e9gico na expans\u00e3o da marca: &#8220;Este \u00e9 um exemplo claro da for\u00e7a e da credibilidade da MIDAS no mercado. Ver um parceiro abrir quatro oficinas em apenas dois anos \u00e9 a prova de que estamos a oferecer um franchising vencedor, com um modelo de neg\u00f3cio s\u00f3lido e rent\u00e1vel. Famalic\u00e3o \u00e9 uma localiza\u00e7\u00e3o-chave para refor\u00e7armos a nossa presen\u00e7a no Minho e garantir um servi\u00e7o de excel\u00eancia aos condutores da regi\u00e3o&#8221;.<\/p>\n<p>Pedro Soares sublinhou ainda o impacto desta expans\u00e3o: &#8220;Cada nova abertura refor\u00e7a a posi\u00e7\u00e3o da MIDAS como o franchising autom\u00f3vel mais atrativo do mercado. O sucesso das oficinas j\u00e1 estabelecidas mostra que n\u00e3o se trata apenas de abrir espa\u00e7os, mas de criar uma rede forte e sustent\u00e1vel. Esta nova unidade \u00e9 mais um passo na consolida\u00e7\u00e3o da nossa marca e no crescimento dos nossos parceiros&#8221;.<\/p>\n<p>Carlos Silva, por sua vez, destacou os bons resultados e a motiva\u00e7\u00e3o para continuar a expandir: &#8220;A confian\u00e7a na MIDAS \u00e9 total. O crescimento acelerado das nossas unidades prova que o modelo funciona, que os clientes reconhecem a qualidade dos servi\u00e7os e que h\u00e1 ainda muito potencial para explorar. Estamos prontos para mais um desafio e entusiasmados com o que est\u00e1 por vir&#8221;.<\/p>\n<p>A inaugura\u00e7\u00e3o da nova MIDAS Famalic\u00e3o est\u00e1 prevista para o final do primeiro trimestre deste ano.<\/p>\n","protected":false},"excerpt":{"rendered":"<p>A MIDAS expandiu a sua presen\u00e7a&#8230;<\/p>\n","protected":false},"author":15,"featured_media":98508,"comment_status":"closed","ping_status":"closed","sticky":false,"template":"","format":"standard","meta":{"footnotes":""},"categories":[29],"tags":[12070,12071,939,8935,6652],"class_list":["post-98504","post","type-post","status-publish","format-standard","has-post-thumbnail","hentry","category-empresas","tag-12-a-oficina-franqueada","tag-27-unidades","tag-midas","tag-nova-oficina","tag-vila-nova-de-famalicao"],"yoast_head":"<!-- This site is optimized with the Yoast SEO plugin v27.4 - https:\/\/yoast.com\/product\/yoast-seo-wordpress\/ -->\n<title>MIDAS inaugura nova oficina em Vila Nova de Famalic\u00e3o - Jornal das Oficinas<\/title>\n<meta name=\"description\" content=\"A MIDAS expandiu a sua presen\u00e7a no Minho com a abertura da 12.\u00aa oficina franqueada, com abertura prevista para o final do terceiro trimestre\" \/>\n<meta name=\"robots\" content=\"index, follow, max-snippet:-1, max-image-preview:large, max-video-preview:-1\" \/>\n<link rel=\"canonical\" href=\"https:\/\/jornaldasoficinas.com\/pt\/midas-inaugura-nova-oficina-em-vila-nova-de-famalicao\/\" \/>\n<meta property=\"og:locale\" content=\"pt_PT\" \/>\n<meta property=\"og:type\" content=\"article\" \/>\n<meta property=\"og:title\" content=\"MIDAS inaugura nova oficina em Vila Nova de Famalic\u00e3o - Jornal das Oficinas\" \/>\n<meta property=\"og:description\" content=\"A MIDAS expandiu a sua presen\u00e7a no Minho com a abertura da 12.\u00aa oficina franqueada, com abertura prevista para o final do terceiro trimestre\" \/>\n<meta property=\"og:url\" content=\"https:\/\/jornaldasoficinas.com\/pt\/midas-inaugura-nova-oficina-em-vila-nova-de-famalicao\/\" \/>\n<meta property=\"og:site_name\" content=\"Jornal das Oficinas\" \/>\n<meta property=\"article:publisher\" content=\"https:\/\/www.facebook.com\/jornaloficinas\" \/>\n<meta property=\"article:published_time\" content=\"2025-03-03T12:30:43+00:00\" \/>\n<meta property=\"og:image\" content=\"https:\/\/jornaldasoficinas.com\/pt\/wp-content\/uploads\/2025\/02\/MIDAS-inaugura-nova-oficina-em-Vila-Nova-de-Famalicao.jpeg\" \/>\n\t<meta property=\"og:image:width\" content=\"1024\" \/>\n\t<meta property=\"og:image:height\" content=\"581\" \/>\n\t<meta property=\"og:image:type\" content=\"image\/jpeg\" \/>\n<meta name=\"author\" content=\"Reda\u00e7\u00e3o JO\" \/>\n<meta name=\"twitter:card\" content=\"summary_large_image\" \/>\n<meta name=\"twitter:creator\" content=\"@jornaloficinas\" \/>\n<meta name=\"twitter:site\" content=\"@jornaloficinas\" \/>\n<meta name=\"twitter:label1\" content=\"Escrito por\" \/>\n\t<meta name=\"twitter:data1\" content=\"Reda\u00e7\u00e3o JO\" \/>\n\t<meta name=\"twitter:label2\" content=\"Tempo estimado de leitura\" \/>\n\t<meta name=\"twitter:data2\" content=\"3 minutos\" \/>\n<script type=\"application\/ld+json\" class=\"yoast-schema-graph\">{\"@context\":\"https:\\\/\\\/schema.org\",\"@graph\":[{\"@type\":\"Article\",\"@id\":\"https:\\\/\\\/jornaldasoficinas.com\\\/pt\\\/midas-inaugura-nova-oficina-em-vila-nova-de-famalicao\\\/#article\",\"isPartOf\":{\"@id\":\"https:\\\/\\\/jornaldasoficinas.com\\\/pt\\\/midas-inaugura-nova-oficina-em-vila-nova-de-famalicao\\\/\"},\"author\":{\"name\":\"Reda\u00e7\u00e3o JO\",\"@id\":\"https:\\\/\\\/jornaldasoficinas.com\\\/pt\\\/#\\\/schema\\\/person\\\/a38eef5de2c41d9e7c9ac10141afddf3\"},\"headline\":\"MIDAS inaugura nova oficina em Vila Nova de Famalic\u00e3o\",\"datePublished\":\"2025-03-03T12:30:43+00:00\",\"mainEntityOfPage\":{\"@id\":\"https:\\\/\\\/jornaldasoficinas.com\\\/pt\\\/midas-inaugura-nova-oficina-em-vila-nova-de-famalicao\\\/\"},\"wordCount\":478,\"publisher\":{\"@id\":\"https:\\\/\\\/jornaldasoficinas.com\\\/pt\\\/#organization\"},\"image\":{\"@id\":\"https:\\\/\\\/jornaldasoficinas.com\\\/pt\\\/midas-inaugura-nova-oficina-em-vila-nova-de-famalicao\\\/#primaryimage\"},\"thumbnailUrl\":\"https:\\\/\\\/jornaldasoficinas.com\\\/pt\\\/wp-content\\\/uploads\\\/2025\\\/02\\\/MIDAS-inaugura-nova-oficina-em-Vila-Nova-de-Famalicao.jpeg\",\"keywords\":[\"12.\u00aa oficina franqueada\",\"27 unidades\",\"Midas\",\"nova oficina\",\"Vila Nova de Famalic\u00e3o\"],\"articleSection\":[\"Empresas\"],\"inLanguage\":\"pt-PT\"},{\"@type\":\"WebPage\",\"@id\":\"https:\\\/\\\/jornaldasoficinas.com\\\/pt\\\/midas-inaugura-nova-oficina-em-vila-nova-de-famalicao\\\/\",\"url\":\"https:\\\/\\\/jornaldasoficinas.com\\\/pt\\\/midas-inaugura-nova-oficina-em-vila-nova-de-famalicao\\\/\",\"name\":\"MIDAS inaugura nova oficina em Vila Nova de Famalic\u00e3o - Jornal das Oficinas\",\"isPartOf\":{\"@id\":\"https:\\\/\\\/jornaldasoficinas.com\\\/pt\\\/#website\"},\"primaryImageOfPage\":{\"@id\":\"https:\\\/\\\/jornaldasoficinas.com\\\/pt\\\/midas-inaugura-nova-oficina-em-vila-nova-de-famalicao\\\/#primaryimage\"},\"image\":{\"@id\":\"https:\\\/\\\/jornaldasoficinas.com\\\/pt\\\/midas-inaugura-nova-oficina-em-vila-nova-de-famalicao\\\/#primaryimage\"},\"thumbnailUrl\":\"https:\\\/\\\/jornaldasoficinas.com\\\/pt\\\/wp-content\\\/uploads\\\/2025\\\/02\\\/MIDAS-inaugura-nova-oficina-em-Vila-Nova-de-Famalicao.jpeg\",\"datePublished\":\"2025-03-03T12:30:43+00:00\",\"description\":\"A MIDAS expandiu a sua presen\u00e7a no Minho com a abertura da 12.\u00aa oficina franqueada, com abertura prevista para o final do terceiro trimestre\",\"breadcrumb\":{\"@id\":\"https:\\\/\\\/jornaldasoficinas.com\\\/pt\\\/midas-inaugura-nova-oficina-em-vila-nova-de-famalicao\\\/#breadcrumb\"},\"inLanguage\":\"pt-PT\",\"potentialAction\":[{\"@type\":\"ReadAction\",\"target\":[\"https:\\\/\\\/jornaldasoficinas.com\\\/pt\\\/midas-inaugura-nova-oficina-em-vila-nova-de-famalicao\\\/\"]}]},{\"@type\":\"ImageObject\",\"inLanguage\":\"pt-PT\",\"@id\":\"https:\\\/\\\/jornaldasoficinas.com\\\/pt\\\/midas-inaugura-nova-oficina-em-vila-nova-de-famalicao\\\/#primaryimage\",\"url\":\"https:\\\/\\\/jornaldasoficinas.com\\\/pt\\\/wp-content\\\/uploads\\\/2025\\\/02\\\/MIDAS-inaugura-nova-oficina-em-Vila-Nova-de-Famalicao.jpeg\",\"contentUrl\":\"https:\\\/\\\/jornaldasoficinas.com\\\/pt\\\/wp-content\\\/uploads\\\/2025\\\/02\\\/MIDAS-inaugura-nova-oficina-em-Vila-Nova-de-Famalicao.jpeg\",\"width\":1024,\"height\":581,\"caption\":\"02 - MIDAS inaugura nova oficina em Vila Nova de Famalicao\"},{\"@type\":\"BreadcrumbList\",\"@id\":\"https:\\\/\\\/jornaldasoficinas.com\\\/pt\\\/midas-inaugura-nova-oficina-em-vila-nova-de-famalicao\\\/#breadcrumb\",\"itemListElement\":[{\"@type\":\"ListItem\",\"position\":1,\"name\":\"In\u00edcio\",\"item\":\"https:\\\/\\\/jornaldasoficinas.com\\\/pt\\\/\"},{\"@type\":\"ListItem\",\"position\":2,\"name\":\"MIDAS inaugura nova oficina em Vila Nova de Famalic\u00e3o\"}]},{\"@type\":\"WebSite\",\"@id\":\"https:\\\/\\\/jornaldasoficinas.com\\\/pt\\\/#website\",\"url\":\"https:\\\/\\\/jornaldasoficinas.com\\\/pt\\\/\",\"name\":\"Jornal das Oficinas\",\"description\":\"Jornal independente do Aftermarket Autom\u00f3vel em Portugal\",\"publisher\":{\"@id\":\"https:\\\/\\\/jornaldasoficinas.com\\\/pt\\\/#organization\"},\"potentialAction\":[{\"@type\":\"SearchAction\",\"target\":{\"@type\":\"EntryPoint\",\"urlTemplate\":\"https:\\\/\\\/jornaldasoficinas.com\\\/pt\\\/?s={search_term_string}\"},\"query-input\":{\"@type\":\"PropertyValueSpecification\",\"valueRequired\":true,\"valueName\":\"search_term_string\"}}],\"inLanguage\":\"pt-PT\"},{\"@type\":\"Organization\",\"@id\":\"https:\\\/\\\/jornaldasoficinas.com\\\/pt\\\/#organization\",\"name\":\"Jornal das Oficinas\",\"url\":\"https:\\\/\\\/jornaldasoficinas.com\\\/pt\\\/\",\"logo\":{\"@type\":\"ImageObject\",\"inLanguage\":\"pt-PT\",\"@id\":\"https:\\\/\\\/jornaldasoficinas.com\\\/pt\\\/#\\\/schema\\\/logo\\\/image\\\/\",\"url\":\"https:\\\/\\\/jornaldasoficinas.com\\\/pt\\\/wp-content\\\/uploads\\\/logoJO-SEO.png\",\"contentUrl\":\"https:\\\/\\\/jornaldasoficinas.com\\\/pt\\\/wp-content\\\/uploads\\\/logoJO-SEO.png\",\"width\":285,\"height\":450,\"caption\":\"Jornal das Oficinas\"},\"image\":{\"@id\":\"https:\\\/\\\/jornaldasoficinas.com\\\/pt\\\/#\\\/schema\\\/logo\\\/image\\\/\"},\"sameAs\":[\"https:\\\/\\\/www.facebook.com\\\/jornaloficinas\",\"https:\\\/\\\/x.com\\\/jornaloficinas\",\"https:\\\/\\\/www.instagram.com\\\/jornal_oficinas\\\/\",\"https:\\\/\\\/www.linkedin.com\\\/company\\\/jornal-das-oficinas\\\/\",\"https:\\\/\\\/www.youtube.com\\\/channel\\\/UCbQZBqtcvV-oSQrr7RzINGg\"]},{\"@type\":\"Person\",\"@id\":\"https:\\\/\\\/jornaldasoficinas.com\\\/pt\\\/#\\\/schema\\\/person\\\/a38eef5de2c41d9e7c9ac10141afddf3\",\"name\":\"Reda\u00e7\u00e3o JO\",\"image\":{\"@type\":\"ImageObject\",\"inLanguage\":\"pt-PT\",\"@id\":\"https:\\\/\\\/secure.gravatar.com\\\/avatar\\\/71f2fa71737ad68a84fea94bc708ddac8ea5b0c4788dc2ad202f3ccb2887742f?s=96&d=wp_user_avatar&r=g\",\"url\":\"https:\\\/\\\/secure.gravatar.com\\\/avatar\\\/71f2fa71737ad68a84fea94bc708ddac8ea5b0c4788dc2ad202f3ccb2887742f?s=96&d=wp_user_avatar&r=g\",\"contentUrl\":\"https:\\\/\\\/secure.gravatar.com\\\/avatar\\\/71f2fa71737ad68a84fea94bc708ddac8ea5b0c4788dc2ad202f3ccb2887742f?s=96&d=wp_user_avatar&r=g\",\"caption\":\"Reda\u00e7\u00e3o JO\"},\"url\":\"https:\\\/\\\/jornaldasoficinas.com\\\/pt\\\/author\\\/joredacao\\\/\"}]}<\/script>\n<!-- \/ Yoast SEO plugin. -->","yoast_head_json":{"title":"MIDAS inaugura nova oficina em Vila Nova de Famalic\u00e3o - Jornal das Oficinas","description":"A MIDAS expandiu a sua presen\u00e7a no Minho com a abertura da 12.\u00aa oficina franqueada, com abertura prevista para o final do terceiro trimestre","robots":{"index":"index","follow":"follow","max-snippet":"max-snippet:-1","max-image-preview":"max-image-preview:large","max-video-preview":"max-video-preview:-1"},"canonical":"https:\/\/jornaldasoficinas.com\/pt\/midas-inaugura-nova-oficina-em-vila-nova-de-famalicao\/","og_locale":"pt_PT","og_type":"article","og_title":"MIDAS inaugura nova oficina em Vila Nova de Famalic\u00e3o - Jornal das Oficinas","og_description":"A MIDAS expandiu a sua presen\u00e7a no Minho com a abertura da 12.\u00aa oficina franqueada, com abertura prevista para o final do terceiro trimestre","og_url":"https:\/\/jornaldasoficinas.com\/pt\/midas-inaugura-nova-oficina-em-vila-nova-de-famalicao\/","og_site_name":"Jornal das Oficinas","article_publisher":"https:\/\/www.facebook.com\/jornaloficinas","article_published_time":"2025-03-03T12:30:43+00:00","og_image":[{"width":1024,"height":581,"url":"https:\/\/jornaldasoficinas.com\/pt\/wp-content\/uploads\/2025\/02\/MIDAS-inaugura-nova-oficina-em-Vila-Nova-de-Famalicao.jpeg","type":"image\/jpeg"}],"author":"Reda\u00e7\u00e3o JO","twitter_card":"summary_large_image","twitter_creator":"@jornaloficinas","twitter_site":"@jornaloficinas","twitter_misc":{"Escrito por":"Reda\u00e7\u00e3o JO","Tempo estimado de leitura":"3 minutos"},"schema":{"@context":"https:\/\/schema.org","@graph":[{"@type":"Article","@id":"https:\/\/jornaldasoficinas.com\/pt\/midas-inaugura-nova-oficina-em-vila-nova-de-famalicao\/#article","isPartOf":{"@id":"https:\/\/jornaldasoficinas.com\/pt\/midas-inaugura-nova-oficina-em-vila-nova-de-famalicao\/"},"author":{"name":"Reda\u00e7\u00e3o JO","@id":"https:\/\/jornaldasoficinas.com\/pt\/#\/schema\/person\/a38eef5de2c41d9e7c9ac10141afddf3"},"headline":"MIDAS inaugura nova oficina em Vila Nova de Famalic\u00e3o","datePublished":"2025-03-03T12:30:43+00:00","mainEntityOfPage":{"@id":"https:\/\/jornaldasoficinas.com\/pt\/midas-inaugura-nova-oficina-em-vila-nova-de-famalicao\/"},"wordCount":478,"publisher":{"@id":"https:\/\/jornaldasoficinas.com\/pt\/#organization"},"image":{"@id":"https:\/\/jornaldasoficinas.com\/pt\/midas-inaugura-nova-oficina-em-vila-nova-de-famalicao\/#primaryimage"},"thumbnailUrl":"https:\/\/jornaldasoficinas.com\/pt\/wp-content\/uploads\/2025\/02\/MIDAS-inaugura-nova-oficina-em-Vila-Nova-de-Famalicao.jpeg","keywords":["12.\u00aa oficina franqueada","27 unidades","Midas","nova oficina","Vila Nova de Famalic\u00e3o"],"articleSection":["Empresas"],"inLanguage":"pt-PT"},{"@type":"WebPage","@id":"https:\/\/jornaldasoficinas.com\/pt\/midas-inaugura-nova-oficina-em-vila-nova-de-famalicao\/","url":"https:\/\/jornaldasoficinas.com\/pt\/midas-inaugura-nova-oficina-em-vila-nova-de-famalicao\/","name":"MIDAS inaugura nova oficina em Vila Nova de Famalic\u00e3o - Jornal das Oficinas","isPartOf":{"@id":"https:\/\/jornaldasoficinas.com\/pt\/#website"},"primaryImageOfPage":{"@id":"https:\/\/jornaldasoficinas.com\/pt\/midas-inaugura-nova-oficina-em-vila-nova-de-famalicao\/#primaryimage"},"image":{"@id":"https:\/\/jornaldasoficinas.com\/pt\/midas-inaugura-nova-oficina-em-vila-nova-de-famalicao\/#primaryimage"},"thumbnailUrl":"https:\/\/jornaldasoficinas.com\/pt\/wp-content\/uploads\/2025\/02\/MIDAS-inaugura-nova-oficina-em-Vila-Nova-de-Famalicao.jpeg","datePublished":"2025-03-03T12:30:43+00:00","description":"A MIDAS expandiu a sua presen\u00e7a no Minho com a abertura da 12.\u00aa oficina franqueada, com abertura prevista para o final do terceiro trimestre","breadcrumb":{"@id":"https:\/\/jornaldasoficinas.com\/pt\/midas-inaugura-nova-oficina-em-vila-nova-de-famalicao\/#breadcrumb"},"inLanguage":"pt-PT","potentialAction":[{"@type":"ReadAction","target":["https:\/\/jornaldasoficinas.com\/pt\/midas-inaugura-nova-oficina-em-vila-nova-de-famalicao\/"]}]},{"@type":"ImageObject","inLanguage":"pt-PT","@id":"https:\/\/jornaldasoficinas.com\/pt\/midas-inaugura-nova-oficina-em-vila-nova-de-famalicao\/#primaryimage","url":"https:\/\/jornaldasoficinas.com\/pt\/wp-content\/uploads\/2025\/02\/MIDAS-inaugura-nova-oficina-em-Vila-Nova-de-Famalicao.jpeg","contentUrl":"https:\/\/jornaldasoficinas.com\/pt\/wp-content\/uploads\/2025\/02\/MIDAS-inaugura-nova-oficina-em-Vila-Nova-de-Famalicao.jpeg","width":1024,"height":581,"caption":"02 - MIDAS inaugura nova oficina em Vila Nova de Famalicao"},{"@type":"BreadcrumbList","@id":"https:\/\/jornaldasoficinas.com\/pt\/midas-inaugura-nova-oficina-em-vila-nova-de-famalicao\/#breadcrumb","itemListElement":[{"@type":"ListItem","position":1,"name":"In\u00edcio","item":"https:\/\/jornaldasoficinas.com\/pt\/"},{"@type":"ListItem","position":2,"name":"MIDAS inaugura nova oficina em Vila Nova de Famalic\u00e3o"}]},{"@type":"WebSite","@id":"https:\/\/jornaldasoficinas.com\/pt\/#website","url":"https:\/\/jornaldasoficinas.com\/pt\/","name":"Jornal das Oficinas","description":"Jornal independente do Aftermarket Autom\u00f3vel em Portugal","publisher":{"@id":"https:\/\/jornaldasoficinas.com\/pt\/#organization"},"potentialAction":[{"@type":"SearchAction","target":{"@type":"EntryPoint","urlTemplate":"https:\/\/jornaldasoficinas.com\/pt\/?s={search_term_string}"},"query-input":{"@type":"PropertyValueSpecification","valueRequired":true,"valueName":"search_term_string"}}],"inLanguage":"pt-PT"},{"@type":"Organization","@id":"https:\/\/jornaldasoficinas.com\/pt\/#organization","name":"Jornal das Oficinas","url":"https:\/\/jornaldasoficinas.com\/pt\/","logo":{"@type":"ImageObject","inLanguage":"pt-PT","@id":"https:\/\/jornaldasoficinas.com\/pt\/#\/schema\/logo\/image\/","url":"https:\/\/jornaldasoficinas.com\/pt\/wp-content\/uploads\/logoJO-SEO.png","contentUrl":"https:\/\/jornaldasoficinas.com\/pt\/wp-content\/uploads\/logoJO-SEO.png","width":285,"height":450,"caption":"Jornal das Oficinas"},"image":{"@id":"https:\/\/jornaldasoficinas.com\/pt\/#\/schema\/logo\/image\/"},"sameAs":["https:\/\/www.facebook.com\/jornaloficinas","https:\/\/x.com\/jornaloficinas","https:\/\/www.instagram.com\/jornal_oficinas\/","https:\/\/www.linkedin.com\/company\/jornal-das-oficinas\/","https:\/\/www.youtube.com\/channel\/UCbQZBqtcvV-oSQrr7RzINGg"]},{"@type":"Person","@id":"https:\/\/jornaldasoficinas.com\/pt\/#\/schema\/person\/a38eef5de2c41d9e7c9ac10141afddf3","name":"Reda\u00e7\u00e3o JO","image":{"@type":"ImageObject","inLanguage":"pt-PT","@id":"https:\/\/secure.gravatar.com\/avatar\/71f2fa71737ad68a84fea94bc708ddac8ea5b0c4788dc2ad202f3ccb2887742f?s=96&d=wp_user_avatar&r=g","url":"https:\/\/secure.gravatar.com\/avatar\/71f2fa71737ad68a84fea94bc708ddac8ea5b0c4788dc2ad202f3ccb2887742f?s=96&d=wp_user_avatar&r=g","contentUrl":"https:\/\/secure.gravatar.com\/avatar\/71f2fa71737ad68a84fea94bc708ddac8ea5b0c4788dc2ad202f3ccb2887742f?s=96&d=wp_user_avatar&r=g","caption":"Reda\u00e7\u00e3o JO"},"url":"https:\/\/jornaldasoficinas.com\/pt\/author\/joredacao\/"}]}},"_links":{"self":[{"href":"https:\/\/jornaldasoficinas.com\/pt\/wp-json\/wp\/v2\/posts\/98504","targetHints":{"allow":["GET"]}}],"collection":[{"href":"https:\/\/jornaldasoficinas.com\/pt\/wp-json\/wp\/v2\/posts"}],"about":[{"href":"https:\/\/jornaldasoficinas.com\/pt\/wp-json\/wp\/v2\/types\/post"}],"author":[{"embeddable":true,"href":"https:\/\/jornaldasoficinas.com\/pt\/wp-json\/wp\/v2\/users\/15"}],"replies":[{"embeddable":true,"href":"https:\/\/jornaldasoficinas.com\/pt\/wp-json\/wp\/v2\/comments?post=98504"}],"version-history":[{"count":4,"href":"https:\/\/jornaldasoficinas.com\/pt\/wp-json\/wp\/v2\/posts\/98504\/revisions"}],"predecessor-version":[{"id":98510,"href":"https:\/\/jornaldasoficinas.com\/pt\/wp-json\/wp\/v2\/posts\/98504\/revisions\/98510"}],"wp:featuredmedia":[{"embeddable":true,"href":"https:\/\/jornaldasoficinas.com\/pt\/wp-json\/wp\/v2\/media\/98508"}],"wp:attachment":[{"href":"https:\/\/jornaldasoficinas.com\/pt\/wp-json\/wp\/v2\/media?parent=98504"}],"wp:term":[{"taxonomy":"category","embeddable":true,"href":"https:\/\/jornaldasoficinas.com\/pt\/wp-json\/wp\/v2\/categories?post=98504"},{"taxonomy":"post_tag","embeddable":true,"href":"https:\/\/jornaldasoficinas.com\/pt\/wp-json\/wp\/v2\/tags?post=98504"}],"curies":[{"name":"wp","href":"https:\/\/api.w.org\/{rel}","templated":true}]}}