{"id":98538,"date":"2025-03-03T22:00:11","date_gmt":"2025-03-03T22:00:11","guid":{"rendered":"https:\/\/jornaldasoficinas.com\/pt\/?p=98538"},"modified":"2025-05-05T16:23:13","modified_gmt":"2025-05-05T15:23:13","slug":"jornal-das-oficinas-de-fevereiro-marco-2025-disponivel-online","status":"publish","type":"post","link":"https:\/\/jornaldasoficinas.com\/pt\/jornal-das-oficinas-de-fevereiro-marco-2025-disponivel-online\/","title":{"rendered":"Jornal das Oficinas de fevereiro\/mar\u00e7o 2025 dispon\u00edvel online"},"content":{"rendered":"<p><img loading=\"lazy\" decoding=\"async\" class=\"alignnone size-full wp-image-98553\" src=\"https:\/\/jornaldasoficinas.com\/pt\/wp-content\/uploads\/2025\/02\/JO221Big.png\" alt=\"02 - JO221Big\" width=\"1024\" height=\"581\" srcset=\"https:\/\/jornaldasoficinas.com\/pt\/wp-content\/uploads\/2025\/02\/JO221Big.png 1024w, https:\/\/jornaldasoficinas.com\/pt\/wp-content\/uploads\/2025\/02\/JO221Big-300x170.png 300w, https:\/\/jornaldasoficinas.com\/pt\/wp-content\/uploads\/2025\/02\/JO221Big-150x85.png 150w, https:\/\/jornaldasoficinas.com\/pt\/wp-content\/uploads\/2025\/02\/JO221Big-768x436.png 768w\" sizes=\"auto, (max-width: 1024px) 100vw, 1024px\" \/><\/p>\n<p><strong>Na edi\u00e7\u00e3o de fevereiro\/mar\u00e7o 2025 do Jornal das Oficinas N\u00ba 221, o artigo de destaque \u00e9 sobre a Internacionaliza\u00e7\u00e3o de empresas aftermarket. Neste artigo, damos a conhecer exemplos de empresas de sucesso no aftermarket autom\u00f3vel nacional que escolheram internacionalizar-se e deixar a marca \u201cMade in Portugal\u201d espalhada pelo mundo, mas n\u00e3o s\u00f3! N\u00e3o perca uma \u00fanica p\u00e1gina desta edi\u00e7\u00e3o<\/strong><\/p>\n<p>Nesta edi\u00e7\u00e3o fazemos uma antevis\u00e3o do sal\u00e3o <a href=\"https:\/\/www.google.com\/url?sa=t&amp;source=web&amp;rct=j&amp;opi=89978449&amp;url=https:\/\/www.ifema.es\/en\/motortec&amp;ved=2ahUKEwj38_Pe-OaLAxUyTqQEHaFyNMEQFnoECAkQAQ&amp;usg=AOvVaw3hzu6_9EzJNyvV3i4VcBSX\">Motortec 2025<\/a>, que se realizar\u00e1 de 23 a 26 de abril de 2025. Este ano, o sal\u00e3o refor\u00e7a a dimens\u00e3o internacional com a participa\u00e7\u00e3o de mais de duzentas empresas estrangeiras confirmadas, de 25 pa\u00edses, o que representa um aumento de 50% face \u00e0 edi\u00e7\u00e3o de 2022.<\/p>\n<p>EPI para manipula\u00e7\u00e3o VE. A crescente difus\u00e3o de Ve\u00edculos El\u00e9tricos no mercado exige uma importante atualiza\u00e7\u00e3o de conhecimentos por parte das oficinas. Torna-se por isso urgente dar forma\u00e7\u00e3o aos profissionais que t\u00eam de manipular ve\u00edculos el\u00e9tricos e h\u00edbridos, para que o saibam fazer de forma segura, al\u00e9m de que todas as pessoas que manipulam este tipo de ve\u00edculos devem utilizar os Equipamentos de Prote\u00e7\u00e3o Individual (EPI) adequados e necess\u00e1rios.<\/p>\n<p>Inc\u00eandios em autom\u00f3veis. Uma percentagem muito elevada de inc\u00eandios em ve\u00edculos poderia ser evitada. Nos inc\u00eandios deliberados, a vontade de causar danos \u00e9 o principal fator. Mas h\u00e1 outros inc\u00eandios em que atitudes negligentes ou descuidadas &#8211; deliberadas ou n\u00e3o &#8211; conduzem frequentemente a um inc\u00eandio num ve\u00edculo.<\/p>\n<p>Plataformas de IAG. A Intelig\u00eancia Artificial Generativa (IAG) est\u00e1 a revolucionar o setor autom\u00f3vel, otimizando processos e impulsionando a efici\u00eancia em toda a cadeia de valor. Descubra neste artigo 10 plataformas inovadoras que est\u00e3o a potenciar a produtividade e rentabilidade das empresas.<\/p>\n<p>P\u00f3s-venda em risco! A repara\u00e7\u00e3o autom\u00f3vel na Europa enfrenta diversos obst\u00e1culos devido a uma combina\u00e7\u00e3o de fatores econ\u00f3micos, tecnol\u00f3gicos, regulat\u00f3rios e ambientais. As associa\u00e7\u00f5es europeias do mercado de p\u00f3s-venda, incluindo a <a href=\"https:\/\/www.figiefa.eu\/en\/\" target=\"_blank\" rel=\"noopener\">Figiefa<\/a>, elaboraram um documento que apela \u00e0 media\u00e7\u00e3o de Bruxelas para p\u00f4r termo \u00e0s pr\u00e1ticas que dificultam as repara\u00e7\u00f5es pelo setor independente.<\/p>\n<p>Entrevistas. Para esta edi\u00e7\u00e3o visit\u00e1mos v\u00e1rias empresa e entrevist\u00e1mos os seus respons\u00e1veis:<\/p>\n<p>Carlos Garc\u00eda, Senior Manager Marketing &amp; Operations Iberia Region da <a href=\"https:\/\/www.ngkntk.com\/pt\/\" target=\"_blank\" rel=\"noopener\">Niterra<\/a><br \/>\nCl\u00e1udia Soares, gerente da Rolnorte, e Diogo Cavalheiro, diretor comercial da <a href=\"https:\/\/rolnorte.pt\/\" target=\"_blank\" rel=\"noopener\">Rolnorte<\/a><br \/>\nGael Escribe, fundador e CEO da <a href=\"https:\/\/www.nexusautomotiveinternational.eu\/en\" target=\"_blank\" rel=\"noopener\">Nexus Automotive International<\/a><br \/>\nM\u00e1rio Batista, diretor-geral da <a href=\"https:\/\/caetanoretail.pt\/caetano-parts\/\" target=\"_blank\" rel=\"noopener\">Caetano Parts<\/a><br \/>\nNuno Pinto, diretor geral da Diagtec Plus, e Tiago Resente, diretor de marketing da <a href=\"https:\/\/diagtecplus.pt\/\" target=\"_blank\" rel=\"noopener\">Diagtec Plus<\/a><br \/>\nPaulo Azevedo, s\u00f3cio-gerente da OMA Pe\u00e7as Auto, e Miguel Moreira, s\u00f3cio-gerente da <a href=\"https:\/\/www.omapecas.pt\/\" target=\"_blank\" rel=\"noopener\">OMA Pe\u00e7as Auto<\/a><br \/>\nRicardo Cruz, Administrador da <a href=\"https:\/\/fidelidadecarservice.pt\/\" target=\"_blank\" rel=\"noopener\">Fidelidade Car Service<\/a><\/p>\n<p>Competitividade na oficina. A competitividade \u00e9 um aspeto que qualquer oficina, por mais pequena que seja, deve ter em conta. Prov\u00e9m das vantagens que a oficina tem na sua produ\u00e7\u00e3o e organiza\u00e7\u00e3o (que se reflectem no pre\u00e7o e na qualidade do servi\u00e7o final) em rela\u00e7\u00e3o a outras oficinas concorrentes.<\/p>\n<p>Projeto Efficientia. Tal como o nome indica, \u00e9 um projeto promovido pela <a href=\"https:\/\/www.anecra.pt\/\" target=\"_blank\" rel=\"noopener\">ANECRA<\/a>, que teve como objetivo, ao longo dos \u00faltimos tr\u00eas anos, criar efici\u00eancia energ\u00e9tica dentro das empresas do com\u00e9rcio retalhista da repara\u00e7\u00e3o autom\u00f3vel.<\/p>\n<p>Oficina do m\u00eas. Foi em S\u00e3o Pedro da Cova, Gondomar, que M\u00e1rio Moreira, Chefe de Opera\u00e7\u00f5es da <a href=\"https:\/\/flsmotor.pt\/\" target=\"_blank\" rel=\"noopener\">FLS Motor<\/a>, nos recebeu e apresentou a empresa que integra a rede <a href=\"https:\/\/www.boschcarservice.com\/pt\/pt\/\" target=\"_blank\" rel=\"noopener\">Bosch Car Service<\/a> h\u00e1 15 anos. A casa, atualmente com 23 colaboradores, faz servi\u00e7os de mec\u00e2nica e pintura e foi a primeira oficina da Pen\u00ednsula Ib\u00e9rica a ser certificada pela Bosch para a manuten\u00e7\u00e3o de ve\u00edculos el\u00e9tricos e h\u00edbridos el\u00e9tricos.<\/p>\n<p>Equipamentos essenciais. Numa oficina \u00e9 fundamental contar com os equipamentos necess\u00e1rias para efetuar qualquer repara\u00e7\u00e3o e oferecer o melhor servi\u00e7o poss\u00edvel ao cliente. Uma oficina com o equipamento e as ferramentas adequadas, vai sempre ter mais possibilidades de enfrentar qualquer tipo de repara\u00e7\u00e3o e, para al\u00e9m disso, facilitar as tarefas aos empregados.<\/p>\n<p>Excelentes motivos para n\u00e3o perder uma p\u00e1gina desta edi\u00e7\u00e3o! Boa leitura online ou impressa.<\/p>\n<p><iframe loading=\"lazy\" src=\"https:\/\/www.yumpu.com\/pt\/embed\/view\/PBUjLEA8iQZqd2Mn\" width=\"620px\" height=\"440px\" frameborder=\"0\" allowfullscreen=\"allowfullscreen\"><span style=\"display: inline-block; width: 0px; overflow: hidden; line-height: 0;\" data-mce-type=\"bookmark\" class=\"mce_SELRES_start\">\ufeff<\/span><\/iframe><\/p>\n","protected":false},"excerpt":{"rendered":"<p>Na edi\u00e7\u00e3o de fevereiro\/mar\u00e7o 2025 do&#8230;<\/p>\n","protected":false},"author":15,"featured_media":98553,"comment_status":"closed","ping_status":"closed","sticky":false,"template":"","format":"standard","meta":{"footnotes":""},"categories":[411],"tags":[137,2699,11218,2058,12088,8075,12087,1087,11788,12084,11455,2905,12086,12085],"class_list":["post-98538","post","type-post","status-publish","format-standard","has-post-thumbnail","hentry","category-edicoes-jo","tag-anecra","tag-caetano-parts","tag-diagtec-plus","tag-epi","tag-fevereiro-marco-2025","tag-fidelidade-car-service","tag-fls-motor","tag-inteligencia-artificial","tag-internacionalizacao-aftermarket","tag-jornal-das-oficinas-221","tag-motortec-2025","tag-niterra","tag-oma-pecas-auto","tag-rolnorte"],"yoast_head":"<!-- This site is optimized with the Yoast SEO plugin v27.4 - https:\/\/yoast.com\/product\/yoast-seo-wordpress\/ -->\n<title>Jornal das Oficinas de fevereiro\/mar\u00e7o 2025 dispon\u00edvel online - Jornal das Oficinas<\/title>\n<meta name=\"description\" content=\"Na edi\u00e7\u00e3o de fevereiro\/mar\u00e7o 2025 do Jornal das Oficinas N\u00ba 221, o artigo de destaque \u00e9 sobre a Internacionaliza\u00e7\u00e3o de empresas aftermarket\" \/>\n<meta name=\"robots\" content=\"index, follow, max-snippet:-1, max-image-preview:large, max-video-preview:-1\" \/>\n<link rel=\"canonical\" href=\"https:\/\/jornaldasoficinas.com\/pt\/jornal-das-oficinas-de-fevereiro-marco-2025-disponivel-online\/\" \/>\n<meta property=\"og:locale\" content=\"pt_PT\" \/>\n<meta property=\"og:type\" content=\"article\" \/>\n<meta property=\"og:title\" content=\"Jornal das Oficinas de fevereiro\/mar\u00e7o 2025 dispon\u00edvel online - Jornal das Oficinas\" \/>\n<meta property=\"og:description\" content=\"Na edi\u00e7\u00e3o de fevereiro\/mar\u00e7o 2025 do Jornal das Oficinas N\u00ba 221, o artigo de destaque \u00e9 sobre a Internacionaliza\u00e7\u00e3o de empresas aftermarket\" \/>\n<meta property=\"og:url\" content=\"https:\/\/jornaldasoficinas.com\/pt\/jornal-das-oficinas-de-fevereiro-marco-2025-disponivel-online\/\" \/>\n<meta property=\"og:site_name\" content=\"Jornal das Oficinas\" \/>\n<meta property=\"article:publisher\" content=\"https:\/\/www.facebook.com\/jornaloficinas\" \/>\n<meta property=\"article:published_time\" content=\"2025-03-03T22:00:11+00:00\" \/>\n<meta property=\"article:modified_time\" content=\"2025-05-05T15:23:13+00:00\" \/>\n<meta property=\"og:image\" content=\"https:\/\/jornaldasoficinas.com\/pt\/wp-content\/uploads\/2025\/02\/JO221Big.png\" \/>\n\t<meta property=\"og:image:width\" content=\"1024\" \/>\n\t<meta property=\"og:image:height\" content=\"581\" \/>\n\t<meta property=\"og:image:type\" content=\"image\/png\" \/>\n<meta name=\"author\" content=\"Reda\u00e7\u00e3o JO\" \/>\n<meta name=\"twitter:card\" content=\"summary_large_image\" \/>\n<meta name=\"twitter:creator\" content=\"@jornaloficinas\" \/>\n<meta name=\"twitter:site\" content=\"@jornaloficinas\" \/>\n<meta name=\"twitter:label1\" content=\"Escrito por\" \/>\n\t<meta name=\"twitter:data1\" content=\"Reda\u00e7\u00e3o JO\" \/>\n\t<meta name=\"twitter:label2\" content=\"Tempo estimado de leitura\" \/>\n\t<meta name=\"twitter:data2\" content=\"4 minutos\" \/>\n<script type=\"application\/ld+json\" class=\"yoast-schema-graph\">{\"@context\":\"https:\\\/\\\/schema.org\",\"@graph\":[{\"@type\":\"Article\",\"@id\":\"https:\\\/\\\/jornaldasoficinas.com\\\/pt\\\/jornal-das-oficinas-de-fevereiro-marco-2025-disponivel-online\\\/#article\",\"isPartOf\":{\"@id\":\"https:\\\/\\\/jornaldasoficinas.com\\\/pt\\\/jornal-das-oficinas-de-fevereiro-marco-2025-disponivel-online\\\/\"},\"author\":{\"name\":\"Reda\u00e7\u00e3o JO\",\"@id\":\"https:\\\/\\\/jornaldasoficinas.com\\\/pt\\\/#\\\/schema\\\/person\\\/a38eef5de2c41d9e7c9ac10141afddf3\"},\"headline\":\"Jornal das Oficinas de fevereiro\\\/mar\u00e7o 2025 dispon\u00edvel online\",\"datePublished\":\"2025-03-03T22:00:11+00:00\",\"dateModified\":\"2025-05-05T15:23:13+00:00\",\"mainEntityOfPage\":{\"@id\":\"https:\\\/\\\/jornaldasoficinas.com\\\/pt\\\/jornal-das-oficinas-de-fevereiro-marco-2025-disponivel-online\\\/\"},\"wordCount\":727,\"publisher\":{\"@id\":\"https:\\\/\\\/jornaldasoficinas.com\\\/pt\\\/#organization\"},\"image\":{\"@id\":\"https:\\\/\\\/jornaldasoficinas.com\\\/pt\\\/jornal-das-oficinas-de-fevereiro-marco-2025-disponivel-online\\\/#primaryimage\"},\"thumbnailUrl\":\"https:\\\/\\\/jornaldasoficinas.com\\\/pt\\\/wp-content\\\/uploads\\\/2025\\\/02\\\/JO221Big.png\",\"keywords\":[\"ANECRA\",\"Caetano Parts\",\"Diagtec Plus\",\"EPI\",\"fevereiro\\\/mar\u00e7o 2025\",\"Fidelidade Car Service\",\"FLS Motor\",\"Intelig\u00eancia artificial\",\"Internacionaliza\u00e7\u00e3o Aftermarket\",\"Jornal das Oficinas 221\",\"Motortec 2025\",\"Niterra\",\"OMA Pe\u00e7as Auto\",\"Rolnorte\"],\"articleSection\":[\"Edi\u00e7\u00f5es JO\"],\"inLanguage\":\"pt-PT\"},{\"@type\":\"WebPage\",\"@id\":\"https:\\\/\\\/jornaldasoficinas.com\\\/pt\\\/jornal-das-oficinas-de-fevereiro-marco-2025-disponivel-online\\\/\",\"url\":\"https:\\\/\\\/jornaldasoficinas.com\\\/pt\\\/jornal-das-oficinas-de-fevereiro-marco-2025-disponivel-online\\\/\",\"name\":\"Jornal das Oficinas de fevereiro\\\/mar\u00e7o 2025 dispon\u00edvel online - Jornal das Oficinas\",\"isPartOf\":{\"@id\":\"https:\\\/\\\/jornaldasoficinas.com\\\/pt\\\/#website\"},\"primaryImageOfPage\":{\"@id\":\"https:\\\/\\\/jornaldasoficinas.com\\\/pt\\\/jornal-das-oficinas-de-fevereiro-marco-2025-disponivel-online\\\/#primaryimage\"},\"image\":{\"@id\":\"https:\\\/\\\/jornaldasoficinas.com\\\/pt\\\/jornal-das-oficinas-de-fevereiro-marco-2025-disponivel-online\\\/#primaryimage\"},\"thumbnailUrl\":\"https:\\\/\\\/jornaldasoficinas.com\\\/pt\\\/wp-content\\\/uploads\\\/2025\\\/02\\\/JO221Big.png\",\"datePublished\":\"2025-03-03T22:00:11+00:00\",\"dateModified\":\"2025-05-05T15:23:13+00:00\",\"description\":\"Na edi\u00e7\u00e3o de fevereiro\\\/mar\u00e7o 2025 do Jornal das Oficinas N\u00ba 221, o artigo de destaque \u00e9 sobre a Internacionaliza\u00e7\u00e3o de empresas aftermarket\",\"breadcrumb\":{\"@id\":\"https:\\\/\\\/jornaldasoficinas.com\\\/pt\\\/jornal-das-oficinas-de-fevereiro-marco-2025-disponivel-online\\\/#breadcrumb\"},\"inLanguage\":\"pt-PT\",\"potentialAction\":[{\"@type\":\"ReadAction\",\"target\":[\"https:\\\/\\\/jornaldasoficinas.com\\\/pt\\\/jornal-das-oficinas-de-fevereiro-marco-2025-disponivel-online\\\/\"]}]},{\"@type\":\"ImageObject\",\"inLanguage\":\"pt-PT\",\"@id\":\"https:\\\/\\\/jornaldasoficinas.com\\\/pt\\\/jornal-das-oficinas-de-fevereiro-marco-2025-disponivel-online\\\/#primaryimage\",\"url\":\"https:\\\/\\\/jornaldasoficinas.com\\\/pt\\\/wp-content\\\/uploads\\\/2025\\\/02\\\/JO221Big.png\",\"contentUrl\":\"https:\\\/\\\/jornaldasoficinas.com\\\/pt\\\/wp-content\\\/uploads\\\/2025\\\/02\\\/JO221Big.png\",\"width\":1024,\"height\":581,\"caption\":\"02 - JO221Big\"},{\"@type\":\"BreadcrumbList\",\"@id\":\"https:\\\/\\\/jornaldasoficinas.com\\\/pt\\\/jornal-das-oficinas-de-fevereiro-marco-2025-disponivel-online\\\/#breadcrumb\",\"itemListElement\":[{\"@type\":\"ListItem\",\"position\":1,\"name\":\"In\u00edcio\",\"item\":\"https:\\\/\\\/jornaldasoficinas.com\\\/pt\\\/\"},{\"@type\":\"ListItem\",\"position\":2,\"name\":\"Jornal das Oficinas de fevereiro\\\/mar\u00e7o 2025 dispon\u00edvel online\"}]},{\"@type\":\"WebSite\",\"@id\":\"https:\\\/\\\/jornaldasoficinas.com\\\/pt\\\/#website\",\"url\":\"https:\\\/\\\/jornaldasoficinas.com\\\/pt\\\/\",\"name\":\"Jornal das Oficinas\",\"description\":\"Jornal independente do Aftermarket Autom\u00f3vel em Portugal\",\"publisher\":{\"@id\":\"https:\\\/\\\/jornaldasoficinas.com\\\/pt\\\/#organization\"},\"potentialAction\":[{\"@type\":\"SearchAction\",\"target\":{\"@type\":\"EntryPoint\",\"urlTemplate\":\"https:\\\/\\\/jornaldasoficinas.com\\\/pt\\\/?s={search_term_string}\"},\"query-input\":{\"@type\":\"PropertyValueSpecification\",\"valueRequired\":true,\"valueName\":\"search_term_string\"}}],\"inLanguage\":\"pt-PT\"},{\"@type\":\"Organization\",\"@id\":\"https:\\\/\\\/jornaldasoficinas.com\\\/pt\\\/#organization\",\"name\":\"Jornal das Oficinas\",\"url\":\"https:\\\/\\\/jornaldasoficinas.com\\\/pt\\\/\",\"logo\":{\"@type\":\"ImageObject\",\"inLanguage\":\"pt-PT\",\"@id\":\"https:\\\/\\\/jornaldasoficinas.com\\\/pt\\\/#\\\/schema\\\/logo\\\/image\\\/\",\"url\":\"https:\\\/\\\/jornaldasoficinas.com\\\/pt\\\/wp-content\\\/uploads\\\/logoJO-SEO.png\",\"contentUrl\":\"https:\\\/\\\/jornaldasoficinas.com\\\/pt\\\/wp-content\\\/uploads\\\/logoJO-SEO.png\",\"width\":285,\"height\":450,\"caption\":\"Jornal das Oficinas\"},\"image\":{\"@id\":\"https:\\\/\\\/jornaldasoficinas.com\\\/pt\\\/#\\\/schema\\\/logo\\\/image\\\/\"},\"sameAs\":[\"https:\\\/\\\/www.facebook.com\\\/jornaloficinas\",\"https:\\\/\\\/x.com\\\/jornaloficinas\",\"https:\\\/\\\/www.instagram.com\\\/jornal_oficinas\\\/\",\"https:\\\/\\\/www.linkedin.com\\\/company\\\/jornal-das-oficinas\\\/\",\"https:\\\/\\\/www.youtube.com\\\/channel\\\/UCbQZBqtcvV-oSQrr7RzINGg\"]},{\"@type\":\"Person\",\"@id\":\"https:\\\/\\\/jornaldasoficinas.com\\\/pt\\\/#\\\/schema\\\/person\\\/a38eef5de2c41d9e7c9ac10141afddf3\",\"name\":\"Reda\u00e7\u00e3o JO\",\"image\":{\"@type\":\"ImageObject\",\"inLanguage\":\"pt-PT\",\"@id\":\"https:\\\/\\\/secure.gravatar.com\\\/avatar\\\/71f2fa71737ad68a84fea94bc708ddac8ea5b0c4788dc2ad202f3ccb2887742f?s=96&d=wp_user_avatar&r=g\",\"url\":\"https:\\\/\\\/secure.gravatar.com\\\/avatar\\\/71f2fa71737ad68a84fea94bc708ddac8ea5b0c4788dc2ad202f3ccb2887742f?s=96&d=wp_user_avatar&r=g\",\"contentUrl\":\"https:\\\/\\\/secure.gravatar.com\\\/avatar\\\/71f2fa71737ad68a84fea94bc708ddac8ea5b0c4788dc2ad202f3ccb2887742f?s=96&d=wp_user_avatar&r=g\",\"caption\":\"Reda\u00e7\u00e3o JO\"},\"url\":\"https:\\\/\\\/jornaldasoficinas.com\\\/pt\\\/author\\\/joredacao\\\/\"}]}<\/script>\n<!-- \/ Yoast SEO plugin. -->","yoast_head_json":{"title":"Jornal das Oficinas de fevereiro\/mar\u00e7o 2025 dispon\u00edvel online - Jornal das Oficinas","description":"Na edi\u00e7\u00e3o de fevereiro\/mar\u00e7o 2025 do Jornal das Oficinas N\u00ba 221, o artigo de destaque \u00e9 sobre a Internacionaliza\u00e7\u00e3o de empresas aftermarket","robots":{"index":"index","follow":"follow","max-snippet":"max-snippet:-1","max-image-preview":"max-image-preview:large","max-video-preview":"max-video-preview:-1"},"canonical":"https:\/\/jornaldasoficinas.com\/pt\/jornal-das-oficinas-de-fevereiro-marco-2025-disponivel-online\/","og_locale":"pt_PT","og_type":"article","og_title":"Jornal das Oficinas de fevereiro\/mar\u00e7o 2025 dispon\u00edvel online - Jornal das Oficinas","og_description":"Na edi\u00e7\u00e3o de fevereiro\/mar\u00e7o 2025 do Jornal das Oficinas N\u00ba 221, o artigo de destaque \u00e9 sobre a Internacionaliza\u00e7\u00e3o de empresas aftermarket","og_url":"https:\/\/jornaldasoficinas.com\/pt\/jornal-das-oficinas-de-fevereiro-marco-2025-disponivel-online\/","og_site_name":"Jornal das Oficinas","article_publisher":"https:\/\/www.facebook.com\/jornaloficinas","article_published_time":"2025-03-03T22:00:11+00:00","article_modified_time":"2025-05-05T15:23:13+00:00","og_image":[{"width":1024,"height":581,"url":"https:\/\/jornaldasoficinas.com\/pt\/wp-content\/uploads\/2025\/02\/JO221Big.png","type":"image\/png"}],"author":"Reda\u00e7\u00e3o JO","twitter_card":"summary_large_image","twitter_creator":"@jornaloficinas","twitter_site":"@jornaloficinas","twitter_misc":{"Escrito por":"Reda\u00e7\u00e3o JO","Tempo estimado de leitura":"4 minutos"},"schema":{"@context":"https:\/\/schema.org","@graph":[{"@type":"Article","@id":"https:\/\/jornaldasoficinas.com\/pt\/jornal-das-oficinas-de-fevereiro-marco-2025-disponivel-online\/#article","isPartOf":{"@id":"https:\/\/jornaldasoficinas.com\/pt\/jornal-das-oficinas-de-fevereiro-marco-2025-disponivel-online\/"},"author":{"name":"Reda\u00e7\u00e3o JO","@id":"https:\/\/jornaldasoficinas.com\/pt\/#\/schema\/person\/a38eef5de2c41d9e7c9ac10141afddf3"},"headline":"Jornal das Oficinas de fevereiro\/mar\u00e7o 2025 dispon\u00edvel online","datePublished":"2025-03-03T22:00:11+00:00","dateModified":"2025-05-05T15:23:13+00:00","mainEntityOfPage":{"@id":"https:\/\/jornaldasoficinas.com\/pt\/jornal-das-oficinas-de-fevereiro-marco-2025-disponivel-online\/"},"wordCount":727,"publisher":{"@id":"https:\/\/jornaldasoficinas.com\/pt\/#organization"},"image":{"@id":"https:\/\/jornaldasoficinas.com\/pt\/jornal-das-oficinas-de-fevereiro-marco-2025-disponivel-online\/#primaryimage"},"thumbnailUrl":"https:\/\/jornaldasoficinas.com\/pt\/wp-content\/uploads\/2025\/02\/JO221Big.png","keywords":["ANECRA","Caetano Parts","Diagtec Plus","EPI","fevereiro\/mar\u00e7o 2025","Fidelidade Car Service","FLS Motor","Intelig\u00eancia artificial","Internacionaliza\u00e7\u00e3o Aftermarket","Jornal das Oficinas 221","Motortec 2025","Niterra","OMA Pe\u00e7as Auto","Rolnorte"],"articleSection":["Edi\u00e7\u00f5es JO"],"inLanguage":"pt-PT"},{"@type":"WebPage","@id":"https:\/\/jornaldasoficinas.com\/pt\/jornal-das-oficinas-de-fevereiro-marco-2025-disponivel-online\/","url":"https:\/\/jornaldasoficinas.com\/pt\/jornal-das-oficinas-de-fevereiro-marco-2025-disponivel-online\/","name":"Jornal das Oficinas de fevereiro\/mar\u00e7o 2025 dispon\u00edvel online - Jornal das Oficinas","isPartOf":{"@id":"https:\/\/jornaldasoficinas.com\/pt\/#website"},"primaryImageOfPage":{"@id":"https:\/\/jornaldasoficinas.com\/pt\/jornal-das-oficinas-de-fevereiro-marco-2025-disponivel-online\/#primaryimage"},"image":{"@id":"https:\/\/jornaldasoficinas.com\/pt\/jornal-das-oficinas-de-fevereiro-marco-2025-disponivel-online\/#primaryimage"},"thumbnailUrl":"https:\/\/jornaldasoficinas.com\/pt\/wp-content\/uploads\/2025\/02\/JO221Big.png","datePublished":"2025-03-03T22:00:11+00:00","dateModified":"2025-05-05T15:23:13+00:00","description":"Na edi\u00e7\u00e3o de fevereiro\/mar\u00e7o 2025 do Jornal das Oficinas N\u00ba 221, o artigo de destaque \u00e9 sobre a Internacionaliza\u00e7\u00e3o de empresas aftermarket","breadcrumb":{"@id":"https:\/\/jornaldasoficinas.com\/pt\/jornal-das-oficinas-de-fevereiro-marco-2025-disponivel-online\/#breadcrumb"},"inLanguage":"pt-PT","potentialAction":[{"@type":"ReadAction","target":["https:\/\/jornaldasoficinas.com\/pt\/jornal-das-oficinas-de-fevereiro-marco-2025-disponivel-online\/"]}]},{"@type":"ImageObject","inLanguage":"pt-PT","@id":"https:\/\/jornaldasoficinas.com\/pt\/jornal-das-oficinas-de-fevereiro-marco-2025-disponivel-online\/#primaryimage","url":"https:\/\/jornaldasoficinas.com\/pt\/wp-content\/uploads\/2025\/02\/JO221Big.png","contentUrl":"https:\/\/jornaldasoficinas.com\/pt\/wp-content\/uploads\/2025\/02\/JO221Big.png","width":1024,"height":581,"caption":"02 - JO221Big"},{"@type":"BreadcrumbList","@id":"https:\/\/jornaldasoficinas.com\/pt\/jornal-das-oficinas-de-fevereiro-marco-2025-disponivel-online\/#breadcrumb","itemListElement":[{"@type":"ListItem","position":1,"name":"In\u00edcio","item":"https:\/\/jornaldasoficinas.com\/pt\/"},{"@type":"ListItem","position":2,"name":"Jornal das Oficinas de fevereiro\/mar\u00e7o 2025 dispon\u00edvel online"}]},{"@type":"WebSite","@id":"https:\/\/jornaldasoficinas.com\/pt\/#website","url":"https:\/\/jornaldasoficinas.com\/pt\/","name":"Jornal das Oficinas","description":"Jornal independente do Aftermarket Autom\u00f3vel em Portugal","publisher":{"@id":"https:\/\/jornaldasoficinas.com\/pt\/#organization"},"potentialAction":[{"@type":"SearchAction","target":{"@type":"EntryPoint","urlTemplate":"https:\/\/jornaldasoficinas.com\/pt\/?s={search_term_string}"},"query-input":{"@type":"PropertyValueSpecification","valueRequired":true,"valueName":"search_term_string"}}],"inLanguage":"pt-PT"},{"@type":"Organization","@id":"https:\/\/jornaldasoficinas.com\/pt\/#organization","name":"Jornal das Oficinas","url":"https:\/\/jornaldasoficinas.com\/pt\/","logo":{"@type":"ImageObject","inLanguage":"pt-PT","@id":"https:\/\/jornaldasoficinas.com\/pt\/#\/schema\/logo\/image\/","url":"https:\/\/jornaldasoficinas.com\/pt\/wp-content\/uploads\/logoJO-SEO.png","contentUrl":"https:\/\/jornaldasoficinas.com\/pt\/wp-content\/uploads\/logoJO-SEO.png","width":285,"height":450,"caption":"Jornal das Oficinas"},"image":{"@id":"https:\/\/jornaldasoficinas.com\/pt\/#\/schema\/logo\/image\/"},"sameAs":["https:\/\/www.facebook.com\/jornaloficinas","https:\/\/x.com\/jornaloficinas","https:\/\/www.instagram.com\/jornal_oficinas\/","https:\/\/www.linkedin.com\/company\/jornal-das-oficinas\/","https:\/\/www.youtube.com\/channel\/UCbQZBqtcvV-oSQrr7RzINGg"]},{"@type":"Person","@id":"https:\/\/jornaldasoficinas.com\/pt\/#\/schema\/person\/a38eef5de2c41d9e7c9ac10141afddf3","name":"Reda\u00e7\u00e3o JO","image":{"@type":"ImageObject","inLanguage":"pt-PT","@id":"https:\/\/secure.gravatar.com\/avatar\/71f2fa71737ad68a84fea94bc708ddac8ea5b0c4788dc2ad202f3ccb2887742f?s=96&d=wp_user_avatar&r=g","url":"https:\/\/secure.gravatar.com\/avatar\/71f2fa71737ad68a84fea94bc708ddac8ea5b0c4788dc2ad202f3ccb2887742f?s=96&d=wp_user_avatar&r=g","contentUrl":"https:\/\/secure.gravatar.com\/avatar\/71f2fa71737ad68a84fea94bc708ddac8ea5b0c4788dc2ad202f3ccb2887742f?s=96&d=wp_user_avatar&r=g","caption":"Reda\u00e7\u00e3o JO"},"url":"https:\/\/jornaldasoficinas.com\/pt\/author\/joredacao\/"}]}},"_links":{"self":[{"href":"https:\/\/jornaldasoficinas.com\/pt\/wp-json\/wp\/v2\/posts\/98538","targetHints":{"allow":["GET"]}}],"collection":[{"href":"https:\/\/jornaldasoficinas.com\/pt\/wp-json\/wp\/v2\/posts"}],"about":[{"href":"https:\/\/jornaldasoficinas.com\/pt\/wp-json\/wp\/v2\/types\/post"}],"author":[{"embeddable":true,"href":"https:\/\/jornaldasoficinas.com\/pt\/wp-json\/wp\/v2\/users\/15"}],"replies":[{"embeddable":true,"href":"https:\/\/jornaldasoficinas.com\/pt\/wp-json\/wp\/v2\/comments?post=98538"}],"version-history":[{"count":9,"href":"https:\/\/jornaldasoficinas.com\/pt\/wp-json\/wp\/v2\/posts\/98538\/revisions"}],"predecessor-version":[{"id":98577,"href":"https:\/\/jornaldasoficinas.com\/pt\/wp-json\/wp\/v2\/posts\/98538\/revisions\/98577"}],"wp:featuredmedia":[{"embeddable":true,"href":"https:\/\/jornaldasoficinas.com\/pt\/wp-json\/wp\/v2\/media\/98553"}],"wp:attachment":[{"href":"https:\/\/jornaldasoficinas.com\/pt\/wp-json\/wp\/v2\/media?parent=98538"}],"wp:term":[{"taxonomy":"category","embeddable":true,"href":"https:\/\/jornaldasoficinas.com\/pt\/wp-json\/wp\/v2\/categories?post=98538"},{"taxonomy":"post_tag","embeddable":true,"href":"https:\/\/jornaldasoficinas.com\/pt\/wp-json\/wp\/v2\/tags?post=98538"}],"curies":[{"name":"wp","href":"https:\/\/api.w.org\/{rel}","templated":true}]}}