{"id":98852,"date":"2025-03-11T18:00:12","date_gmt":"2025-03-11T18:00:12","guid":{"rendered":"https:\/\/jornaldasoficinas.com\/pt\/?p=98852"},"modified":"2025-03-10T17:00:41","modified_gmt":"2025-03-10T17:00:41","slug":"febi-truck-apresenta-nova-gama-de-produtos","status":"publish","type":"post","link":"https:\/\/jornaldasoficinas.com\/pt\/febi-truck-apresenta-nova-gama-de-produtos\/","title":{"rendered":"febi Truck apresenta nova gama de produtos"},"content":{"rendered":"<p><strong><img loading=\"lazy\" decoding=\"async\" class=\"alignnone size-full wp-image-98857\" src=\"https:\/\/jornaldasoficinas.com\/pt\/wp-content\/uploads\/2025\/03\/febi-Truck-apresenta-nova-gama-de-produtos.png\" alt=\"03 - febi Truck apresenta nova gama de produtos\" width=\"1024\" height=\"581\" srcset=\"https:\/\/jornaldasoficinas.com\/pt\/wp-content\/uploads\/2025\/03\/febi-Truck-apresenta-nova-gama-de-produtos.png 1024w, https:\/\/jornaldasoficinas.com\/pt\/wp-content\/uploads\/2025\/03\/febi-Truck-apresenta-nova-gama-de-produtos-300x170.png 300w, https:\/\/jornaldasoficinas.com\/pt\/wp-content\/uploads\/2025\/03\/febi-Truck-apresenta-nova-gama-de-produtos-150x85.png 150w, https:\/\/jornaldasoficinas.com\/pt\/wp-content\/uploads\/2025\/03\/febi-Truck-apresenta-nova-gama-de-produtos-768x436.png 768w\" sizes=\"auto, (max-width: 1024px) 100vw, 1024px\" \/><\/strong><\/p>\n<p><strong>A<a href=\"https:\/\/www.febi.com\/\" target=\"_blank\" rel=\"noopener\"> febi Truck<\/a> acaba de lan\u00e7ar uma linha de pe\u00e7as universais que visa simplificar os processos de manuten\u00e7\u00e3o e repara\u00e7\u00e3o dos ve\u00edculos, acompanhada de uma nova ferramenta interativa \u2013 o Easy Search 3D<\/strong><\/p>\n<p>Para acelerar e simplificar o processo de encomenda de mais de 15\u00a0000 pe\u00e7as para ve\u00edculos comerciais, a febi Truck apresenta agora o 3D Easy Search. Trata-se de uma ferramenta online interativa de \u00faltima gera\u00e7\u00e3o que permite localizar de forma r\u00e1pida e simples os componentes desejados atrav\u00e9s de um modelo 3D interativo de um cami\u00e3o, que pode ser rodado a 360.\u00ba.<\/p>\n<p>Com apenas um clique o utilizador \u00e9 transportado para a p\u00e1gina correspondente no partsfinder, o cat\u00e1logo online do <a href=\"https:\/\/www.bilsteingroup.com\/\" target=\"_blank\" rel=\"noopener\">bilstein group<\/a>.<\/p>\n<p>As pe\u00e7as universais para ve\u00edculos pesados s\u00e3o componentes vers\u00e1teis, compat\u00edveis com diversas marcas e modelos, simplificando os processos de repara\u00e7\u00e3o, manuten\u00e7\u00e3o e personaliza\u00e7\u00e3o. Ao eliminar a necessidade de pe\u00e7as exclusivas para cada fabricante, esta nova gama oferece vantagens n\u00e3o apenas para t\u00e9cnicos e gestores de oficina, mas tamb\u00e9m para distribuidores, ao facilitar a gest\u00e3o de stock e encomendas.<\/p>\n<p>O partsfinder permite que os utilizadores ajustem ainda mais a sua pesquisa com crit\u00e9rios que incluem descri\u00e7\u00f5es, posi\u00e7\u00f5es de instala\u00e7\u00e3o, laterais e at\u00e9 dimens\u00f5es espec\u00edficas. Estes recursos de pesquisa de ponta facilitam a navega\u00e7\u00e3o, especialmente para aqueles que n\u00e3o t\u00eam uma refer\u00eancia OE.<\/p>\n<p>Com 180 anos de know-how e gest\u00e3o criteriosa de qualidade, a febi Truck assegura que todas as pe\u00e7as da nova linha apresentam um padr\u00e3o de qualidade equivalente ao do equipamento original, contando ainda com uma garantia do fabricante de 3 anos.<\/p>\n<p>A nova gama de pe\u00e7as universais e a ferramenta inovadora 3D Easy Search j\u00e1 se encontram dispon\u00edveis no <a href=\"https:\/\/www.febi.com\/pt\/pesados\/pecas-universais\/\" target=\"_blank\" rel=\"noopener\">site<\/a>.<\/p>\n","protected":false},"excerpt":{"rendered":"<p>A febi Truck acaba de lan\u00e7ar&#8230;<\/p>\n","protected":false},"author":15,"featured_media":98857,"comment_status":"closed","ping_status":"closed","sticky":false,"template":"","format":"standard","meta":{"footnotes":""},"categories":[36],"tags":[1049,12145,1719,11866,7834,4831,12146],"class_list":["post-98852","post","type-post","status-publish","format-standard","has-post-thumbnail","hentry","category-pesados","tag-bilstein-group-2","tag-easy-search-3d","tag-febi-truck","tag-ferramenta-interativa","tag-lancamento","tag-nova-gama","tag-pecas-universais"],"yoast_head":"<!-- This site is optimized with the Yoast SEO plugin v27.5 - https:\/\/yoast.com\/product\/yoast-seo-wordpress\/ -->\n<title>febi Truck apresenta nova gama de produtos - Jornal das Oficinas<\/title>\n<meta name=\"description\" content=\"A febi Truck acaba de lan\u00e7ar uma linha de pe\u00e7as universais, acompanhada de uma nova ferramenta interativa \u2013 o Easy Search 3D\" \/>\n<meta name=\"robots\" content=\"index, follow, max-snippet:-1, max-image-preview:large, max-video-preview:-1\" \/>\n<link rel=\"canonical\" href=\"https:\/\/jornaldasoficinas.com\/pt\/febi-truck-apresenta-nova-gama-de-produtos\/\" \/>\n<meta property=\"og:locale\" content=\"pt_PT\" \/>\n<meta property=\"og:type\" content=\"article\" \/>\n<meta property=\"og:title\" content=\"febi Truck apresenta nova gama de produtos - Jornal das Oficinas\" \/>\n<meta property=\"og:description\" content=\"A febi Truck acaba de lan\u00e7ar uma linha de pe\u00e7as universais, acompanhada de uma nova ferramenta interativa \u2013 o Easy Search 3D\" \/>\n<meta property=\"og:url\" content=\"https:\/\/jornaldasoficinas.com\/pt\/febi-truck-apresenta-nova-gama-de-produtos\/\" \/>\n<meta property=\"og:site_name\" content=\"Jornal das Oficinas\" \/>\n<meta property=\"article:publisher\" content=\"https:\/\/www.facebook.com\/jornaloficinas\" \/>\n<meta property=\"article:published_time\" content=\"2025-03-11T18:00:12+00:00\" \/>\n<meta property=\"og:image\" content=\"https:\/\/jornaldasoficinas.com\/pt\/wp-content\/uploads\/2025\/03\/febi-Truck-apresenta-nova-gama-de-produtos.png\" \/>\n\t<meta property=\"og:image:width\" content=\"1024\" \/>\n\t<meta property=\"og:image:height\" content=\"581\" \/>\n\t<meta property=\"og:image:type\" content=\"image\/png\" \/>\n<meta name=\"author\" content=\"Reda\u00e7\u00e3o JO\" \/>\n<meta name=\"twitter:card\" content=\"summary_large_image\" \/>\n<meta name=\"twitter:creator\" content=\"@jornaloficinas\" \/>\n<meta name=\"twitter:site\" content=\"@jornaloficinas\" \/>\n<meta name=\"twitter:label1\" content=\"Escrito por\" \/>\n\t<meta name=\"twitter:data1\" content=\"Reda\u00e7\u00e3o JO\" \/>\n\t<meta name=\"twitter:label2\" content=\"Tempo estimado de leitura\" \/>\n\t<meta name=\"twitter:data2\" content=\"2 minutos\" \/>\n<script type=\"application\/ld+json\" class=\"yoast-schema-graph\">{\"@context\":\"https:\\\/\\\/schema.org\",\"@graph\":[{\"@type\":\"Article\",\"@id\":\"https:\\\/\\\/jornaldasoficinas.com\\\/pt\\\/febi-truck-apresenta-nova-gama-de-produtos\\\/#article\",\"isPartOf\":{\"@id\":\"https:\\\/\\\/jornaldasoficinas.com\\\/pt\\\/febi-truck-apresenta-nova-gama-de-produtos\\\/\"},\"author\":{\"name\":\"Reda\u00e7\u00e3o JO\",\"@id\":\"https:\\\/\\\/jornaldasoficinas.com\\\/pt\\\/#\\\/schema\\\/person\\\/a38eef5de2c41d9e7c9ac10141afddf3\"},\"headline\":\"febi Truck apresenta nova gama de produtos\",\"datePublished\":\"2025-03-11T18:00:12+00:00\",\"mainEntityOfPage\":{\"@id\":\"https:\\\/\\\/jornaldasoficinas.com\\\/pt\\\/febi-truck-apresenta-nova-gama-de-produtos\\\/\"},\"wordCount\":316,\"publisher\":{\"@id\":\"https:\\\/\\\/jornaldasoficinas.com\\\/pt\\\/#organization\"},\"image\":{\"@id\":\"https:\\\/\\\/jornaldasoficinas.com\\\/pt\\\/febi-truck-apresenta-nova-gama-de-produtos\\\/#primaryimage\"},\"thumbnailUrl\":\"https:\\\/\\\/jornaldasoficinas.com\\\/pt\\\/wp-content\\\/uploads\\\/2025\\\/03\\\/febi-Truck-apresenta-nova-gama-de-produtos.png\",\"keywords\":[\"bilstein group\",\"Easy Search 3D\",\"febi Truck\",\"ferramenta interativa\",\"lan\u00e7amento\",\"nova gama\",\"pe\u00e7as universais\"],\"articleSection\":[\"Pesados\"],\"inLanguage\":\"pt-PT\"},{\"@type\":\"WebPage\",\"@id\":\"https:\\\/\\\/jornaldasoficinas.com\\\/pt\\\/febi-truck-apresenta-nova-gama-de-produtos\\\/\",\"url\":\"https:\\\/\\\/jornaldasoficinas.com\\\/pt\\\/febi-truck-apresenta-nova-gama-de-produtos\\\/\",\"name\":\"febi Truck apresenta nova gama de produtos - Jornal das Oficinas\",\"isPartOf\":{\"@id\":\"https:\\\/\\\/jornaldasoficinas.com\\\/pt\\\/#website\"},\"primaryImageOfPage\":{\"@id\":\"https:\\\/\\\/jornaldasoficinas.com\\\/pt\\\/febi-truck-apresenta-nova-gama-de-produtos\\\/#primaryimage\"},\"image\":{\"@id\":\"https:\\\/\\\/jornaldasoficinas.com\\\/pt\\\/febi-truck-apresenta-nova-gama-de-produtos\\\/#primaryimage\"},\"thumbnailUrl\":\"https:\\\/\\\/jornaldasoficinas.com\\\/pt\\\/wp-content\\\/uploads\\\/2025\\\/03\\\/febi-Truck-apresenta-nova-gama-de-produtos.png\",\"datePublished\":\"2025-03-11T18:00:12+00:00\",\"description\":\"A febi Truck acaba de lan\u00e7ar uma linha de pe\u00e7as universais, acompanhada de uma nova ferramenta interativa \u2013 o Easy Search 3D\",\"breadcrumb\":{\"@id\":\"https:\\\/\\\/jornaldasoficinas.com\\\/pt\\\/febi-truck-apresenta-nova-gama-de-produtos\\\/#breadcrumb\"},\"inLanguage\":\"pt-PT\",\"potentialAction\":[{\"@type\":\"ReadAction\",\"target\":[\"https:\\\/\\\/jornaldasoficinas.com\\\/pt\\\/febi-truck-apresenta-nova-gama-de-produtos\\\/\"]}]},{\"@type\":\"ImageObject\",\"inLanguage\":\"pt-PT\",\"@id\":\"https:\\\/\\\/jornaldasoficinas.com\\\/pt\\\/febi-truck-apresenta-nova-gama-de-produtos\\\/#primaryimage\",\"url\":\"https:\\\/\\\/jornaldasoficinas.com\\\/pt\\\/wp-content\\\/uploads\\\/2025\\\/03\\\/febi-Truck-apresenta-nova-gama-de-produtos.png\",\"contentUrl\":\"https:\\\/\\\/jornaldasoficinas.com\\\/pt\\\/wp-content\\\/uploads\\\/2025\\\/03\\\/febi-Truck-apresenta-nova-gama-de-produtos.png\",\"width\":1024,\"height\":581,\"caption\":\"03 - febi Truck apresenta nova gama de produtos\"},{\"@type\":\"BreadcrumbList\",\"@id\":\"https:\\\/\\\/jornaldasoficinas.com\\\/pt\\\/febi-truck-apresenta-nova-gama-de-produtos\\\/#breadcrumb\",\"itemListElement\":[{\"@type\":\"ListItem\",\"position\":1,\"name\":\"In\u00edcio\",\"item\":\"https:\\\/\\\/jornaldasoficinas.com\\\/pt\\\/\"},{\"@type\":\"ListItem\",\"position\":2,\"name\":\"febi Truck apresenta nova gama de produtos\"}]},{\"@type\":\"WebSite\",\"@id\":\"https:\\\/\\\/jornaldasoficinas.com\\\/pt\\\/#website\",\"url\":\"https:\\\/\\\/jornaldasoficinas.com\\\/pt\\\/\",\"name\":\"Jornal das Oficinas\",\"description\":\"Jornal independente do Aftermarket Autom\u00f3vel em Portugal\",\"publisher\":{\"@id\":\"https:\\\/\\\/jornaldasoficinas.com\\\/pt\\\/#organization\"},\"potentialAction\":[{\"@type\":\"SearchAction\",\"target\":{\"@type\":\"EntryPoint\",\"urlTemplate\":\"https:\\\/\\\/jornaldasoficinas.com\\\/pt\\\/?s={search_term_string}\"},\"query-input\":{\"@type\":\"PropertyValueSpecification\",\"valueRequired\":true,\"valueName\":\"search_term_string\"}}],\"inLanguage\":\"pt-PT\"},{\"@type\":\"Organization\",\"@id\":\"https:\\\/\\\/jornaldasoficinas.com\\\/pt\\\/#organization\",\"name\":\"Jornal das Oficinas\",\"url\":\"https:\\\/\\\/jornaldasoficinas.com\\\/pt\\\/\",\"logo\":{\"@type\":\"ImageObject\",\"inLanguage\":\"pt-PT\",\"@id\":\"https:\\\/\\\/jornaldasoficinas.com\\\/pt\\\/#\\\/schema\\\/logo\\\/image\\\/\",\"url\":\"https:\\\/\\\/jornaldasoficinas.com\\\/pt\\\/wp-content\\\/uploads\\\/logoJO-SEO.png\",\"contentUrl\":\"https:\\\/\\\/jornaldasoficinas.com\\\/pt\\\/wp-content\\\/uploads\\\/logoJO-SEO.png\",\"width\":285,\"height\":450,\"caption\":\"Jornal das Oficinas\"},\"image\":{\"@id\":\"https:\\\/\\\/jornaldasoficinas.com\\\/pt\\\/#\\\/schema\\\/logo\\\/image\\\/\"},\"sameAs\":[\"https:\\\/\\\/www.facebook.com\\\/jornaloficinas\",\"https:\\\/\\\/x.com\\\/jornaloficinas\",\"https:\\\/\\\/www.instagram.com\\\/jornal_oficinas\\\/\",\"https:\\\/\\\/www.linkedin.com\\\/company\\\/jornal-das-oficinas\\\/\",\"https:\\\/\\\/www.youtube.com\\\/channel\\\/UCbQZBqtcvV-oSQrr7RzINGg\"]},{\"@type\":\"Person\",\"@id\":\"https:\\\/\\\/jornaldasoficinas.com\\\/pt\\\/#\\\/schema\\\/person\\\/a38eef5de2c41d9e7c9ac10141afddf3\",\"name\":\"Reda\u00e7\u00e3o JO\",\"image\":{\"@type\":\"ImageObject\",\"inLanguage\":\"pt-PT\",\"@id\":\"https:\\\/\\\/secure.gravatar.com\\\/avatar\\\/71f2fa71737ad68a84fea94bc708ddac8ea5b0c4788dc2ad202f3ccb2887742f?s=96&d=wp_user_avatar&r=g\",\"url\":\"https:\\\/\\\/secure.gravatar.com\\\/avatar\\\/71f2fa71737ad68a84fea94bc708ddac8ea5b0c4788dc2ad202f3ccb2887742f?s=96&d=wp_user_avatar&r=g\",\"contentUrl\":\"https:\\\/\\\/secure.gravatar.com\\\/avatar\\\/71f2fa71737ad68a84fea94bc708ddac8ea5b0c4788dc2ad202f3ccb2887742f?s=96&d=wp_user_avatar&r=g\",\"caption\":\"Reda\u00e7\u00e3o JO\"},\"url\":\"https:\\\/\\\/jornaldasoficinas.com\\\/pt\\\/author\\\/joredacao\\\/\"}]}<\/script>\n<!-- \/ Yoast SEO plugin. -->","yoast_head_json":{"title":"febi Truck apresenta nova gama de produtos - Jornal das Oficinas","description":"A febi Truck acaba de lan\u00e7ar uma linha de pe\u00e7as universais, acompanhada de uma nova ferramenta interativa \u2013 o Easy Search 3D","robots":{"index":"index","follow":"follow","max-snippet":"max-snippet:-1","max-image-preview":"max-image-preview:large","max-video-preview":"max-video-preview:-1"},"canonical":"https:\/\/jornaldasoficinas.com\/pt\/febi-truck-apresenta-nova-gama-de-produtos\/","og_locale":"pt_PT","og_type":"article","og_title":"febi Truck apresenta nova gama de produtos - Jornal das Oficinas","og_description":"A febi Truck acaba de lan\u00e7ar uma linha de pe\u00e7as universais, acompanhada de uma nova ferramenta interativa \u2013 o Easy Search 3D","og_url":"https:\/\/jornaldasoficinas.com\/pt\/febi-truck-apresenta-nova-gama-de-produtos\/","og_site_name":"Jornal das Oficinas","article_publisher":"https:\/\/www.facebook.com\/jornaloficinas","article_published_time":"2025-03-11T18:00:12+00:00","og_image":[{"width":1024,"height":581,"url":"https:\/\/jornaldasoficinas.com\/pt\/wp-content\/uploads\/2025\/03\/febi-Truck-apresenta-nova-gama-de-produtos.png","type":"image\/png"}],"author":"Reda\u00e7\u00e3o JO","twitter_card":"summary_large_image","twitter_creator":"@jornaloficinas","twitter_site":"@jornaloficinas","twitter_misc":{"Escrito por":"Reda\u00e7\u00e3o JO","Tempo estimado de leitura":"2 minutos"},"schema":{"@context":"https:\/\/schema.org","@graph":[{"@type":"Article","@id":"https:\/\/jornaldasoficinas.com\/pt\/febi-truck-apresenta-nova-gama-de-produtos\/#article","isPartOf":{"@id":"https:\/\/jornaldasoficinas.com\/pt\/febi-truck-apresenta-nova-gama-de-produtos\/"},"author":{"name":"Reda\u00e7\u00e3o JO","@id":"https:\/\/jornaldasoficinas.com\/pt\/#\/schema\/person\/a38eef5de2c41d9e7c9ac10141afddf3"},"headline":"febi Truck apresenta nova gama de produtos","datePublished":"2025-03-11T18:00:12+00:00","mainEntityOfPage":{"@id":"https:\/\/jornaldasoficinas.com\/pt\/febi-truck-apresenta-nova-gama-de-produtos\/"},"wordCount":316,"publisher":{"@id":"https:\/\/jornaldasoficinas.com\/pt\/#organization"},"image":{"@id":"https:\/\/jornaldasoficinas.com\/pt\/febi-truck-apresenta-nova-gama-de-produtos\/#primaryimage"},"thumbnailUrl":"https:\/\/jornaldasoficinas.com\/pt\/wp-content\/uploads\/2025\/03\/febi-Truck-apresenta-nova-gama-de-produtos.png","keywords":["bilstein group","Easy Search 3D","febi Truck","ferramenta interativa","lan\u00e7amento","nova gama","pe\u00e7as universais"],"articleSection":["Pesados"],"inLanguage":"pt-PT"},{"@type":"WebPage","@id":"https:\/\/jornaldasoficinas.com\/pt\/febi-truck-apresenta-nova-gama-de-produtos\/","url":"https:\/\/jornaldasoficinas.com\/pt\/febi-truck-apresenta-nova-gama-de-produtos\/","name":"febi Truck apresenta nova gama de produtos - Jornal das Oficinas","isPartOf":{"@id":"https:\/\/jornaldasoficinas.com\/pt\/#website"},"primaryImageOfPage":{"@id":"https:\/\/jornaldasoficinas.com\/pt\/febi-truck-apresenta-nova-gama-de-produtos\/#primaryimage"},"image":{"@id":"https:\/\/jornaldasoficinas.com\/pt\/febi-truck-apresenta-nova-gama-de-produtos\/#primaryimage"},"thumbnailUrl":"https:\/\/jornaldasoficinas.com\/pt\/wp-content\/uploads\/2025\/03\/febi-Truck-apresenta-nova-gama-de-produtos.png","datePublished":"2025-03-11T18:00:12+00:00","description":"A febi Truck acaba de lan\u00e7ar uma linha de pe\u00e7as universais, acompanhada de uma nova ferramenta interativa \u2013 o Easy Search 3D","breadcrumb":{"@id":"https:\/\/jornaldasoficinas.com\/pt\/febi-truck-apresenta-nova-gama-de-produtos\/#breadcrumb"},"inLanguage":"pt-PT","potentialAction":[{"@type":"ReadAction","target":["https:\/\/jornaldasoficinas.com\/pt\/febi-truck-apresenta-nova-gama-de-produtos\/"]}]},{"@type":"ImageObject","inLanguage":"pt-PT","@id":"https:\/\/jornaldasoficinas.com\/pt\/febi-truck-apresenta-nova-gama-de-produtos\/#primaryimage","url":"https:\/\/jornaldasoficinas.com\/pt\/wp-content\/uploads\/2025\/03\/febi-Truck-apresenta-nova-gama-de-produtos.png","contentUrl":"https:\/\/jornaldasoficinas.com\/pt\/wp-content\/uploads\/2025\/03\/febi-Truck-apresenta-nova-gama-de-produtos.png","width":1024,"height":581,"caption":"03 - febi Truck apresenta nova gama de produtos"},{"@type":"BreadcrumbList","@id":"https:\/\/jornaldasoficinas.com\/pt\/febi-truck-apresenta-nova-gama-de-produtos\/#breadcrumb","itemListElement":[{"@type":"ListItem","position":1,"name":"In\u00edcio","item":"https:\/\/jornaldasoficinas.com\/pt\/"},{"@type":"ListItem","position":2,"name":"febi Truck apresenta nova gama de produtos"}]},{"@type":"WebSite","@id":"https:\/\/jornaldasoficinas.com\/pt\/#website","url":"https:\/\/jornaldasoficinas.com\/pt\/","name":"Jornal das Oficinas","description":"Jornal independente do Aftermarket Autom\u00f3vel em Portugal","publisher":{"@id":"https:\/\/jornaldasoficinas.com\/pt\/#organization"},"potentialAction":[{"@type":"SearchAction","target":{"@type":"EntryPoint","urlTemplate":"https:\/\/jornaldasoficinas.com\/pt\/?s={search_term_string}"},"query-input":{"@type":"PropertyValueSpecification","valueRequired":true,"valueName":"search_term_string"}}],"inLanguage":"pt-PT"},{"@type":"Organization","@id":"https:\/\/jornaldasoficinas.com\/pt\/#organization","name":"Jornal das Oficinas","url":"https:\/\/jornaldasoficinas.com\/pt\/","logo":{"@type":"ImageObject","inLanguage":"pt-PT","@id":"https:\/\/jornaldasoficinas.com\/pt\/#\/schema\/logo\/image\/","url":"https:\/\/jornaldasoficinas.com\/pt\/wp-content\/uploads\/logoJO-SEO.png","contentUrl":"https:\/\/jornaldasoficinas.com\/pt\/wp-content\/uploads\/logoJO-SEO.png","width":285,"height":450,"caption":"Jornal das Oficinas"},"image":{"@id":"https:\/\/jornaldasoficinas.com\/pt\/#\/schema\/logo\/image\/"},"sameAs":["https:\/\/www.facebook.com\/jornaloficinas","https:\/\/x.com\/jornaloficinas","https:\/\/www.instagram.com\/jornal_oficinas\/","https:\/\/www.linkedin.com\/company\/jornal-das-oficinas\/","https:\/\/www.youtube.com\/channel\/UCbQZBqtcvV-oSQrr7RzINGg"]},{"@type":"Person","@id":"https:\/\/jornaldasoficinas.com\/pt\/#\/schema\/person\/a38eef5de2c41d9e7c9ac10141afddf3","name":"Reda\u00e7\u00e3o JO","image":{"@type":"ImageObject","inLanguage":"pt-PT","@id":"https:\/\/secure.gravatar.com\/avatar\/71f2fa71737ad68a84fea94bc708ddac8ea5b0c4788dc2ad202f3ccb2887742f?s=96&d=wp_user_avatar&r=g","url":"https:\/\/secure.gravatar.com\/avatar\/71f2fa71737ad68a84fea94bc708ddac8ea5b0c4788dc2ad202f3ccb2887742f?s=96&d=wp_user_avatar&r=g","contentUrl":"https:\/\/secure.gravatar.com\/avatar\/71f2fa71737ad68a84fea94bc708ddac8ea5b0c4788dc2ad202f3ccb2887742f?s=96&d=wp_user_avatar&r=g","caption":"Reda\u00e7\u00e3o JO"},"url":"https:\/\/jornaldasoficinas.com\/pt\/author\/joredacao\/"}]}},"_links":{"self":[{"href":"https:\/\/jornaldasoficinas.com\/pt\/wp-json\/wp\/v2\/posts\/98852","targetHints":{"allow":["GET"]}}],"collection":[{"href":"https:\/\/jornaldasoficinas.com\/pt\/wp-json\/wp\/v2\/posts"}],"about":[{"href":"https:\/\/jornaldasoficinas.com\/pt\/wp-json\/wp\/v2\/types\/post"}],"author":[{"embeddable":true,"href":"https:\/\/jornaldasoficinas.com\/pt\/wp-json\/wp\/v2\/users\/15"}],"replies":[{"embeddable":true,"href":"https:\/\/jornaldasoficinas.com\/pt\/wp-json\/wp\/v2\/comments?post=98852"}],"version-history":[{"count":5,"href":"https:\/\/jornaldasoficinas.com\/pt\/wp-json\/wp\/v2\/posts\/98852\/revisions"}],"predecessor-version":[{"id":98859,"href":"https:\/\/jornaldasoficinas.com\/pt\/wp-json\/wp\/v2\/posts\/98852\/revisions\/98859"}],"wp:featuredmedia":[{"embeddable":true,"href":"https:\/\/jornaldasoficinas.com\/pt\/wp-json\/wp\/v2\/media\/98857"}],"wp:attachment":[{"href":"https:\/\/jornaldasoficinas.com\/pt\/wp-json\/wp\/v2\/media?parent=98852"}],"wp:term":[{"taxonomy":"category","embeddable":true,"href":"https:\/\/jornaldasoficinas.com\/pt\/wp-json\/wp\/v2\/categories?post=98852"},{"taxonomy":"post_tag","embeddable":true,"href":"https:\/\/jornaldasoficinas.com\/pt\/wp-json\/wp\/v2\/tags?post=98852"}],"curies":[{"name":"wp","href":"https:\/\/api.w.org\/{rel}","templated":true}]}}