{"id":98914,"date":"2025-03-13T14:00:16","date_gmt":"2025-03-13T14:00:16","guid":{"rendered":"https:\/\/jornaldasoficinas.com\/pt\/?p=98914"},"modified":"2025-03-12T12:15:43","modified_gmt":"2025-03-12T12:15:43","slug":"limpeza-e-manutencao-sustentavel-e-com-a-mewa","status":"publish","type":"post","link":"https:\/\/jornaldasoficinas.com\/pt\/limpeza-e-manutencao-sustentavel-e-com-a-mewa\/","title":{"rendered":"Limpeza e manuten\u00e7\u00e3o sustent\u00e1vel? \u00c9 com a Mewa!"},"content":{"rendered":"<p><strong><img loading=\"lazy\" decoding=\"async\" class=\"alignnone size-full wp-image-98922\" src=\"https:\/\/jornaldasoficinas.com\/pt\/wp-content\/uploads\/2025\/03\/Limpeza-e-manutencao-sustentavel-E-com-a-Mewa.jpg\" alt=\"03 - Limpeza e manutencao sustentavel E com a Mewa\" width=\"1024\" height=\"581\" srcset=\"https:\/\/jornaldasoficinas.com\/pt\/wp-content\/uploads\/2025\/03\/Limpeza-e-manutencao-sustentavel-E-com-a-Mewa.jpg 1024w, https:\/\/jornaldasoficinas.com\/pt\/wp-content\/uploads\/2025\/03\/Limpeza-e-manutencao-sustentavel-E-com-a-Mewa-300x170.jpg 300w, https:\/\/jornaldasoficinas.com\/pt\/wp-content\/uploads\/2025\/03\/Limpeza-e-manutencao-sustentavel-E-com-a-Mewa-150x85.jpg 150w, https:\/\/jornaldasoficinas.com\/pt\/wp-content\/uploads\/2025\/03\/Limpeza-e-manutencao-sustentavel-E-com-a-Mewa-768x436.jpg 768w\" sizes=\"auto, (max-width: 1024px) 100vw, 1024px\" \/><\/strong><\/p>\n<p><strong>Os panos da <a href=\"https:\/\/www.mewa.pt\/\" target=\"_blank\" rel=\"noopener\">Mewa<\/a> oferecem uma limpeza sustent\u00e1vel das m\u00e1quinas e ferramentas nas oficinas. Est\u00e3o dispon\u00edveis em quatro variantes, desde extra robustos a extra suaves, conforme a \u00e1rea de aplica\u00e7\u00e3o<\/strong><\/p>\n<p>A empresa de servi\u00e7os t\u00eaxteis disponibiliza um servi\u00e7o completo sustent\u00e1vel: Os panos e as mantas s\u00e3o entregues diretamente na f\u00e1brica ou oficina do cliente, recolhidos para lavagem, passam por um rigoroso controlo de qualidade e s\u00e3o novamente entregues. Esta \u00e9 uma solu\u00e7\u00e3o pr\u00e1tica, amiga do ambiente e eficiente, tanto para as pequenas como para as grandes empresas.<\/p>\n<p>\u00c9 preciso remover o \u00f3leo do alicate antes do passo seguinte? O pano de limpeza ultra-absorvente da Mewa resolve isso com rigor e num instante. Uma m\u00e1quina avariou e tem de ser reparada o mais depressa poss\u00edvel? Para isso, a manta absorvente MULTITEX \u00e9 a base ideal.<br \/>\nAmbos os t\u00eaxteis est\u00e3o simplesmente sempre ao alcance na oficina ou na produ\u00e7\u00e3o, uma vez que s\u00e3o disponibilizados pela Mewa no \u00e2mbito do seu servi\u00e7o completo. Desta forma, a empresa cliente pode concentrar-se nas suas tarefas principais.<\/p>\n<p>N\u00e3o h\u00e1 necessidade de adquirir, manter e verificar os stocks nem dos panos nem das mantas. Al\u00e9m disso, o trabalho administrativo e os desafios log\u00edsticos s\u00e3o minimizados. Resultado: uma redu\u00e7\u00e3o not\u00e1vel da carga de trabalho para todas as pessoas envolvidas.<\/p>\n<p>Os panos de primeira qualidade para uma limpeza eficiente de m\u00e1quinas e ferramentas est\u00e3o dispon\u00edveis em quatro variantes, consoante a \u00e1rea de aplica\u00e7\u00e3o, desde extra robustos a extra suaves. A Mewa aconselha na escolha do pano certo, bem como na quantidade. Os novos clientes podem contar com a mesma orienta\u00e7\u00e3o para as mantas absorventes de \u00f3leos.<\/p>\n<p>Pouco depois, j\u00e1 se pode dar o pontap\u00e9 de sa\u00edda, de forma c\u00f3moda sem esfor\u00e7o log\u00edstico nem investimento inicial. Na manta \u00e9 de real\u00e7ar a sua flexibilidade. Leve e vers\u00e1til, pode ser utilizada em qualquer lugar e guardada num espa\u00e7o m\u00ednimo, de forma empilhada, por exemplo. A manta Multitex \u00e9 capaz de absorver at\u00e9 3 litros de l\u00edquido e manter a superf\u00edcie praticamente seca.<\/p>\n<p>Com a Mewa como parceira, os panos e as mantas est\u00e3o sempre dispon\u00edveis. Apresentam sempre a mesma qualidade e n\u00e3o t\u00eam de ser remendados, limpos ou eliminados de forma ecol\u00f3gica. Estas atividades, que anteriormente custavam tempo valioso aos colaboradores e \u00e0s colaboradoras, passam para m\u00e3os profissionais e esse tempo pode ser investido no trabalho di\u00e1rio.<\/p>\n<p>Nuno Saraiva, diretor-geral da SEW-EURODRIVE Portugal, por exemplo, notou a poupan\u00e7a de tempo na produ\u00e7\u00e3o pouco depois de introduzir o sistema da Mewa: &#8220;Antes t\u00ednhamos rolos de papel e os colaboradores iam l\u00e1 muitas vezes para limpar as m\u00e3os, os componentes e as ferramentas. \u00c9 tempo que se perde para al\u00e9m do papel que se gasta. O facto de terem agora o pano sempre \u00e0 m\u00e3o facilita-lhes o trabalho. Em cada equipamento ganha-se um minuto de montagem. Se considerarmos que o nosso objetivo \u00e9 montar em 22 minutos, j\u00e1 \u00e9 um ganho significativo&#8221;.<\/p>\n<p>O que acontece com os t\u00eaxteis usados at\u00e9 \u00e0 recolha pela Mewa? S\u00e3o guardados em seguran\u00e7a no contentor SaCon com fecho herm\u00e9tico. O SaCon \u00e9 disponibilizado pela Mewa na quantidade necess\u00e1ria. Serve tamb\u00e9m para transportar, de forma segura e em conformidade com a lei, os panos e mantas usados, considerados mercadorias perigosas devido aos contaminantes absorvidos.<\/p>\n<p><strong>Proximidade regional e flexibilidade digital<\/strong><\/p>\n<p>A Mewa combina a experi\u00eancia internacional com a presen\u00e7a regional &#8211; atrav\u00e9s de 51 localiza\u00e7\u00f5es na Europa. Este servi\u00e7o personalizado \u00e9 complementado por solu\u00e7\u00f5es digitais, como o portal do cliente &#8220;myMewa&#8221;, que permite uma disponibilidade 24\/7. No \u201cmyMewa\u201d, os clientes podem visualizar e personalizar encomendas e realizar pedidos aos seus gestores<br \/>\ndiretos em qualquer altura.<\/p>\n<p>Para clientes que preferem o di\u00e1logo, o atendimento est\u00e1 dispon\u00edvel por telefone nos dias \u00fateis. &#8220;A nossa for\u00e7a consiste na combina\u00e7\u00e3o da acessibilidade digital com o di\u00e1logo pessoal. \u00c9 assim que garantimos aos nossos clientes efic\u00e1cia e fiabilidade&#8221;, explicou Maricel Huguet, diretora-geral da Mewa Portugal e Espanha.<\/p>\n","protected":false},"excerpt":{"rendered":"<p>Os panos da Mewa oferecem uma&#8230;<\/p>\n","protected":false},"author":15,"featured_media":98922,"comment_status":"closed","ping_status":"closed","sticky":false,"template":"","format":"standard","meta":{"footnotes":""},"categories":[29],"tags":[12153,669,386,9168,12152,4547],"class_list":["post-98914","post","type-post","status-publish","format-standard","has-post-thumbnail","hentry","category-empresas","tag-limpeza-sustentavel","tag-mewa","tag-oficinas","tag-panos","tag-quatro-variantes","tag-servico-completo"],"yoast_head":"<!-- This site is optimized with the Yoast SEO plugin v27.4 - https:\/\/yoast.com\/product\/yoast-seo-wordpress\/ -->\n<title>Limpeza e manuten\u00e7\u00e3o sustent\u00e1vel? \u00c9 com a Mewa! - Jornal das Oficinas<\/title>\n<meta name=\"description\" content=\"Os panos da Mewa oferecem uma limpeza sustent\u00e1vel das m\u00e1quinas e ferramentas nas oficinas, estando dispon\u00edveis em quatro variantes\" \/>\n<meta name=\"robots\" content=\"index, follow, max-snippet:-1, max-image-preview:large, max-video-preview:-1\" \/>\n<link rel=\"canonical\" href=\"https:\/\/jornaldasoficinas.com\/pt\/limpeza-e-manutencao-sustentavel-e-com-a-mewa\/\" \/>\n<meta property=\"og:locale\" content=\"pt_PT\" \/>\n<meta property=\"og:type\" content=\"article\" \/>\n<meta property=\"og:title\" content=\"Limpeza e manuten\u00e7\u00e3o sustent\u00e1vel? \u00c9 com a Mewa! - Jornal das Oficinas\" \/>\n<meta property=\"og:description\" content=\"Os panos da Mewa oferecem uma limpeza sustent\u00e1vel das m\u00e1quinas e ferramentas nas oficinas, estando dispon\u00edveis em quatro variantes\" \/>\n<meta property=\"og:url\" content=\"https:\/\/jornaldasoficinas.com\/pt\/limpeza-e-manutencao-sustentavel-e-com-a-mewa\/\" \/>\n<meta property=\"og:site_name\" content=\"Jornal das Oficinas\" \/>\n<meta property=\"article:publisher\" content=\"https:\/\/www.facebook.com\/jornaloficinas\" \/>\n<meta property=\"article:published_time\" content=\"2025-03-13T14:00:16+00:00\" \/>\n<meta property=\"og:image\" content=\"https:\/\/jornaldasoficinas.com\/pt\/wp-content\/uploads\/2025\/03\/Limpeza-e-manutencao-sustentavel-E-com-a-Mewa.jpg\" \/>\n\t<meta property=\"og:image:width\" content=\"1024\" \/>\n\t<meta property=\"og:image:height\" content=\"581\" \/>\n\t<meta property=\"og:image:type\" content=\"image\/jpeg\" \/>\n<meta name=\"author\" content=\"Reda\u00e7\u00e3o JO\" \/>\n<meta name=\"twitter:card\" content=\"summary_large_image\" \/>\n<meta name=\"twitter:creator\" content=\"@jornaloficinas\" \/>\n<meta name=\"twitter:site\" content=\"@jornaloficinas\" \/>\n<meta name=\"twitter:label1\" content=\"Escrito por\" \/>\n\t<meta name=\"twitter:data1\" content=\"Reda\u00e7\u00e3o JO\" \/>\n\t<meta name=\"twitter:label2\" content=\"Tempo estimado de leitura\" \/>\n\t<meta name=\"twitter:data2\" content=\"4 minutos\" \/>\n<script type=\"application\/ld+json\" class=\"yoast-schema-graph\">{\"@context\":\"https:\\\/\\\/schema.org\",\"@graph\":[{\"@type\":\"Article\",\"@id\":\"https:\\\/\\\/jornaldasoficinas.com\\\/pt\\\/limpeza-e-manutencao-sustentavel-e-com-a-mewa\\\/#article\",\"isPartOf\":{\"@id\":\"https:\\\/\\\/jornaldasoficinas.com\\\/pt\\\/limpeza-e-manutencao-sustentavel-e-com-a-mewa\\\/\"},\"author\":{\"name\":\"Reda\u00e7\u00e3o JO\",\"@id\":\"https:\\\/\\\/jornaldasoficinas.com\\\/pt\\\/#\\\/schema\\\/person\\\/a38eef5de2c41d9e7c9ac10141afddf3\"},\"headline\":\"Limpeza e manuten\u00e7\u00e3o sustent\u00e1vel? \u00c9 com a Mewa!\",\"datePublished\":\"2025-03-13T14:00:16+00:00\",\"mainEntityOfPage\":{\"@id\":\"https:\\\/\\\/jornaldasoficinas.com\\\/pt\\\/limpeza-e-manutencao-sustentavel-e-com-a-mewa\\\/\"},\"wordCount\":707,\"publisher\":{\"@id\":\"https:\\\/\\\/jornaldasoficinas.com\\\/pt\\\/#organization\"},\"image\":{\"@id\":\"https:\\\/\\\/jornaldasoficinas.com\\\/pt\\\/limpeza-e-manutencao-sustentavel-e-com-a-mewa\\\/#primaryimage\"},\"thumbnailUrl\":\"https:\\\/\\\/jornaldasoficinas.com\\\/pt\\\/wp-content\\\/uploads\\\/2025\\\/03\\\/Limpeza-e-manutencao-sustentavel-E-com-a-Mewa.jpg\",\"keywords\":[\"limpeza sustent\u00e1vel\",\"MEWA\",\"Oficinas\",\"panos\",\"quatro variantes\",\"servic\u0327o completo\"],\"articleSection\":[\"Empresas\"],\"inLanguage\":\"pt-PT\"},{\"@type\":\"WebPage\",\"@id\":\"https:\\\/\\\/jornaldasoficinas.com\\\/pt\\\/limpeza-e-manutencao-sustentavel-e-com-a-mewa\\\/\",\"url\":\"https:\\\/\\\/jornaldasoficinas.com\\\/pt\\\/limpeza-e-manutencao-sustentavel-e-com-a-mewa\\\/\",\"name\":\"Limpeza e manuten\u00e7\u00e3o sustent\u00e1vel? \u00c9 com a Mewa! - Jornal das Oficinas\",\"isPartOf\":{\"@id\":\"https:\\\/\\\/jornaldasoficinas.com\\\/pt\\\/#website\"},\"primaryImageOfPage\":{\"@id\":\"https:\\\/\\\/jornaldasoficinas.com\\\/pt\\\/limpeza-e-manutencao-sustentavel-e-com-a-mewa\\\/#primaryimage\"},\"image\":{\"@id\":\"https:\\\/\\\/jornaldasoficinas.com\\\/pt\\\/limpeza-e-manutencao-sustentavel-e-com-a-mewa\\\/#primaryimage\"},\"thumbnailUrl\":\"https:\\\/\\\/jornaldasoficinas.com\\\/pt\\\/wp-content\\\/uploads\\\/2025\\\/03\\\/Limpeza-e-manutencao-sustentavel-E-com-a-Mewa.jpg\",\"datePublished\":\"2025-03-13T14:00:16+00:00\",\"description\":\"Os panos da Mewa oferecem uma limpeza sustent\u00e1vel das m\u00e1quinas e ferramentas nas oficinas, estando dispon\u00edveis em quatro variantes\",\"breadcrumb\":{\"@id\":\"https:\\\/\\\/jornaldasoficinas.com\\\/pt\\\/limpeza-e-manutencao-sustentavel-e-com-a-mewa\\\/#breadcrumb\"},\"inLanguage\":\"pt-PT\",\"potentialAction\":[{\"@type\":\"ReadAction\",\"target\":[\"https:\\\/\\\/jornaldasoficinas.com\\\/pt\\\/limpeza-e-manutencao-sustentavel-e-com-a-mewa\\\/\"]}]},{\"@type\":\"ImageObject\",\"inLanguage\":\"pt-PT\",\"@id\":\"https:\\\/\\\/jornaldasoficinas.com\\\/pt\\\/limpeza-e-manutencao-sustentavel-e-com-a-mewa\\\/#primaryimage\",\"url\":\"https:\\\/\\\/jornaldasoficinas.com\\\/pt\\\/wp-content\\\/uploads\\\/2025\\\/03\\\/Limpeza-e-manutencao-sustentavel-E-com-a-Mewa.jpg\",\"contentUrl\":\"https:\\\/\\\/jornaldasoficinas.com\\\/pt\\\/wp-content\\\/uploads\\\/2025\\\/03\\\/Limpeza-e-manutencao-sustentavel-E-com-a-Mewa.jpg\",\"width\":1024,\"height\":581,\"caption\":\"03 - Limpeza e manutencao sustentavel E com a Mewa\"},{\"@type\":\"BreadcrumbList\",\"@id\":\"https:\\\/\\\/jornaldasoficinas.com\\\/pt\\\/limpeza-e-manutencao-sustentavel-e-com-a-mewa\\\/#breadcrumb\",\"itemListElement\":[{\"@type\":\"ListItem\",\"position\":1,\"name\":\"In\u00edcio\",\"item\":\"https:\\\/\\\/jornaldasoficinas.com\\\/pt\\\/\"},{\"@type\":\"ListItem\",\"position\":2,\"name\":\"Limpeza e manuten\u00e7\u00e3o sustent\u00e1vel? \u00c9 com a Mewa!\"}]},{\"@type\":\"WebSite\",\"@id\":\"https:\\\/\\\/jornaldasoficinas.com\\\/pt\\\/#website\",\"url\":\"https:\\\/\\\/jornaldasoficinas.com\\\/pt\\\/\",\"name\":\"Jornal das Oficinas\",\"description\":\"Jornal independente do Aftermarket Autom\u00f3vel em Portugal\",\"publisher\":{\"@id\":\"https:\\\/\\\/jornaldasoficinas.com\\\/pt\\\/#organization\"},\"potentialAction\":[{\"@type\":\"SearchAction\",\"target\":{\"@type\":\"EntryPoint\",\"urlTemplate\":\"https:\\\/\\\/jornaldasoficinas.com\\\/pt\\\/?s={search_term_string}\"},\"query-input\":{\"@type\":\"PropertyValueSpecification\",\"valueRequired\":true,\"valueName\":\"search_term_string\"}}],\"inLanguage\":\"pt-PT\"},{\"@type\":\"Organization\",\"@id\":\"https:\\\/\\\/jornaldasoficinas.com\\\/pt\\\/#organization\",\"name\":\"Jornal das Oficinas\",\"url\":\"https:\\\/\\\/jornaldasoficinas.com\\\/pt\\\/\",\"logo\":{\"@type\":\"ImageObject\",\"inLanguage\":\"pt-PT\",\"@id\":\"https:\\\/\\\/jornaldasoficinas.com\\\/pt\\\/#\\\/schema\\\/logo\\\/image\\\/\",\"url\":\"https:\\\/\\\/jornaldasoficinas.com\\\/pt\\\/wp-content\\\/uploads\\\/logoJO-SEO.png\",\"contentUrl\":\"https:\\\/\\\/jornaldasoficinas.com\\\/pt\\\/wp-content\\\/uploads\\\/logoJO-SEO.png\",\"width\":285,\"height\":450,\"caption\":\"Jornal das Oficinas\"},\"image\":{\"@id\":\"https:\\\/\\\/jornaldasoficinas.com\\\/pt\\\/#\\\/schema\\\/logo\\\/image\\\/\"},\"sameAs\":[\"https:\\\/\\\/www.facebook.com\\\/jornaloficinas\",\"https:\\\/\\\/x.com\\\/jornaloficinas\",\"https:\\\/\\\/www.instagram.com\\\/jornal_oficinas\\\/\",\"https:\\\/\\\/www.linkedin.com\\\/company\\\/jornal-das-oficinas\\\/\",\"https:\\\/\\\/www.youtube.com\\\/channel\\\/UCbQZBqtcvV-oSQrr7RzINGg\"]},{\"@type\":\"Person\",\"@id\":\"https:\\\/\\\/jornaldasoficinas.com\\\/pt\\\/#\\\/schema\\\/person\\\/a38eef5de2c41d9e7c9ac10141afddf3\",\"name\":\"Reda\u00e7\u00e3o JO\",\"image\":{\"@type\":\"ImageObject\",\"inLanguage\":\"pt-PT\",\"@id\":\"https:\\\/\\\/secure.gravatar.com\\\/avatar\\\/71f2fa71737ad68a84fea94bc708ddac8ea5b0c4788dc2ad202f3ccb2887742f?s=96&d=wp_user_avatar&r=g\",\"url\":\"https:\\\/\\\/secure.gravatar.com\\\/avatar\\\/71f2fa71737ad68a84fea94bc708ddac8ea5b0c4788dc2ad202f3ccb2887742f?s=96&d=wp_user_avatar&r=g\",\"contentUrl\":\"https:\\\/\\\/secure.gravatar.com\\\/avatar\\\/71f2fa71737ad68a84fea94bc708ddac8ea5b0c4788dc2ad202f3ccb2887742f?s=96&d=wp_user_avatar&r=g\",\"caption\":\"Reda\u00e7\u00e3o JO\"},\"url\":\"https:\\\/\\\/jornaldasoficinas.com\\\/pt\\\/author\\\/joredacao\\\/\"}]}<\/script>\n<!-- \/ Yoast SEO plugin. -->","yoast_head_json":{"title":"Limpeza e manuten\u00e7\u00e3o sustent\u00e1vel? \u00c9 com a Mewa! - Jornal das Oficinas","description":"Os panos da Mewa oferecem uma limpeza sustent\u00e1vel das m\u00e1quinas e ferramentas nas oficinas, estando dispon\u00edveis em quatro variantes","robots":{"index":"index","follow":"follow","max-snippet":"max-snippet:-1","max-image-preview":"max-image-preview:large","max-video-preview":"max-video-preview:-1"},"canonical":"https:\/\/jornaldasoficinas.com\/pt\/limpeza-e-manutencao-sustentavel-e-com-a-mewa\/","og_locale":"pt_PT","og_type":"article","og_title":"Limpeza e manuten\u00e7\u00e3o sustent\u00e1vel? \u00c9 com a Mewa! - Jornal das Oficinas","og_description":"Os panos da Mewa oferecem uma limpeza sustent\u00e1vel das m\u00e1quinas e ferramentas nas oficinas, estando dispon\u00edveis em quatro variantes","og_url":"https:\/\/jornaldasoficinas.com\/pt\/limpeza-e-manutencao-sustentavel-e-com-a-mewa\/","og_site_name":"Jornal das Oficinas","article_publisher":"https:\/\/www.facebook.com\/jornaloficinas","article_published_time":"2025-03-13T14:00:16+00:00","og_image":[{"width":1024,"height":581,"url":"https:\/\/jornaldasoficinas.com\/pt\/wp-content\/uploads\/2025\/03\/Limpeza-e-manutencao-sustentavel-E-com-a-Mewa.jpg","type":"image\/jpeg"}],"author":"Reda\u00e7\u00e3o JO","twitter_card":"summary_large_image","twitter_creator":"@jornaloficinas","twitter_site":"@jornaloficinas","twitter_misc":{"Escrito por":"Reda\u00e7\u00e3o JO","Tempo estimado de leitura":"4 minutos"},"schema":{"@context":"https:\/\/schema.org","@graph":[{"@type":"Article","@id":"https:\/\/jornaldasoficinas.com\/pt\/limpeza-e-manutencao-sustentavel-e-com-a-mewa\/#article","isPartOf":{"@id":"https:\/\/jornaldasoficinas.com\/pt\/limpeza-e-manutencao-sustentavel-e-com-a-mewa\/"},"author":{"name":"Reda\u00e7\u00e3o JO","@id":"https:\/\/jornaldasoficinas.com\/pt\/#\/schema\/person\/a38eef5de2c41d9e7c9ac10141afddf3"},"headline":"Limpeza e manuten\u00e7\u00e3o sustent\u00e1vel? \u00c9 com a Mewa!","datePublished":"2025-03-13T14:00:16+00:00","mainEntityOfPage":{"@id":"https:\/\/jornaldasoficinas.com\/pt\/limpeza-e-manutencao-sustentavel-e-com-a-mewa\/"},"wordCount":707,"publisher":{"@id":"https:\/\/jornaldasoficinas.com\/pt\/#organization"},"image":{"@id":"https:\/\/jornaldasoficinas.com\/pt\/limpeza-e-manutencao-sustentavel-e-com-a-mewa\/#primaryimage"},"thumbnailUrl":"https:\/\/jornaldasoficinas.com\/pt\/wp-content\/uploads\/2025\/03\/Limpeza-e-manutencao-sustentavel-E-com-a-Mewa.jpg","keywords":["limpeza sustent\u00e1vel","MEWA","Oficinas","panos","quatro variantes","servic\u0327o completo"],"articleSection":["Empresas"],"inLanguage":"pt-PT"},{"@type":"WebPage","@id":"https:\/\/jornaldasoficinas.com\/pt\/limpeza-e-manutencao-sustentavel-e-com-a-mewa\/","url":"https:\/\/jornaldasoficinas.com\/pt\/limpeza-e-manutencao-sustentavel-e-com-a-mewa\/","name":"Limpeza e manuten\u00e7\u00e3o sustent\u00e1vel? \u00c9 com a Mewa! - Jornal das Oficinas","isPartOf":{"@id":"https:\/\/jornaldasoficinas.com\/pt\/#website"},"primaryImageOfPage":{"@id":"https:\/\/jornaldasoficinas.com\/pt\/limpeza-e-manutencao-sustentavel-e-com-a-mewa\/#primaryimage"},"image":{"@id":"https:\/\/jornaldasoficinas.com\/pt\/limpeza-e-manutencao-sustentavel-e-com-a-mewa\/#primaryimage"},"thumbnailUrl":"https:\/\/jornaldasoficinas.com\/pt\/wp-content\/uploads\/2025\/03\/Limpeza-e-manutencao-sustentavel-E-com-a-Mewa.jpg","datePublished":"2025-03-13T14:00:16+00:00","description":"Os panos da Mewa oferecem uma limpeza sustent\u00e1vel das m\u00e1quinas e ferramentas nas oficinas, estando dispon\u00edveis em quatro variantes","breadcrumb":{"@id":"https:\/\/jornaldasoficinas.com\/pt\/limpeza-e-manutencao-sustentavel-e-com-a-mewa\/#breadcrumb"},"inLanguage":"pt-PT","potentialAction":[{"@type":"ReadAction","target":["https:\/\/jornaldasoficinas.com\/pt\/limpeza-e-manutencao-sustentavel-e-com-a-mewa\/"]}]},{"@type":"ImageObject","inLanguage":"pt-PT","@id":"https:\/\/jornaldasoficinas.com\/pt\/limpeza-e-manutencao-sustentavel-e-com-a-mewa\/#primaryimage","url":"https:\/\/jornaldasoficinas.com\/pt\/wp-content\/uploads\/2025\/03\/Limpeza-e-manutencao-sustentavel-E-com-a-Mewa.jpg","contentUrl":"https:\/\/jornaldasoficinas.com\/pt\/wp-content\/uploads\/2025\/03\/Limpeza-e-manutencao-sustentavel-E-com-a-Mewa.jpg","width":1024,"height":581,"caption":"03 - Limpeza e manutencao sustentavel E com a Mewa"},{"@type":"BreadcrumbList","@id":"https:\/\/jornaldasoficinas.com\/pt\/limpeza-e-manutencao-sustentavel-e-com-a-mewa\/#breadcrumb","itemListElement":[{"@type":"ListItem","position":1,"name":"In\u00edcio","item":"https:\/\/jornaldasoficinas.com\/pt\/"},{"@type":"ListItem","position":2,"name":"Limpeza e manuten\u00e7\u00e3o sustent\u00e1vel? \u00c9 com a Mewa!"}]},{"@type":"WebSite","@id":"https:\/\/jornaldasoficinas.com\/pt\/#website","url":"https:\/\/jornaldasoficinas.com\/pt\/","name":"Jornal das Oficinas","description":"Jornal independente do Aftermarket Autom\u00f3vel em Portugal","publisher":{"@id":"https:\/\/jornaldasoficinas.com\/pt\/#organization"},"potentialAction":[{"@type":"SearchAction","target":{"@type":"EntryPoint","urlTemplate":"https:\/\/jornaldasoficinas.com\/pt\/?s={search_term_string}"},"query-input":{"@type":"PropertyValueSpecification","valueRequired":true,"valueName":"search_term_string"}}],"inLanguage":"pt-PT"},{"@type":"Organization","@id":"https:\/\/jornaldasoficinas.com\/pt\/#organization","name":"Jornal das Oficinas","url":"https:\/\/jornaldasoficinas.com\/pt\/","logo":{"@type":"ImageObject","inLanguage":"pt-PT","@id":"https:\/\/jornaldasoficinas.com\/pt\/#\/schema\/logo\/image\/","url":"https:\/\/jornaldasoficinas.com\/pt\/wp-content\/uploads\/logoJO-SEO.png","contentUrl":"https:\/\/jornaldasoficinas.com\/pt\/wp-content\/uploads\/logoJO-SEO.png","width":285,"height":450,"caption":"Jornal das Oficinas"},"image":{"@id":"https:\/\/jornaldasoficinas.com\/pt\/#\/schema\/logo\/image\/"},"sameAs":["https:\/\/www.facebook.com\/jornaloficinas","https:\/\/x.com\/jornaloficinas","https:\/\/www.instagram.com\/jornal_oficinas\/","https:\/\/www.linkedin.com\/company\/jornal-das-oficinas\/","https:\/\/www.youtube.com\/channel\/UCbQZBqtcvV-oSQrr7RzINGg"]},{"@type":"Person","@id":"https:\/\/jornaldasoficinas.com\/pt\/#\/schema\/person\/a38eef5de2c41d9e7c9ac10141afddf3","name":"Reda\u00e7\u00e3o JO","image":{"@type":"ImageObject","inLanguage":"pt-PT","@id":"https:\/\/secure.gravatar.com\/avatar\/71f2fa71737ad68a84fea94bc708ddac8ea5b0c4788dc2ad202f3ccb2887742f?s=96&d=wp_user_avatar&r=g","url":"https:\/\/secure.gravatar.com\/avatar\/71f2fa71737ad68a84fea94bc708ddac8ea5b0c4788dc2ad202f3ccb2887742f?s=96&d=wp_user_avatar&r=g","contentUrl":"https:\/\/secure.gravatar.com\/avatar\/71f2fa71737ad68a84fea94bc708ddac8ea5b0c4788dc2ad202f3ccb2887742f?s=96&d=wp_user_avatar&r=g","caption":"Reda\u00e7\u00e3o JO"},"url":"https:\/\/jornaldasoficinas.com\/pt\/author\/joredacao\/"}]}},"_links":{"self":[{"href":"https:\/\/jornaldasoficinas.com\/pt\/wp-json\/wp\/v2\/posts\/98914","targetHints":{"allow":["GET"]}}],"collection":[{"href":"https:\/\/jornaldasoficinas.com\/pt\/wp-json\/wp\/v2\/posts"}],"about":[{"href":"https:\/\/jornaldasoficinas.com\/pt\/wp-json\/wp\/v2\/types\/post"}],"author":[{"embeddable":true,"href":"https:\/\/jornaldasoficinas.com\/pt\/wp-json\/wp\/v2\/users\/15"}],"replies":[{"embeddable":true,"href":"https:\/\/jornaldasoficinas.com\/pt\/wp-json\/wp\/v2\/comments?post=98914"}],"version-history":[{"count":7,"href":"https:\/\/jornaldasoficinas.com\/pt\/wp-json\/wp\/v2\/posts\/98914\/revisions"}],"predecessor-version":[{"id":98930,"href":"https:\/\/jornaldasoficinas.com\/pt\/wp-json\/wp\/v2\/posts\/98914\/revisions\/98930"}],"wp:featuredmedia":[{"embeddable":true,"href":"https:\/\/jornaldasoficinas.com\/pt\/wp-json\/wp\/v2\/media\/98922"}],"wp:attachment":[{"href":"https:\/\/jornaldasoficinas.com\/pt\/wp-json\/wp\/v2\/media?parent=98914"}],"wp:term":[{"taxonomy":"category","embeddable":true,"href":"https:\/\/jornaldasoficinas.com\/pt\/wp-json\/wp\/v2\/categories?post=98914"},{"taxonomy":"post_tag","embeddable":true,"href":"https:\/\/jornaldasoficinas.com\/pt\/wp-json\/wp\/v2\/tags?post=98914"}],"curies":[{"name":"wp","href":"https:\/\/api.w.org\/{rel}","templated":true}]}}