{"id":9910,"date":"2020-02-18T21:50:41","date_gmt":"2020-02-18T21:50:41","guid":{"rendered":"https:\/\/jornaldasoficinas.com\/pt\/?p=9910"},"modified":"2023-07-19T15:55:00","modified_gmt":"2023-07-19T14:55:00","slug":"qucaan-realiza-6-o-encontro-da-marca-toptul","status":"publish","type":"post","link":"https:\/\/jornaldasoficinas.com\/pt\/qucaan-realiza-6-o-encontro-da-marca-toptul\/","title":{"rendered":"Qucaan realizou em \u00c1gueda 6.\u00ba encontro da marca Toptul"},"content":{"rendered":"<p><img loading=\"lazy\" decoding=\"async\" class=\"alignnone size-full wp-image-9909\" src=\"https:\/\/jornaldasoficinas.com\/pt\/wp-content\/uploads\/2020\/02\/2.jpg\" alt=\"02 - 2\" width=\"1024\" height=\"581\" srcset=\"https:\/\/jornaldasoficinas.com\/pt\/wp-content\/uploads\/2020\/02\/2.jpg 1024w, https:\/\/jornaldasoficinas.com\/pt\/wp-content\/uploads\/2020\/02\/2-300x170.jpg 300w, https:\/\/jornaldasoficinas.com\/pt\/wp-content\/uploads\/2020\/02\/2-150x85.jpg 150w, https:\/\/jornaldasoficinas.com\/pt\/wp-content\/uploads\/2020\/02\/2-768x436.jpg 768w\" sizes=\"auto, (max-width: 1024px) 100vw, 1024px\" \/><\/p>\n<p><strong>A Qucaan, empresa que representa a marca Toptul em regime de exclusividade em Portugal, realizou, no passado dia 8 de fevereiro, na cidade de \u00c1gueda, o 6.\u00ba Encontro de Distribuidores Oficiais Toptul.<\/strong><\/p>\n<p>O j\u00e1 emblem\u00e1tico evento da marca contou com a presen\u00e7a dos mais prestigiados membros da rede de distribui\u00e7\u00e3o oficial da Toptul em Portugal e ambicionou examinar, cuidadosamente, o progresso da mesma no ano transato e, naturalmente, definir as linhas estruturais, assim como os objetivos estrat\u00e9gicos para o ano de 2020.<\/p>\n<p>Sustentado num esp\u00edrito de confraterniza\u00e7\u00e3o e proximidade, de acordo com aqueles que s\u00e3o os valores da marca, a equipa Toptul Portugal apresentou, num contexto de debate entre os diversos elementos da cadeia de valor da Qucaan, os principais marcos obtidos pela mesma no passado ano de atividade, assim como as principais medidas aplicadas a fim de aumentar a capacidade de resposta, junto da rede de distribui\u00e7\u00e3o e, consequentemente, do cliente final afeto \u00e0 Toptul.<\/p>\n<p>Neste contexto, importa real\u00e7ar que a marca voltou a surpreender, continuando a apresentar um ritmo de crescimento de impressionante destaque, pelo sexto ano consecutivo. Este resultado, para al\u00e9m de naturalmente gratificante para a equipa Toptul Portugal, aumenta a carga de responsabilidade sobre os mesmos, uma vez que o grau de influ\u00eancia da marca \u00e9 cada vez mais not\u00f3rio no mercado portugu\u00eas. Contudo, a empresa apresentou na reuni\u00e3o um conjunto \u00e1vido de propostas que visam alicer\u00e7ar, cada vez mais, os processos da marca em Portugal.<\/p>\n<p>No evento, foi igualmente apresentado o mais recente cat\u00e1logo da marca <a href=\"http:\/\/www.toptul.pt\/\" target=\"_blank\" rel=\"noopener noreferrer\">Toptul<\/a>, este ano mais completo, uma vez que contou com um incremento de 400 novas refer\u00eancias, nas quais se destaca um novo carro de ferramentas, PRO BUMPER, enroladores de ar, term\u00f3metro digital infravermelhos <em>contactless<\/em>, roquete revers\u00edvel 1\/2\u201d com bateria, m\u00e1quina de impacto pneum\u00e1tica veio longo, <em>extra power<\/em>, chaves de impacto longas, 6 faces 1\/2\u201d, pin\u00e7a amperim\u00e9trica digital e ventosa de v\u00e1cuo dupla com cabe\u00e7a flex\u00edvel, entre muitas outras novidades.<\/p>\n<p>Para al\u00e9m disso, destaca-se uma altera\u00e7\u00e3o no cap\u00edtulo das chaves de caixa, agora dividas por tamanhos, e da capa do respetivo cat\u00e1logo, cada vez mais arrojada e demonstrativa do valor da ferramenta Toptul. Este novo cat\u00e1logo entrou em vigor no passado dia 17 de fevereiro e j\u00e1 se encontra a ser entregue pelos diversos distribuidores oficias da marca.<\/p>\n<p>Carlos Coelho, <em>business manager<\/em> da <a href=\"http:\/\/www.qucaan.com\/\" target=\"_blank\" rel=\"noopener noreferrer\">Qucaan<\/a>, aproveitou o momento para agradecer o tremendo trabalho que tem sido realizado pela rede de distribui\u00e7\u00e3o nacional da marca, evidenciando que este tem sido um projeto diferenciador em Portugal, fruto da entrega di\u00e1ria de todos os elementos que comp\u00f5em a fam\u00edlia Toptul em Portugal.<\/p>\n<p>Mantendo o registo dos anos anteriores, o dia ficou igualmente abrilhantado com a presen\u00e7a de ilustres convidados, como a fadista Sandra Cristina e o comediante Hugo Sousa, tendo este \u00faltimo proporcionado um momento de pura divers\u00e3o e entusiasmo.<\/p>\n","protected":false},"excerpt":{"rendered":"<p>A Qucaan, empresa que representa a&#8230;<\/p>\n","protected":false},"author":15,"featured_media":9909,"comment_status":"closed","ping_status":"closed","sticky":false,"template":"","format":"standard","meta":{"footnotes":""},"categories":[29],"tags":[147,1596,1597],"class_list":["post-9910","post","type-post","status-publish","format-standard","has-post-thumbnail","hentry","category-empresas","tag-ferramentas","tag-qucaan","tag-toptul"],"yoast_head":"<!-- This site is optimized with the Yoast SEO plugin v27.4 - https:\/\/yoast.com\/product\/yoast-seo-wordpress\/ -->\n<title>Qucaan realizou em \u00c1gueda 6.\u00ba encontro da marca Toptul - Jornal das Oficinas<\/title>\n<meta name=\"robots\" content=\"index, follow, max-snippet:-1, max-image-preview:large, max-video-preview:-1\" \/>\n<link rel=\"canonical\" href=\"https:\/\/jornaldasoficinas.com\/pt\/qucaan-realiza-6-o-encontro-da-marca-toptul\/\" \/>\n<meta property=\"og:locale\" content=\"pt_PT\" \/>\n<meta property=\"og:type\" content=\"article\" \/>\n<meta property=\"og:title\" content=\"Qucaan realizou em \u00c1gueda 6.\u00ba encontro da marca Toptul - Jornal das Oficinas\" \/>\n<meta property=\"og:description\" content=\"A Qucaan, empresa que representa a...\" \/>\n<meta property=\"og:url\" content=\"https:\/\/jornaldasoficinas.com\/pt\/qucaan-realiza-6-o-encontro-da-marca-toptul\/\" \/>\n<meta property=\"og:site_name\" content=\"Jornal das Oficinas\" \/>\n<meta property=\"article:publisher\" content=\"https:\/\/www.facebook.com\/jornaloficinas\" \/>\n<meta property=\"article:published_time\" content=\"2020-02-18T21:50:41+00:00\" \/>\n<meta property=\"article:modified_time\" content=\"2023-07-19T14:55:00+00:00\" \/>\n<meta property=\"og:image\" content=\"https:\/\/jornaldasoficinas.com\/pt\/wp-content\/uploads\/2020\/02\/2.jpg\" \/>\n\t<meta property=\"og:image:width\" content=\"1024\" \/>\n\t<meta property=\"og:image:height\" content=\"581\" \/>\n\t<meta property=\"og:image:type\" content=\"image\/jpeg\" \/>\n<meta name=\"author\" content=\"Reda\u00e7\u00e3o JO\" \/>\n<meta name=\"twitter:card\" content=\"summary_large_image\" \/>\n<meta name=\"twitter:creator\" content=\"@jornaloficinas\" \/>\n<meta name=\"twitter:site\" content=\"@jornaloficinas\" \/>\n<meta name=\"twitter:label1\" content=\"Escrito por\" \/>\n\t<meta name=\"twitter:data1\" content=\"Reda\u00e7\u00e3o JO\" \/>\n\t<meta name=\"twitter:label2\" content=\"Tempo estimado de leitura\" \/>\n\t<meta name=\"twitter:data2\" content=\"2 minutos\" \/>\n<script type=\"application\/ld+json\" class=\"yoast-schema-graph\">{\"@context\":\"https:\\\/\\\/schema.org\",\"@graph\":[{\"@type\":\"Article\",\"@id\":\"https:\\\/\\\/jornaldasoficinas.com\\\/pt\\\/qucaan-realiza-6-o-encontro-da-marca-toptul\\\/#article\",\"isPartOf\":{\"@id\":\"https:\\\/\\\/jornaldasoficinas.com\\\/pt\\\/qucaan-realiza-6-o-encontro-da-marca-toptul\\\/\"},\"author\":{\"name\":\"Reda\u00e7\u00e3o JO\",\"@id\":\"https:\\\/\\\/jornaldasoficinas.com\\\/pt\\\/#\\\/schema\\\/person\\\/a38eef5de2c41d9e7c9ac10141afddf3\"},\"headline\":\"Qucaan realizou em \u00c1gueda 6.\u00ba encontro da marca Toptul\",\"datePublished\":\"2020-02-18T21:50:41+00:00\",\"dateModified\":\"2023-07-19T14:55:00+00:00\",\"mainEntityOfPage\":{\"@id\":\"https:\\\/\\\/jornaldasoficinas.com\\\/pt\\\/qucaan-realiza-6-o-encontro-da-marca-toptul\\\/\"},\"wordCount\":501,\"publisher\":{\"@id\":\"https:\\\/\\\/jornaldasoficinas.com\\\/pt\\\/#organization\"},\"image\":{\"@id\":\"https:\\\/\\\/jornaldasoficinas.com\\\/pt\\\/qucaan-realiza-6-o-encontro-da-marca-toptul\\\/#primaryimage\"},\"thumbnailUrl\":\"https:\\\/\\\/jornaldasoficinas.com\\\/pt\\\/wp-content\\\/uploads\\\/2020\\\/02\\\/2.jpg\",\"keywords\":[\"Ferramentas\",\"Qucaan\",\"Toptul\"],\"articleSection\":[\"Empresas\"],\"inLanguage\":\"pt-PT\"},{\"@type\":\"WebPage\",\"@id\":\"https:\\\/\\\/jornaldasoficinas.com\\\/pt\\\/qucaan-realiza-6-o-encontro-da-marca-toptul\\\/\",\"url\":\"https:\\\/\\\/jornaldasoficinas.com\\\/pt\\\/qucaan-realiza-6-o-encontro-da-marca-toptul\\\/\",\"name\":\"Qucaan realizou em \u00c1gueda 6.\u00ba encontro da marca Toptul - Jornal das Oficinas\",\"isPartOf\":{\"@id\":\"https:\\\/\\\/jornaldasoficinas.com\\\/pt\\\/#website\"},\"primaryImageOfPage\":{\"@id\":\"https:\\\/\\\/jornaldasoficinas.com\\\/pt\\\/qucaan-realiza-6-o-encontro-da-marca-toptul\\\/#primaryimage\"},\"image\":{\"@id\":\"https:\\\/\\\/jornaldasoficinas.com\\\/pt\\\/qucaan-realiza-6-o-encontro-da-marca-toptul\\\/#primaryimage\"},\"thumbnailUrl\":\"https:\\\/\\\/jornaldasoficinas.com\\\/pt\\\/wp-content\\\/uploads\\\/2020\\\/02\\\/2.jpg\",\"datePublished\":\"2020-02-18T21:50:41+00:00\",\"dateModified\":\"2023-07-19T14:55:00+00:00\",\"breadcrumb\":{\"@id\":\"https:\\\/\\\/jornaldasoficinas.com\\\/pt\\\/qucaan-realiza-6-o-encontro-da-marca-toptul\\\/#breadcrumb\"},\"inLanguage\":\"pt-PT\",\"potentialAction\":[{\"@type\":\"ReadAction\",\"target\":[\"https:\\\/\\\/jornaldasoficinas.com\\\/pt\\\/qucaan-realiza-6-o-encontro-da-marca-toptul\\\/\"]}]},{\"@type\":\"ImageObject\",\"inLanguage\":\"pt-PT\",\"@id\":\"https:\\\/\\\/jornaldasoficinas.com\\\/pt\\\/qucaan-realiza-6-o-encontro-da-marca-toptul\\\/#primaryimage\",\"url\":\"https:\\\/\\\/jornaldasoficinas.com\\\/pt\\\/wp-content\\\/uploads\\\/2020\\\/02\\\/2.jpg\",\"contentUrl\":\"https:\\\/\\\/jornaldasoficinas.com\\\/pt\\\/wp-content\\\/uploads\\\/2020\\\/02\\\/2.jpg\",\"width\":1024,\"height\":581,\"caption\":\"02 - 2\"},{\"@type\":\"BreadcrumbList\",\"@id\":\"https:\\\/\\\/jornaldasoficinas.com\\\/pt\\\/qucaan-realiza-6-o-encontro-da-marca-toptul\\\/#breadcrumb\",\"itemListElement\":[{\"@type\":\"ListItem\",\"position\":1,\"name\":\"In\u00edcio\",\"item\":\"https:\\\/\\\/jornaldasoficinas.com\\\/pt\\\/\"},{\"@type\":\"ListItem\",\"position\":2,\"name\":\"Qucaan realizou em \u00c1gueda 6.\u00ba encontro da marca Toptul\"}]},{\"@type\":\"WebSite\",\"@id\":\"https:\\\/\\\/jornaldasoficinas.com\\\/pt\\\/#website\",\"url\":\"https:\\\/\\\/jornaldasoficinas.com\\\/pt\\\/\",\"name\":\"Jornal das Oficinas\",\"description\":\"Jornal independente do Aftermarket Autom\u00f3vel em Portugal\",\"publisher\":{\"@id\":\"https:\\\/\\\/jornaldasoficinas.com\\\/pt\\\/#organization\"},\"potentialAction\":[{\"@type\":\"SearchAction\",\"target\":{\"@type\":\"EntryPoint\",\"urlTemplate\":\"https:\\\/\\\/jornaldasoficinas.com\\\/pt\\\/?s={search_term_string}\"},\"query-input\":{\"@type\":\"PropertyValueSpecification\",\"valueRequired\":true,\"valueName\":\"search_term_string\"}}],\"inLanguage\":\"pt-PT\"},{\"@type\":\"Organization\",\"@id\":\"https:\\\/\\\/jornaldasoficinas.com\\\/pt\\\/#organization\",\"name\":\"Jornal das Oficinas\",\"url\":\"https:\\\/\\\/jornaldasoficinas.com\\\/pt\\\/\",\"logo\":{\"@type\":\"ImageObject\",\"inLanguage\":\"pt-PT\",\"@id\":\"https:\\\/\\\/jornaldasoficinas.com\\\/pt\\\/#\\\/schema\\\/logo\\\/image\\\/\",\"url\":\"https:\\\/\\\/jornaldasoficinas.com\\\/pt\\\/wp-content\\\/uploads\\\/logoJO-SEO.png\",\"contentUrl\":\"https:\\\/\\\/jornaldasoficinas.com\\\/pt\\\/wp-content\\\/uploads\\\/logoJO-SEO.png\",\"width\":285,\"height\":450,\"caption\":\"Jornal das Oficinas\"},\"image\":{\"@id\":\"https:\\\/\\\/jornaldasoficinas.com\\\/pt\\\/#\\\/schema\\\/logo\\\/image\\\/\"},\"sameAs\":[\"https:\\\/\\\/www.facebook.com\\\/jornaloficinas\",\"https:\\\/\\\/x.com\\\/jornaloficinas\",\"https:\\\/\\\/www.instagram.com\\\/jornal_oficinas\\\/\",\"https:\\\/\\\/www.linkedin.com\\\/company\\\/jornal-das-oficinas\\\/\",\"https:\\\/\\\/www.youtube.com\\\/channel\\\/UCbQZBqtcvV-oSQrr7RzINGg\"]},{\"@type\":\"Person\",\"@id\":\"https:\\\/\\\/jornaldasoficinas.com\\\/pt\\\/#\\\/schema\\\/person\\\/a38eef5de2c41d9e7c9ac10141afddf3\",\"name\":\"Reda\u00e7\u00e3o JO\",\"image\":{\"@type\":\"ImageObject\",\"inLanguage\":\"pt-PT\",\"@id\":\"https:\\\/\\\/secure.gravatar.com\\\/avatar\\\/71f2fa71737ad68a84fea94bc708ddac8ea5b0c4788dc2ad202f3ccb2887742f?s=96&d=wp_user_avatar&r=g\",\"url\":\"https:\\\/\\\/secure.gravatar.com\\\/avatar\\\/71f2fa71737ad68a84fea94bc708ddac8ea5b0c4788dc2ad202f3ccb2887742f?s=96&d=wp_user_avatar&r=g\",\"contentUrl\":\"https:\\\/\\\/secure.gravatar.com\\\/avatar\\\/71f2fa71737ad68a84fea94bc708ddac8ea5b0c4788dc2ad202f3ccb2887742f?s=96&d=wp_user_avatar&r=g\",\"caption\":\"Reda\u00e7\u00e3o JO\"},\"url\":\"https:\\\/\\\/jornaldasoficinas.com\\\/pt\\\/author\\\/joredacao\\\/\"}]}<\/script>\n<!-- \/ Yoast SEO plugin. -->","yoast_head_json":{"title":"Qucaan realizou em \u00c1gueda 6.\u00ba encontro da marca Toptul - Jornal das Oficinas","robots":{"index":"index","follow":"follow","max-snippet":"max-snippet:-1","max-image-preview":"max-image-preview:large","max-video-preview":"max-video-preview:-1"},"canonical":"https:\/\/jornaldasoficinas.com\/pt\/qucaan-realiza-6-o-encontro-da-marca-toptul\/","og_locale":"pt_PT","og_type":"article","og_title":"Qucaan realizou em \u00c1gueda 6.\u00ba encontro da marca Toptul - Jornal das Oficinas","og_description":"A Qucaan, empresa que representa a...","og_url":"https:\/\/jornaldasoficinas.com\/pt\/qucaan-realiza-6-o-encontro-da-marca-toptul\/","og_site_name":"Jornal das Oficinas","article_publisher":"https:\/\/www.facebook.com\/jornaloficinas","article_published_time":"2020-02-18T21:50:41+00:00","article_modified_time":"2023-07-19T14:55:00+00:00","og_image":[{"width":1024,"height":581,"url":"https:\/\/jornaldasoficinas.com\/pt\/wp-content\/uploads\/2020\/02\/2.jpg","type":"image\/jpeg"}],"author":"Reda\u00e7\u00e3o JO","twitter_card":"summary_large_image","twitter_creator":"@jornaloficinas","twitter_site":"@jornaloficinas","twitter_misc":{"Escrito por":"Reda\u00e7\u00e3o JO","Tempo estimado de leitura":"2 minutos"},"schema":{"@context":"https:\/\/schema.org","@graph":[{"@type":"Article","@id":"https:\/\/jornaldasoficinas.com\/pt\/qucaan-realiza-6-o-encontro-da-marca-toptul\/#article","isPartOf":{"@id":"https:\/\/jornaldasoficinas.com\/pt\/qucaan-realiza-6-o-encontro-da-marca-toptul\/"},"author":{"name":"Reda\u00e7\u00e3o JO","@id":"https:\/\/jornaldasoficinas.com\/pt\/#\/schema\/person\/a38eef5de2c41d9e7c9ac10141afddf3"},"headline":"Qucaan realizou em \u00c1gueda 6.\u00ba encontro da marca Toptul","datePublished":"2020-02-18T21:50:41+00:00","dateModified":"2023-07-19T14:55:00+00:00","mainEntityOfPage":{"@id":"https:\/\/jornaldasoficinas.com\/pt\/qucaan-realiza-6-o-encontro-da-marca-toptul\/"},"wordCount":501,"publisher":{"@id":"https:\/\/jornaldasoficinas.com\/pt\/#organization"},"image":{"@id":"https:\/\/jornaldasoficinas.com\/pt\/qucaan-realiza-6-o-encontro-da-marca-toptul\/#primaryimage"},"thumbnailUrl":"https:\/\/jornaldasoficinas.com\/pt\/wp-content\/uploads\/2020\/02\/2.jpg","keywords":["Ferramentas","Qucaan","Toptul"],"articleSection":["Empresas"],"inLanguage":"pt-PT"},{"@type":"WebPage","@id":"https:\/\/jornaldasoficinas.com\/pt\/qucaan-realiza-6-o-encontro-da-marca-toptul\/","url":"https:\/\/jornaldasoficinas.com\/pt\/qucaan-realiza-6-o-encontro-da-marca-toptul\/","name":"Qucaan realizou em \u00c1gueda 6.\u00ba encontro da marca Toptul - Jornal das Oficinas","isPartOf":{"@id":"https:\/\/jornaldasoficinas.com\/pt\/#website"},"primaryImageOfPage":{"@id":"https:\/\/jornaldasoficinas.com\/pt\/qucaan-realiza-6-o-encontro-da-marca-toptul\/#primaryimage"},"image":{"@id":"https:\/\/jornaldasoficinas.com\/pt\/qucaan-realiza-6-o-encontro-da-marca-toptul\/#primaryimage"},"thumbnailUrl":"https:\/\/jornaldasoficinas.com\/pt\/wp-content\/uploads\/2020\/02\/2.jpg","datePublished":"2020-02-18T21:50:41+00:00","dateModified":"2023-07-19T14:55:00+00:00","breadcrumb":{"@id":"https:\/\/jornaldasoficinas.com\/pt\/qucaan-realiza-6-o-encontro-da-marca-toptul\/#breadcrumb"},"inLanguage":"pt-PT","potentialAction":[{"@type":"ReadAction","target":["https:\/\/jornaldasoficinas.com\/pt\/qucaan-realiza-6-o-encontro-da-marca-toptul\/"]}]},{"@type":"ImageObject","inLanguage":"pt-PT","@id":"https:\/\/jornaldasoficinas.com\/pt\/qucaan-realiza-6-o-encontro-da-marca-toptul\/#primaryimage","url":"https:\/\/jornaldasoficinas.com\/pt\/wp-content\/uploads\/2020\/02\/2.jpg","contentUrl":"https:\/\/jornaldasoficinas.com\/pt\/wp-content\/uploads\/2020\/02\/2.jpg","width":1024,"height":581,"caption":"02 - 2"},{"@type":"BreadcrumbList","@id":"https:\/\/jornaldasoficinas.com\/pt\/qucaan-realiza-6-o-encontro-da-marca-toptul\/#breadcrumb","itemListElement":[{"@type":"ListItem","position":1,"name":"In\u00edcio","item":"https:\/\/jornaldasoficinas.com\/pt\/"},{"@type":"ListItem","position":2,"name":"Qucaan realizou em \u00c1gueda 6.\u00ba encontro da marca Toptul"}]},{"@type":"WebSite","@id":"https:\/\/jornaldasoficinas.com\/pt\/#website","url":"https:\/\/jornaldasoficinas.com\/pt\/","name":"Jornal das Oficinas","description":"Jornal independente do Aftermarket Autom\u00f3vel em Portugal","publisher":{"@id":"https:\/\/jornaldasoficinas.com\/pt\/#organization"},"potentialAction":[{"@type":"SearchAction","target":{"@type":"EntryPoint","urlTemplate":"https:\/\/jornaldasoficinas.com\/pt\/?s={search_term_string}"},"query-input":{"@type":"PropertyValueSpecification","valueRequired":true,"valueName":"search_term_string"}}],"inLanguage":"pt-PT"},{"@type":"Organization","@id":"https:\/\/jornaldasoficinas.com\/pt\/#organization","name":"Jornal das Oficinas","url":"https:\/\/jornaldasoficinas.com\/pt\/","logo":{"@type":"ImageObject","inLanguage":"pt-PT","@id":"https:\/\/jornaldasoficinas.com\/pt\/#\/schema\/logo\/image\/","url":"https:\/\/jornaldasoficinas.com\/pt\/wp-content\/uploads\/logoJO-SEO.png","contentUrl":"https:\/\/jornaldasoficinas.com\/pt\/wp-content\/uploads\/logoJO-SEO.png","width":285,"height":450,"caption":"Jornal das Oficinas"},"image":{"@id":"https:\/\/jornaldasoficinas.com\/pt\/#\/schema\/logo\/image\/"},"sameAs":["https:\/\/www.facebook.com\/jornaloficinas","https:\/\/x.com\/jornaloficinas","https:\/\/www.instagram.com\/jornal_oficinas\/","https:\/\/www.linkedin.com\/company\/jornal-das-oficinas\/","https:\/\/www.youtube.com\/channel\/UCbQZBqtcvV-oSQrr7RzINGg"]},{"@type":"Person","@id":"https:\/\/jornaldasoficinas.com\/pt\/#\/schema\/person\/a38eef5de2c41d9e7c9ac10141afddf3","name":"Reda\u00e7\u00e3o JO","image":{"@type":"ImageObject","inLanguage":"pt-PT","@id":"https:\/\/secure.gravatar.com\/avatar\/71f2fa71737ad68a84fea94bc708ddac8ea5b0c4788dc2ad202f3ccb2887742f?s=96&d=wp_user_avatar&r=g","url":"https:\/\/secure.gravatar.com\/avatar\/71f2fa71737ad68a84fea94bc708ddac8ea5b0c4788dc2ad202f3ccb2887742f?s=96&d=wp_user_avatar&r=g","contentUrl":"https:\/\/secure.gravatar.com\/avatar\/71f2fa71737ad68a84fea94bc708ddac8ea5b0c4788dc2ad202f3ccb2887742f?s=96&d=wp_user_avatar&r=g","caption":"Reda\u00e7\u00e3o JO"},"url":"https:\/\/jornaldasoficinas.com\/pt\/author\/joredacao\/"}]}},"_links":{"self":[{"href":"https:\/\/jornaldasoficinas.com\/pt\/wp-json\/wp\/v2\/posts\/9910","targetHints":{"allow":["GET"]}}],"collection":[{"href":"https:\/\/jornaldasoficinas.com\/pt\/wp-json\/wp\/v2\/posts"}],"about":[{"href":"https:\/\/jornaldasoficinas.com\/pt\/wp-json\/wp\/v2\/types\/post"}],"author":[{"embeddable":true,"href":"https:\/\/jornaldasoficinas.com\/pt\/wp-json\/wp\/v2\/users\/15"}],"replies":[{"embeddable":true,"href":"https:\/\/jornaldasoficinas.com\/pt\/wp-json\/wp\/v2\/comments?post=9910"}],"version-history":[{"count":0,"href":"https:\/\/jornaldasoficinas.com\/pt\/wp-json\/wp\/v2\/posts\/9910\/revisions"}],"wp:featuredmedia":[{"embeddable":true,"href":"https:\/\/jornaldasoficinas.com\/pt\/wp-json\/wp\/v2\/media\/9909"}],"wp:attachment":[{"href":"https:\/\/jornaldasoficinas.com\/pt\/wp-json\/wp\/v2\/media?parent=9910"}],"wp:term":[{"taxonomy":"category","embeddable":true,"href":"https:\/\/jornaldasoficinas.com\/pt\/wp-json\/wp\/v2\/categories?post=9910"},{"taxonomy":"post_tag","embeddable":true,"href":"https:\/\/jornaldasoficinas.com\/pt\/wp-json\/wp\/v2\/tags?post=9910"}],"curies":[{"name":"wp","href":"https:\/\/api.w.org\/{rel}","templated":true}]}}