{"id":99213,"date":"2025-03-21T08:00:17","date_gmt":"2025-03-21T08:00:17","guid":{"rendered":"https:\/\/jornaldasoficinas.com\/pt\/?p=99213"},"modified":"2025-03-19T16:55:57","modified_gmt":"2025-03-19T16:55:57","slug":"fuchs-reforca-apoio-ao-piloto-hugo-lopes-em-2025","status":"publish","type":"post","link":"https:\/\/jornaldasoficinas.com\/pt\/fuchs-reforca-apoio-ao-piloto-hugo-lopes-em-2025\/","title":{"rendered":"FUCHS refor\u00e7a apoio ao piloto Hugo Lopes em 2025"},"content":{"rendered":"<p><strong><img loading=\"lazy\" decoding=\"async\" class=\"alignnone size-full wp-image-99219\" src=\"https:\/\/jornaldasoficinas.com\/pt\/wp-content\/uploads\/2025\/03\/FUCHS-reforca-apoio-ao-piloto-Hugo-Lopes-em-2025.jpg\" alt=\"03 - FUCHS reforca apoio ao piloto Hugo Lopes em 2025\" width=\"1024\" height=\"581\" srcset=\"https:\/\/jornaldasoficinas.com\/pt\/wp-content\/uploads\/2025\/03\/FUCHS-reforca-apoio-ao-piloto-Hugo-Lopes-em-2025.jpg 1024w, https:\/\/jornaldasoficinas.com\/pt\/wp-content\/uploads\/2025\/03\/FUCHS-reforca-apoio-ao-piloto-Hugo-Lopes-em-2025-300x170.jpg 300w, https:\/\/jornaldasoficinas.com\/pt\/wp-content\/uploads\/2025\/03\/FUCHS-reforca-apoio-ao-piloto-Hugo-Lopes-em-2025-150x85.jpg 150w, https:\/\/jornaldasoficinas.com\/pt\/wp-content\/uploads\/2025\/03\/FUCHS-reforca-apoio-ao-piloto-Hugo-Lopes-em-2025-768x436.jpg 768w\" sizes=\"auto, (max-width: 1024px) 100vw, 1024px\" \/><\/strong><\/p>\n<p><strong>Em entrevista \u00e0\u00a0<a href=\"https:\/\/www.buss.pt\/\">BUSS<\/a>, o piloto Hugo Lopes destacou a sua estreia no Campeonato de Portugal de Ralis 4RM e o apoio refor\u00e7ado da <a href=\"https:\/\/www.fuchs.com\/\" target=\"_blank\" rel=\"noopener\">FUCHS<\/a>, sublinhando a import\u00e2ncia dos lubrificantes da marca tanto na competi\u00e7\u00e3o como na manuten\u00e7\u00e3o dos ve\u00edculos da <a href=\"https:\/\/www.facebook.com\/AMSPORT.VISEU\/?locale=pt_PT\" target=\"_blank\" rel=\"noopener\">AMSPORT<\/a>\u00a0<\/strong><\/p>\n<p>Premiado como Piloto Revela\u00e7\u00e3o FPAK 2024, Hugo Lopes, de 27 anos, teve a sua melhor \u00e9poca de sempre no ano passado: Venceu o Campeonato de Portugal J\u00fanior de Ralis e o European Rally Trophy Junior e ficou em segundo no Campeonato de Portugal de Ralis (CPR) 2RM.<\/p>\n<p>Em 2025, estreia-se no CPR 4RM como piloto oficial do Team Hyundai Portugal. Sempre ao seu lado, desde 2022: a FUCHS. Em 2025, a marca das oficinas refor\u00e7a o apoio ao engenheiro mec\u00e2nico da AMSPORT. A conceituada oficina de Viseu usa em exclusivo lubrificantes FUCHS, tanto em competi\u00e7\u00e3o, como na manuten\u00e7\u00e3o dos ve\u00edculos de clientes empresariais e particulares.<\/p>\n<p>&#8220;Para a FUCHS, \u00e9 excelente ter uma parceria com um jovem piloto como o Hugo, que corre desde os 13 anos. Tem garra, talento, foco e est\u00e1 empenhad\u00edssimo em dar tudo, ou seja, vai mostrar que os nossos \u00f3leos de alta performance funcionam perfeitamente em condi\u00e7\u00f5es extremas e que protegem o motor, os trav\u00f5es, a caixa e os diferenciais durante a competi\u00e7\u00e3o&#8221;, explicou Andr\u00e9 Castro Pinheiro, diretor executivo da FUCHS Portugal, na assinatura do novo contrato com Hugo Lopes e a sua navegadora Magda Oliveira a 11 de mar\u00e7o de 2025 na Maia.<\/p>\n<p>O que significa a parceria com a FUCHS para Hugo Lopes e Magda Oliveira? Como correu a estreia no CPR 4RM? Eis as respostas que a dupla de Viseu deu \u00e0 BUSS.<\/p>\n<p><strong>O que aconteceu no Rallye Serras de Fafe, Hugo?<\/strong><\/p>\n<p>Cheg\u00e1mos ao fim mais cedo do que o esperado, mas at\u00e9 l\u00e1 acho que v\u00ednhamos a cumprir com os objetivos. Era a minha primeira experi\u00eancia num carro desta gera\u00e7\u00e3o, num carro de quatro rodas motrizes e na terra. Nos 50, 60 km que corremos, t\u00ednhamos feito at\u00e9 uns tempos interessantes e mostrado o nosso ritmo e a nossa rapidez. Nalguns tro\u00e7os, no shakedown por exemplo, fic\u00e1mos \u00e0 frente de muitos pilotos nacionais e acho que foi um bom indicador. Depois, infelizmente, no tro\u00e7o de Lu\u00edlhas, que estava mesmo muito degradado, com muitas pedras e lama e uma pedra no interior de uma curva, foi o fim. Partiu-se a dire\u00e7\u00e3o.<\/p>\n<p><strong>H\u00e1 quanto tempo estavam a treinar com o novo carro, um Hyundai i20 N Rally 2?<\/strong><\/p>\n<p>L\u00e1 est\u00e1, n\u00f3s fizemos dois testes em seco em que encontr\u00e1mos condi\u00e7\u00f5es muito diferentes. E tivemos a oportunidade de testar no segundo teste com o Dani Sordo, que nos fez evoluir bastante e tir\u00e1mos bons indicadores, mas l\u00e1 est\u00e1, foi em seco, e cheg\u00e1mos ao rali e foi muito complicado.<\/p>\n<p><strong>Ent\u00e3o, qual a diferen\u00e7a entre conduzir um carro de duas e de quatro rodas motrizes?<\/strong><\/p>\n<p>Em terra h\u00e1 muita diferen\u00e7a. H\u00e1 que mudar muita coisa, e isso, admito, foi um choque grande para mim. Com quatro rodas motrizes, temos que antecipar muito mais as curvas, depois o carro tem outro peso e o poder de tra\u00e7\u00e3o \u00e9 completamente diferente. Conseguimos curvar muito mais depressa e tamb\u00e9m o poder de travagem \u00e9 o que fascina mais. Claro que a diferen\u00e7a da pot\u00eancia \u00e9 not\u00f3ria. O conjunto todo \u00e9 fenomenal.<\/p>\n<p><strong>Quais os vossos objetivos para este primeiro campeonato?<\/strong><\/p>\n<p>Este primeiro campeonato \u00e9 um programa parcial. O objetivo \u00e9 dar nas vistas e preparar ao m\u00e1ximo o campeonato de 2026, j\u00e1 com programa completo.<\/p>\n<p><strong>O apoio da FUCHS j\u00e1 est\u00e1 assegurado.<\/strong><\/p>\n<p>Sim. \u00c9 uma mais-valia para mim e para a nossa oficina AMSPORT termos a FUCHS connosco. Como piloto da FUCHS, consigo transmitir facilmente a qualidade dos \u00f3leos aos clientes do dia-a-dia na oficina. Todos os lubrificantes que eu utilizo, sou engenheiro da parte da competi\u00e7\u00e3o, s\u00e3o FUCHS: o fluido de trav\u00f5es, da caixa de velocidades e diferenciais. Os clientes confiam nos lubrificantes FUCHS porque s\u00e3o bons no desporto autom\u00f3vel, que \u00e9 muito exigente. Durante uma prova, pelo menos em termos de lubrificantes, est\u00e1 sempre tudo bem.<\/p>\n<p><strong>Quais as pr\u00f3ximas provas?<\/strong><br \/>\nAgora temos j\u00e1 definido o Rali de Castelo Branco e o Rali da \u00c1gua. Est\u00e1 quase fechado o Rali Vinho Madeira.<\/p>\n<p><strong>Para al\u00e9m de dar nas vistas, qual o objetivo competitivo?<\/strong><\/p>\n<p>Atingir um lugar no p\u00f3dio este ano.<\/p>\n<p><strong>E qual a import\u00e2ncia da tua parceira Magda neste objetivo?<\/strong><\/p>\n<p>A Magda \u00e9 a pessoa ideal para estar comigo neste projeto, tamb\u00e9m por ser jovem e uma mulher num desporto maioritariamente dominado por homens. \u00c9 uma mais-valia por ser muito focada e mostra muito bem que as mulheres s\u00e3o t\u00e3o ou mais capazes que os homens.<\/p>\n<p><strong>A Magda, que j\u00e1 correu como piloto em Ralicross, ficou navegadora no in\u00edcio de 2024 quando o anterior co-piloto do Hugo se lesionou. Foi uma boa oportunidade, Magda?<\/strong><\/p>\n<p><strong>Magda:<\/strong> N\u00e3o estava nada a contar que fosse eu a ser escolhida, mas faltava pouco tempo para a primeira prova. Trabalh\u00e1mos ao m\u00e1ximo para conseguir dar tudo e ganh\u00e1mos logo o primeiro rali. Depois continu\u00e1mos o trabalho para as outras provas. Infelizmente, tive de sair devido a uma les\u00e3o, mas continuei sempre a apoiar o Hugo em todos os ralis. Este ano regress\u00e1mos e nunca pensei que o regresso fosse t\u00e3o bom.<\/p>\n","protected":false},"excerpt":{"rendered":"<p>Em entrevista \u00e0\u00a0BUSS, o piloto Hugo&#8230;<\/p>\n","protected":false},"author":15,"featured_media":99219,"comment_status":"closed","ping_status":"closed","sticky":false,"template":"","format":"standard","meta":{"footnotes":""},"categories":[38],"tags":[6435,12229,277,155,7421,5258,12228],"class_list":["post-99213","post","type-post","status-publish","format-standard","has-post-thumbnail","hentry","category-entrevistas","tag-amsport","tag-campeonato-de-portugal-de-ralis-4rm","tag-fuchs","tag-lubrificantes","tag-oficina","tag-patrocinio","tag-piloto-hugo-lopes"],"yoast_head":"<!-- This site is optimized with the Yoast SEO plugin v27.4 - https:\/\/yoast.com\/product\/yoast-seo-wordpress\/ -->\n<title>FUCHS refor\u00e7a apoio ao piloto Hugo Lopes em 2025 - Jornal das Oficinas<\/title>\n<meta name=\"description\" content=\"Em entrevista \u00e0\u00a0BUSS, o piloto Hugo Lopes destacou a sua estreia no Campeonato de Portugal de Ralis 4RM e o apoio refor\u00e7ado da FUCHS\" \/>\n<meta name=\"robots\" content=\"index, follow, max-snippet:-1, max-image-preview:large, max-video-preview:-1\" \/>\n<link rel=\"canonical\" href=\"https:\/\/jornaldasoficinas.com\/pt\/fuchs-reforca-apoio-ao-piloto-hugo-lopes-em-2025\/\" \/>\n<meta property=\"og:locale\" content=\"pt_PT\" \/>\n<meta property=\"og:type\" content=\"article\" \/>\n<meta property=\"og:title\" content=\"FUCHS refor\u00e7a apoio ao piloto Hugo Lopes em 2025 - Jornal das Oficinas\" \/>\n<meta property=\"og:description\" content=\"Em entrevista \u00e0\u00a0BUSS, o piloto Hugo Lopes destacou a sua estreia no Campeonato de Portugal de Ralis 4RM e o apoio refor\u00e7ado da FUCHS\" \/>\n<meta property=\"og:url\" content=\"https:\/\/jornaldasoficinas.com\/pt\/fuchs-reforca-apoio-ao-piloto-hugo-lopes-em-2025\/\" \/>\n<meta property=\"og:site_name\" content=\"Jornal das Oficinas\" \/>\n<meta property=\"article:publisher\" content=\"https:\/\/www.facebook.com\/jornaloficinas\" \/>\n<meta property=\"article:published_time\" content=\"2025-03-21T08:00:17+00:00\" \/>\n<meta property=\"og:image\" content=\"https:\/\/jornaldasoficinas.com\/pt\/wp-content\/uploads\/2025\/03\/FUCHS-reforca-apoio-ao-piloto-Hugo-Lopes-em-2025.jpg\" \/>\n\t<meta property=\"og:image:width\" content=\"1024\" \/>\n\t<meta property=\"og:image:height\" content=\"581\" \/>\n\t<meta property=\"og:image:type\" content=\"image\/jpeg\" \/>\n<meta name=\"author\" content=\"Reda\u00e7\u00e3o JO\" \/>\n<meta name=\"twitter:card\" content=\"summary_large_image\" \/>\n<meta name=\"twitter:creator\" content=\"@jornaloficinas\" \/>\n<meta name=\"twitter:site\" content=\"@jornaloficinas\" \/>\n<meta name=\"twitter:label1\" content=\"Escrito por\" \/>\n\t<meta name=\"twitter:data1\" content=\"Reda\u00e7\u00e3o JO\" \/>\n\t<meta name=\"twitter:label2\" content=\"Tempo estimado de leitura\" \/>\n\t<meta name=\"twitter:data2\" content=\"6 minutos\" \/>\n<script type=\"application\/ld+json\" class=\"yoast-schema-graph\">{\"@context\":\"https:\\\/\\\/schema.org\",\"@graph\":[{\"@type\":\"Article\",\"@id\":\"https:\\\/\\\/jornaldasoficinas.com\\\/pt\\\/fuchs-reforca-apoio-ao-piloto-hugo-lopes-em-2025\\\/#article\",\"isPartOf\":{\"@id\":\"https:\\\/\\\/jornaldasoficinas.com\\\/pt\\\/fuchs-reforca-apoio-ao-piloto-hugo-lopes-em-2025\\\/\"},\"author\":{\"name\":\"Reda\u00e7\u00e3o JO\",\"@id\":\"https:\\\/\\\/jornaldasoficinas.com\\\/pt\\\/#\\\/schema\\\/person\\\/a38eef5de2c41d9e7c9ac10141afddf3\"},\"headline\":\"FUCHS refor\u00e7a apoio ao piloto Hugo Lopes em 2025\",\"datePublished\":\"2025-03-21T08:00:17+00:00\",\"mainEntityOfPage\":{\"@id\":\"https:\\\/\\\/jornaldasoficinas.com\\\/pt\\\/fuchs-reforca-apoio-ao-piloto-hugo-lopes-em-2025\\\/\"},\"wordCount\":912,\"publisher\":{\"@id\":\"https:\\\/\\\/jornaldasoficinas.com\\\/pt\\\/#organization\"},\"image\":{\"@id\":\"https:\\\/\\\/jornaldasoficinas.com\\\/pt\\\/fuchs-reforca-apoio-ao-piloto-hugo-lopes-em-2025\\\/#primaryimage\"},\"thumbnailUrl\":\"https:\\\/\\\/jornaldasoficinas.com\\\/pt\\\/wp-content\\\/uploads\\\/2025\\\/03\\\/FUCHS-reforca-apoio-ao-piloto-Hugo-Lopes-em-2025.jpg\",\"keywords\":[\"AMSPORT\",\"Campeonato de Portugal de Ralis 4RM\",\"Fuchs\",\"Lubrificantes\",\"oficina\",\"Patroc\u00ednio\",\"piloto Hugo Lopes\"],\"articleSection\":[\"Entrevistas\"],\"inLanguage\":\"pt-PT\"},{\"@type\":\"WebPage\",\"@id\":\"https:\\\/\\\/jornaldasoficinas.com\\\/pt\\\/fuchs-reforca-apoio-ao-piloto-hugo-lopes-em-2025\\\/\",\"url\":\"https:\\\/\\\/jornaldasoficinas.com\\\/pt\\\/fuchs-reforca-apoio-ao-piloto-hugo-lopes-em-2025\\\/\",\"name\":\"FUCHS refor\u00e7a apoio ao piloto Hugo Lopes em 2025 - Jornal das Oficinas\",\"isPartOf\":{\"@id\":\"https:\\\/\\\/jornaldasoficinas.com\\\/pt\\\/#website\"},\"primaryImageOfPage\":{\"@id\":\"https:\\\/\\\/jornaldasoficinas.com\\\/pt\\\/fuchs-reforca-apoio-ao-piloto-hugo-lopes-em-2025\\\/#primaryimage\"},\"image\":{\"@id\":\"https:\\\/\\\/jornaldasoficinas.com\\\/pt\\\/fuchs-reforca-apoio-ao-piloto-hugo-lopes-em-2025\\\/#primaryimage\"},\"thumbnailUrl\":\"https:\\\/\\\/jornaldasoficinas.com\\\/pt\\\/wp-content\\\/uploads\\\/2025\\\/03\\\/FUCHS-reforca-apoio-ao-piloto-Hugo-Lopes-em-2025.jpg\",\"datePublished\":\"2025-03-21T08:00:17+00:00\",\"description\":\"Em entrevista \u00e0\u00a0BUSS, o piloto Hugo Lopes destacou a sua estreia no Campeonato de Portugal de Ralis 4RM e o apoio refor\u00e7ado da FUCHS\",\"breadcrumb\":{\"@id\":\"https:\\\/\\\/jornaldasoficinas.com\\\/pt\\\/fuchs-reforca-apoio-ao-piloto-hugo-lopes-em-2025\\\/#breadcrumb\"},\"inLanguage\":\"pt-PT\",\"potentialAction\":[{\"@type\":\"ReadAction\",\"target\":[\"https:\\\/\\\/jornaldasoficinas.com\\\/pt\\\/fuchs-reforca-apoio-ao-piloto-hugo-lopes-em-2025\\\/\"]}]},{\"@type\":\"ImageObject\",\"inLanguage\":\"pt-PT\",\"@id\":\"https:\\\/\\\/jornaldasoficinas.com\\\/pt\\\/fuchs-reforca-apoio-ao-piloto-hugo-lopes-em-2025\\\/#primaryimage\",\"url\":\"https:\\\/\\\/jornaldasoficinas.com\\\/pt\\\/wp-content\\\/uploads\\\/2025\\\/03\\\/FUCHS-reforca-apoio-ao-piloto-Hugo-Lopes-em-2025.jpg\",\"contentUrl\":\"https:\\\/\\\/jornaldasoficinas.com\\\/pt\\\/wp-content\\\/uploads\\\/2025\\\/03\\\/FUCHS-reforca-apoio-ao-piloto-Hugo-Lopes-em-2025.jpg\",\"width\":1024,\"height\":581,\"caption\":\"03 - FUCHS reforca apoio ao piloto Hugo Lopes em 2025\"},{\"@type\":\"BreadcrumbList\",\"@id\":\"https:\\\/\\\/jornaldasoficinas.com\\\/pt\\\/fuchs-reforca-apoio-ao-piloto-hugo-lopes-em-2025\\\/#breadcrumb\",\"itemListElement\":[{\"@type\":\"ListItem\",\"position\":1,\"name\":\"In\u00edcio\",\"item\":\"https:\\\/\\\/jornaldasoficinas.com\\\/pt\\\/\"},{\"@type\":\"ListItem\",\"position\":2,\"name\":\"FUCHS refor\u00e7a apoio ao piloto Hugo Lopes em 2025\"}]},{\"@type\":\"WebSite\",\"@id\":\"https:\\\/\\\/jornaldasoficinas.com\\\/pt\\\/#website\",\"url\":\"https:\\\/\\\/jornaldasoficinas.com\\\/pt\\\/\",\"name\":\"Jornal das Oficinas\",\"description\":\"Jornal independente do Aftermarket Autom\u00f3vel em Portugal\",\"publisher\":{\"@id\":\"https:\\\/\\\/jornaldasoficinas.com\\\/pt\\\/#organization\"},\"potentialAction\":[{\"@type\":\"SearchAction\",\"target\":{\"@type\":\"EntryPoint\",\"urlTemplate\":\"https:\\\/\\\/jornaldasoficinas.com\\\/pt\\\/?s={search_term_string}\"},\"query-input\":{\"@type\":\"PropertyValueSpecification\",\"valueRequired\":true,\"valueName\":\"search_term_string\"}}],\"inLanguage\":\"pt-PT\"},{\"@type\":\"Organization\",\"@id\":\"https:\\\/\\\/jornaldasoficinas.com\\\/pt\\\/#organization\",\"name\":\"Jornal das Oficinas\",\"url\":\"https:\\\/\\\/jornaldasoficinas.com\\\/pt\\\/\",\"logo\":{\"@type\":\"ImageObject\",\"inLanguage\":\"pt-PT\",\"@id\":\"https:\\\/\\\/jornaldasoficinas.com\\\/pt\\\/#\\\/schema\\\/logo\\\/image\\\/\",\"url\":\"https:\\\/\\\/jornaldasoficinas.com\\\/pt\\\/wp-content\\\/uploads\\\/logoJO-SEO.png\",\"contentUrl\":\"https:\\\/\\\/jornaldasoficinas.com\\\/pt\\\/wp-content\\\/uploads\\\/logoJO-SEO.png\",\"width\":285,\"height\":450,\"caption\":\"Jornal das Oficinas\"},\"image\":{\"@id\":\"https:\\\/\\\/jornaldasoficinas.com\\\/pt\\\/#\\\/schema\\\/logo\\\/image\\\/\"},\"sameAs\":[\"https:\\\/\\\/www.facebook.com\\\/jornaloficinas\",\"https:\\\/\\\/x.com\\\/jornaloficinas\",\"https:\\\/\\\/www.instagram.com\\\/jornal_oficinas\\\/\",\"https:\\\/\\\/www.linkedin.com\\\/company\\\/jornal-das-oficinas\\\/\",\"https:\\\/\\\/www.youtube.com\\\/channel\\\/UCbQZBqtcvV-oSQrr7RzINGg\"]},{\"@type\":\"Person\",\"@id\":\"https:\\\/\\\/jornaldasoficinas.com\\\/pt\\\/#\\\/schema\\\/person\\\/a38eef5de2c41d9e7c9ac10141afddf3\",\"name\":\"Reda\u00e7\u00e3o JO\",\"image\":{\"@type\":\"ImageObject\",\"inLanguage\":\"pt-PT\",\"@id\":\"https:\\\/\\\/secure.gravatar.com\\\/avatar\\\/71f2fa71737ad68a84fea94bc708ddac8ea5b0c4788dc2ad202f3ccb2887742f?s=96&d=wp_user_avatar&r=g\",\"url\":\"https:\\\/\\\/secure.gravatar.com\\\/avatar\\\/71f2fa71737ad68a84fea94bc708ddac8ea5b0c4788dc2ad202f3ccb2887742f?s=96&d=wp_user_avatar&r=g\",\"contentUrl\":\"https:\\\/\\\/secure.gravatar.com\\\/avatar\\\/71f2fa71737ad68a84fea94bc708ddac8ea5b0c4788dc2ad202f3ccb2887742f?s=96&d=wp_user_avatar&r=g\",\"caption\":\"Reda\u00e7\u00e3o JO\"},\"url\":\"https:\\\/\\\/jornaldasoficinas.com\\\/pt\\\/author\\\/joredacao\\\/\"}]}<\/script>\n<!-- \/ Yoast SEO plugin. -->","yoast_head_json":{"title":"FUCHS refor\u00e7a apoio ao piloto Hugo Lopes em 2025 - Jornal das Oficinas","description":"Em entrevista \u00e0\u00a0BUSS, o piloto Hugo Lopes destacou a sua estreia no Campeonato de Portugal de Ralis 4RM e o apoio refor\u00e7ado da FUCHS","robots":{"index":"index","follow":"follow","max-snippet":"max-snippet:-1","max-image-preview":"max-image-preview:large","max-video-preview":"max-video-preview:-1"},"canonical":"https:\/\/jornaldasoficinas.com\/pt\/fuchs-reforca-apoio-ao-piloto-hugo-lopes-em-2025\/","og_locale":"pt_PT","og_type":"article","og_title":"FUCHS refor\u00e7a apoio ao piloto Hugo Lopes em 2025 - Jornal das Oficinas","og_description":"Em entrevista \u00e0\u00a0BUSS, o piloto Hugo Lopes destacou a sua estreia no Campeonato de Portugal de Ralis 4RM e o apoio refor\u00e7ado da FUCHS","og_url":"https:\/\/jornaldasoficinas.com\/pt\/fuchs-reforca-apoio-ao-piloto-hugo-lopes-em-2025\/","og_site_name":"Jornal das Oficinas","article_publisher":"https:\/\/www.facebook.com\/jornaloficinas","article_published_time":"2025-03-21T08:00:17+00:00","og_image":[{"width":1024,"height":581,"url":"https:\/\/jornaldasoficinas.com\/pt\/wp-content\/uploads\/2025\/03\/FUCHS-reforca-apoio-ao-piloto-Hugo-Lopes-em-2025.jpg","type":"image\/jpeg"}],"author":"Reda\u00e7\u00e3o JO","twitter_card":"summary_large_image","twitter_creator":"@jornaloficinas","twitter_site":"@jornaloficinas","twitter_misc":{"Escrito por":"Reda\u00e7\u00e3o JO","Tempo estimado de leitura":"6 minutos"},"schema":{"@context":"https:\/\/schema.org","@graph":[{"@type":"Article","@id":"https:\/\/jornaldasoficinas.com\/pt\/fuchs-reforca-apoio-ao-piloto-hugo-lopes-em-2025\/#article","isPartOf":{"@id":"https:\/\/jornaldasoficinas.com\/pt\/fuchs-reforca-apoio-ao-piloto-hugo-lopes-em-2025\/"},"author":{"name":"Reda\u00e7\u00e3o JO","@id":"https:\/\/jornaldasoficinas.com\/pt\/#\/schema\/person\/a38eef5de2c41d9e7c9ac10141afddf3"},"headline":"FUCHS refor\u00e7a apoio ao piloto Hugo Lopes em 2025","datePublished":"2025-03-21T08:00:17+00:00","mainEntityOfPage":{"@id":"https:\/\/jornaldasoficinas.com\/pt\/fuchs-reforca-apoio-ao-piloto-hugo-lopes-em-2025\/"},"wordCount":912,"publisher":{"@id":"https:\/\/jornaldasoficinas.com\/pt\/#organization"},"image":{"@id":"https:\/\/jornaldasoficinas.com\/pt\/fuchs-reforca-apoio-ao-piloto-hugo-lopes-em-2025\/#primaryimage"},"thumbnailUrl":"https:\/\/jornaldasoficinas.com\/pt\/wp-content\/uploads\/2025\/03\/FUCHS-reforca-apoio-ao-piloto-Hugo-Lopes-em-2025.jpg","keywords":["AMSPORT","Campeonato de Portugal de Ralis 4RM","Fuchs","Lubrificantes","oficina","Patroc\u00ednio","piloto Hugo Lopes"],"articleSection":["Entrevistas"],"inLanguage":"pt-PT"},{"@type":"WebPage","@id":"https:\/\/jornaldasoficinas.com\/pt\/fuchs-reforca-apoio-ao-piloto-hugo-lopes-em-2025\/","url":"https:\/\/jornaldasoficinas.com\/pt\/fuchs-reforca-apoio-ao-piloto-hugo-lopes-em-2025\/","name":"FUCHS refor\u00e7a apoio ao piloto Hugo Lopes em 2025 - Jornal das Oficinas","isPartOf":{"@id":"https:\/\/jornaldasoficinas.com\/pt\/#website"},"primaryImageOfPage":{"@id":"https:\/\/jornaldasoficinas.com\/pt\/fuchs-reforca-apoio-ao-piloto-hugo-lopes-em-2025\/#primaryimage"},"image":{"@id":"https:\/\/jornaldasoficinas.com\/pt\/fuchs-reforca-apoio-ao-piloto-hugo-lopes-em-2025\/#primaryimage"},"thumbnailUrl":"https:\/\/jornaldasoficinas.com\/pt\/wp-content\/uploads\/2025\/03\/FUCHS-reforca-apoio-ao-piloto-Hugo-Lopes-em-2025.jpg","datePublished":"2025-03-21T08:00:17+00:00","description":"Em entrevista \u00e0\u00a0BUSS, o piloto Hugo Lopes destacou a sua estreia no Campeonato de Portugal de Ralis 4RM e o apoio refor\u00e7ado da FUCHS","breadcrumb":{"@id":"https:\/\/jornaldasoficinas.com\/pt\/fuchs-reforca-apoio-ao-piloto-hugo-lopes-em-2025\/#breadcrumb"},"inLanguage":"pt-PT","potentialAction":[{"@type":"ReadAction","target":["https:\/\/jornaldasoficinas.com\/pt\/fuchs-reforca-apoio-ao-piloto-hugo-lopes-em-2025\/"]}]},{"@type":"ImageObject","inLanguage":"pt-PT","@id":"https:\/\/jornaldasoficinas.com\/pt\/fuchs-reforca-apoio-ao-piloto-hugo-lopes-em-2025\/#primaryimage","url":"https:\/\/jornaldasoficinas.com\/pt\/wp-content\/uploads\/2025\/03\/FUCHS-reforca-apoio-ao-piloto-Hugo-Lopes-em-2025.jpg","contentUrl":"https:\/\/jornaldasoficinas.com\/pt\/wp-content\/uploads\/2025\/03\/FUCHS-reforca-apoio-ao-piloto-Hugo-Lopes-em-2025.jpg","width":1024,"height":581,"caption":"03 - FUCHS reforca apoio ao piloto Hugo Lopes em 2025"},{"@type":"BreadcrumbList","@id":"https:\/\/jornaldasoficinas.com\/pt\/fuchs-reforca-apoio-ao-piloto-hugo-lopes-em-2025\/#breadcrumb","itemListElement":[{"@type":"ListItem","position":1,"name":"In\u00edcio","item":"https:\/\/jornaldasoficinas.com\/pt\/"},{"@type":"ListItem","position":2,"name":"FUCHS refor\u00e7a apoio ao piloto Hugo Lopes em 2025"}]},{"@type":"WebSite","@id":"https:\/\/jornaldasoficinas.com\/pt\/#website","url":"https:\/\/jornaldasoficinas.com\/pt\/","name":"Jornal das Oficinas","description":"Jornal independente do Aftermarket Autom\u00f3vel em Portugal","publisher":{"@id":"https:\/\/jornaldasoficinas.com\/pt\/#organization"},"potentialAction":[{"@type":"SearchAction","target":{"@type":"EntryPoint","urlTemplate":"https:\/\/jornaldasoficinas.com\/pt\/?s={search_term_string}"},"query-input":{"@type":"PropertyValueSpecification","valueRequired":true,"valueName":"search_term_string"}}],"inLanguage":"pt-PT"},{"@type":"Organization","@id":"https:\/\/jornaldasoficinas.com\/pt\/#organization","name":"Jornal das Oficinas","url":"https:\/\/jornaldasoficinas.com\/pt\/","logo":{"@type":"ImageObject","inLanguage":"pt-PT","@id":"https:\/\/jornaldasoficinas.com\/pt\/#\/schema\/logo\/image\/","url":"https:\/\/jornaldasoficinas.com\/pt\/wp-content\/uploads\/logoJO-SEO.png","contentUrl":"https:\/\/jornaldasoficinas.com\/pt\/wp-content\/uploads\/logoJO-SEO.png","width":285,"height":450,"caption":"Jornal das Oficinas"},"image":{"@id":"https:\/\/jornaldasoficinas.com\/pt\/#\/schema\/logo\/image\/"},"sameAs":["https:\/\/www.facebook.com\/jornaloficinas","https:\/\/x.com\/jornaloficinas","https:\/\/www.instagram.com\/jornal_oficinas\/","https:\/\/www.linkedin.com\/company\/jornal-das-oficinas\/","https:\/\/www.youtube.com\/channel\/UCbQZBqtcvV-oSQrr7RzINGg"]},{"@type":"Person","@id":"https:\/\/jornaldasoficinas.com\/pt\/#\/schema\/person\/a38eef5de2c41d9e7c9ac10141afddf3","name":"Reda\u00e7\u00e3o JO","image":{"@type":"ImageObject","inLanguage":"pt-PT","@id":"https:\/\/secure.gravatar.com\/avatar\/71f2fa71737ad68a84fea94bc708ddac8ea5b0c4788dc2ad202f3ccb2887742f?s=96&d=wp_user_avatar&r=g","url":"https:\/\/secure.gravatar.com\/avatar\/71f2fa71737ad68a84fea94bc708ddac8ea5b0c4788dc2ad202f3ccb2887742f?s=96&d=wp_user_avatar&r=g","contentUrl":"https:\/\/secure.gravatar.com\/avatar\/71f2fa71737ad68a84fea94bc708ddac8ea5b0c4788dc2ad202f3ccb2887742f?s=96&d=wp_user_avatar&r=g","caption":"Reda\u00e7\u00e3o JO"},"url":"https:\/\/jornaldasoficinas.com\/pt\/author\/joredacao\/"}]}},"_links":{"self":[{"href":"https:\/\/jornaldasoficinas.com\/pt\/wp-json\/wp\/v2\/posts\/99213","targetHints":{"allow":["GET"]}}],"collection":[{"href":"https:\/\/jornaldasoficinas.com\/pt\/wp-json\/wp\/v2\/posts"}],"about":[{"href":"https:\/\/jornaldasoficinas.com\/pt\/wp-json\/wp\/v2\/types\/post"}],"author":[{"embeddable":true,"href":"https:\/\/jornaldasoficinas.com\/pt\/wp-json\/wp\/v2\/users\/15"}],"replies":[{"embeddable":true,"href":"https:\/\/jornaldasoficinas.com\/pt\/wp-json\/wp\/v2\/comments?post=99213"}],"version-history":[{"count":5,"href":"https:\/\/jornaldasoficinas.com\/pt\/wp-json\/wp\/v2\/posts\/99213\/revisions"}],"predecessor-version":[{"id":99220,"href":"https:\/\/jornaldasoficinas.com\/pt\/wp-json\/wp\/v2\/posts\/99213\/revisions\/99220"}],"wp:featuredmedia":[{"embeddable":true,"href":"https:\/\/jornaldasoficinas.com\/pt\/wp-json\/wp\/v2\/media\/99219"}],"wp:attachment":[{"href":"https:\/\/jornaldasoficinas.com\/pt\/wp-json\/wp\/v2\/media?parent=99213"}],"wp:term":[{"taxonomy":"category","embeddable":true,"href":"https:\/\/jornaldasoficinas.com\/pt\/wp-json\/wp\/v2\/categories?post=99213"},{"taxonomy":"post_tag","embeddable":true,"href":"https:\/\/jornaldasoficinas.com\/pt\/wp-json\/wp\/v2\/tags?post=99213"}],"curies":[{"name":"wp","href":"https:\/\/api.w.org\/{rel}","templated":true}]}}