{"id":99235,"date":"2025-03-20T10:00:45","date_gmt":"2025-03-20T10:00:45","guid":{"rendered":"https:\/\/jornaldasoficinas.com\/pt\/?p=99235"},"modified":"2025-03-20T15:02:21","modified_gmt":"2025-03-20T15:02:21","slug":"faltam-dois-dias-para-o-fim-das-inscricoes-do-challenge-oficinas-2025","status":"publish","type":"post","link":"https:\/\/jornaldasoficinas.com\/pt\/faltam-dois-dias-para-o-fim-das-inscricoes-do-challenge-oficinas-2025\/","title":{"rendered":"Faltam dois dias para o fim das inscri\u00e7\u00f5es do Challenge Oficinas 2025"},"content":{"rendered":"<div>\n<p><img loading=\"lazy\" decoding=\"async\" class=\"aligncenter size-full wp-image-99244\" src=\"https:\/\/jornaldasoficinas.com\/pt\/wp-content\/uploads\/challenge-Oficinas-site.jpg\" alt=\"challenge Oficinas site\" width=\"2133\" height=\"1208\" srcset=\"https:\/\/jornaldasoficinas.com\/pt\/wp-content\/uploads\/challenge-Oficinas-site.jpg 2133w, https:\/\/jornaldasoficinas.com\/pt\/wp-content\/uploads\/challenge-Oficinas-site-300x170.jpg 300w, https:\/\/jornaldasoficinas.com\/pt\/wp-content\/uploads\/challenge-Oficinas-site-1024x580.jpg 1024w, https:\/\/jornaldasoficinas.com\/pt\/wp-content\/uploads\/challenge-Oficinas-site-150x85.jpg 150w, https:\/\/jornaldasoficinas.com\/pt\/wp-content\/uploads\/challenge-Oficinas-site-768x435.jpg 768w\" sizes=\"auto, (max-width: 2133px) 100vw, 2133px\" \/><\/p>\n<p><strong>Estamos em contagem decrescente para o t\u00e9rmino das inscri\u00e7\u00f5es da VIII edi\u00e7\u00e3o do Challenge Oficinas by Jornal das Oficinas. O pr\u00f3ximo dia 22 de mar\u00e7o ser\u00e1 o \u00faltimo dia dispon\u00edvel para inscrever a sua oficina de rede numa competi\u00e7\u00e3o \u00fanica que pretende desafiar as melhores oficinas de Portugal<\/strong><\/p>\n<\/div>\n<div>\n<p>A VIII edi\u00e7\u00e3o Challenge Oficinas realiza-se a 17 de maio, nas instala\u00e7\u00f5es da<a href=\"https:\/\/www.google.com\/url?sa=t&amp;source=web&amp;rct=j&amp;opi=89978449&amp;url=https:\/\/pro4matic.com\/&amp;ved=2ahUKEwiYscHw2JaMAxVKQ_EDHdEYCAIQFnoECAsQAQ&amp;usg=AOvVaw3MWM4wufqz5Qg9QbTBBpp4\"><span class=\"apple-converted-space\"> P<\/span>ro4Matic Car Service<\/a>, em Montemor-o-Velho, Coimbra, e \u00e9 aberta a todas as oficinas que fa\u00e7am parte de uma rede de oficinas e que pretendam demonstrar as suas compet\u00eancias t\u00e9cnicas, criatividade e esp\u00edrito de equipa, num ambiente din\u00e2mico e competitivo. O objetivo, n\u00e3o \u00e9 apenas vencer, mas tamb\u00e9m crescer, aprender e partilhar experi\u00eancias com outros profissionais.<\/p>\n<\/div>\n<div>\n<p>Ao longo das provas, os participantes ser\u00e3o desafiados a mostrar o seu conhecimento nas v\u00e1rias \u00e1reas da gest\u00e3o oficinal; a analisar as suas compet\u00eancias e \u00e1reas de melhoria; comparar m\u00e9todos e aprender novas abordagens; trocar experi\u00eancias e conhecimentos com outros profissionais; ganhar novas compet\u00eancias e uma vis\u00e3o estrat\u00e9gica do setor e ainda aprender com os melhores.<\/p>\n<\/div>\n<div>\n<p>Quer mais raz\u00f5es para n\u00e3o deixar escapar esta oportunidade de demonstrar por que raz\u00e3o a sua oficina merece estar no topo? Ent\u00e3o n\u00e3o perca tempo e inscreva-se em www.challengeoficinas.pt<\/p>\n<\/div>\n<div>\n<p>De 23 de mar\u00e7o a 28 abril realizar-se-\u00e1 a prova de sele\u00e7\u00e3o onde ser\u00e3o apuradas as 10 equipas para a final da competi\u00e7\u00e3o. Conhe\u00e7a-as aqui ap\u00f3s esta data.<\/p>\n<\/div>\n<div>\n<p>O Challenge Oficinas 2025 \u00e9 patrocinado por:<span class=\"apple-converted-space\">\u00a0<\/span><a href=\"https:\/\/www.google.com\/url?sa=t&amp;source=web&amp;rct=j&amp;opi=89978449&amp;url=https:\/\/www.openparts.it\/en\/&amp;ved=2ahUKEwirksaJ2paMAxVvRPEDHaYhLpsQFnoECAoQAQ&amp;usg=AOvVaw0nBu4MEUhNWBjv6-0Xjea-\">Open Parts<\/a><span class=\"apple-converted-space\">\u00a0<\/span>by<span class=\"apple-converted-space\">\u00a0<\/span><a href=\"https:\/\/www.google.com\/url?sa=t&amp;source=web&amp;rct=j&amp;opi=89978449&amp;url=https:\/\/www.alecarpecas.pt\/&amp;ved=2ahUKEwiczej_2ZaMAxWCBdsEHbPJJNEQFnoECAkQAQ&amp;usg=AOvVaw3hE6m6S0nKCRGagd5hKss5\">Alecarpe\u00e7as<\/a>,<span class=\"apple-converted-space\">\u00a0<\/span><a href=\"https:\/\/www.google.com\/url?sa=t&amp;source=web&amp;rct=j&amp;opi=89978449&amp;url=https:\/\/www.fiamm.com\/en\/north-america\/&amp;ved=2ahUKEwjR8qeY2paMAxVeRPEDHfE8EOsQFnoECB8QAQ&amp;usg=AOvVaw2S1rG6FAUXL4myuXDyIQbK\">FIAMM<\/a><span class=\"apple-converted-space\">\u00a0<\/span>by<span class=\"apple-converted-space\">\u00a0<\/span><a href=\"https:\/\/www.google.com\/aclk?sa=L&amp;ai=DChcSEwiu-omr2paMAxUVVJEFHRiaCEwYABAAGgJscg&amp;co=1&amp;gclid=Cj0KCQjw1um-BhDtARIsABjU5x6DMmfLuxArDzKqIKy6ElJIu7HAbaxbufyPHJz2hzHH_-BQQFSONmoaAkqWEALw_wcB&amp;cce=1&amp;sig=AOD64_3BeIJGQ3-LtB79niKAtTv_D_q0yA&amp;q&amp;adurl&amp;ved=2ahUKEwidxISr2paMAxUzSfEDHbZKIEUQ0Qx6BAgUEAE\">Polibaterias<\/a>,<span class=\"apple-converted-space\">\u00a0<\/span><a href=\"https:\/\/www.google.com\/url?sa=t&amp;source=web&amp;rct=j&amp;opi=89978449&amp;url=https:\/\/www.dayco.com\/pt\/&amp;ved=2ahUKEwjw_96z2paMAxVqA9sEHZtmAC4QFnoECCIQAQ&amp;usg=AOvVaw1-rwNPoi14KhKhbQtpHrTD\">Dayco<\/a>,<span class=\"apple-converted-space\">\u00a0<\/span><a href=\"https:\/\/www.google.com\/url?sa=t&amp;source=web&amp;rct=j&amp;opi=89978449&amp;url=https:\/\/www.auteltech.com\/&amp;ved=2ahUKEwju-Oq72paMAxUzRPEDHYRFEQ8QFnoECBsQAQ&amp;usg=AOvVaw1U5wJi0yhr8xWbzbbubYAA\">Autel<\/a><span class=\"apple-converted-space\">\u00a0<\/span>by<span class=\"apple-converted-space\">\u00a0<\/span><a href=\"https:\/\/www.google.com\/url?sa=t&amp;source=web&amp;rct=j&amp;opi=89978449&amp;url=https:\/\/luzdeairbag.com\/&amp;ved=2ahUKEwi13__E2paMAxW5efEDHaXPJeQQFnoECEIQAQ&amp;usg=AOvVaw2_nn9Oj8kAJeUg6np1U7aW\">LuzdeAirbag<\/a>,<span class=\"apple-converted-space\">\u00a0<\/span><a href=\"https:\/\/www.google.com\/url?sa=t&amp;source=web&amp;rct=j&amp;opi=89978449&amp;url=https:\/\/www.repsol.pt\/particulares\/&amp;ved=2ahUKEwjcvLLN2paMAxUaSvEDHaXwKHIQFnoECBsQAQ&amp;usg=AOvVaw26Xzr-QAHqS8gvc31wZFvJ\">Repsol<\/a>,<span class=\"apple-converted-space\">\u00a0<\/span><a href=\"https:\/\/www.google.com\/url?sa=t&amp;source=web&amp;rct=j&amp;opi=89978449&amp;url=https:\/\/www.bahco.com\/pt_pt\/&amp;ved=2ahUKEwjHp-HV2paMAxUyRfEDHRTJEsgQFnoECAkQAQ&amp;usg=AOvVaw2PQMUHRcFYxs5l7flNzboj\">Bahco<\/a><span class=\"apple-converted-space\">\u00a0<\/span>e<span class=\"apple-converted-space\">\u00a0<\/span><a href=\"https:\/\/www.google.com\/aclk?sa=L&amp;ai=DChcSEwjf-cHd2paMAxXzHKIDHd4HJVMYABAAGgJsZQ&amp;co=1&amp;gclid=Cj0KCQjw1um-BhDtARIsABjU5x4QqCLmKq8t1XqhdKDn8hxOBWWbP5ZbqkCzSNx6kRHpHQ09bBbuo8EaAmy3EALw_wcB&amp;cce=1&amp;sig=AOD64_0xleKOxMUbulDGTfchZzUOBe6QwQ&amp;q&amp;adurl&amp;ved=2ahUKEwiN57vd2paMAxVgQPEDHf-uOrgQ0Qx6BAgJEAE\">Eurorepar.<\/a><\/p>\n<\/div>\n<div>\n<p>\u00c9 organizado pelo Jornal das Oficinas em parceria com a <a href=\"https:\/\/www.google.com\/url?sa=t&amp;source=web&amp;rct=j&amp;opi=89978449&amp;url=https:\/\/www.tacademy.pt\/&amp;ved=2ahUKEwjb15H23ZaMAxVzR_EDHQXjCioQFnoECBEQAQ&amp;usg=AOvVaw0xEP4LcxwK1-9SIPqKPWtX\">TAcademy<\/a>.<\/p>\n<\/div>\n<div>\n<p>Apoiado por: Pro4Matic Car Service e<span class=\"apple-converted-space\">\u00a0<\/span><a href=\"https:\/\/www.google.com\/url?sa=t&amp;source=web&amp;rct=j&amp;opi=89978449&amp;url=https:\/\/www.tips4y.pt\/&amp;ved=2ahUKEwjm4qrm2paMAxXvB9sEHaujOnMQFnoECAoQAQ&amp;usg=AOvVaw3pMufOHgjS2y82AZjlyp1Y\">Tips4Y<\/a><span class=\"apple-converted-space\">. <\/span><\/p>\n<\/div>\n<div>\n<p>A competi\u00e7\u00e3o vai come\u00e7ar!<\/p>\n<\/div>\n<p>&nbsp;<\/p>\n","protected":false},"excerpt":{"rendered":"<p>Estamos em contagem decrescente para o&#8230;<\/p>\n","protected":false},"author":15,"featured_media":99244,"comment_status":"closed","ping_status":"closed","sticky":false,"template":"","format":"standard","meta":{"footnotes":""},"categories":[5869,29],"tags":[12238,1196,12237,12236,3719,12239,386,6645,11084],"class_list":["post-99235","post","type-post","status-publish","format-standard","has-post-thumbnail","hentry","category-challenge-oficinas","category-empresas","tag-17-maio","tag-challenge-oficinas","tag-competicao-oficinal","tag-fase-final","tag-inscricoes","tag-montemor-o-novo","tag-oficinas","tag-oficinas-de-rede","tag-testar-conhecimentos"],"yoast_head":"<!-- This site is optimized with the Yoast SEO plugin v27.5 - https:\/\/yoast.com\/product\/yoast-seo-wordpress\/ -->\n<title>Faltam dois dias para o fim das inscri\u00e7\u00f5es do Challenge Oficinas 2025 - Jornal das Oficinas<\/title>\n<meta name=\"description\" content=\"O pr\u00f3ximo dia 22 de mar\u00e7o ser\u00e1 o \u00faltimo dia dispon\u00edvel para inscrever a sua oficina de rede na competi\u00e7\u00e3o Challenge Oficinas\" \/>\n<meta name=\"robots\" content=\"index, follow, max-snippet:-1, max-image-preview:large, max-video-preview:-1\" \/>\n<link rel=\"canonical\" href=\"https:\/\/jornaldasoficinas.com\/pt\/faltam-dois-dias-para-o-fim-das-inscricoes-do-challenge-oficinas-2025\/\" \/>\n<meta property=\"og:locale\" content=\"pt_PT\" \/>\n<meta property=\"og:type\" content=\"article\" \/>\n<meta property=\"og:title\" content=\"Faltam dois dias para o fim das inscri\u00e7\u00f5es do Challenge Oficinas 2025 - Jornal das Oficinas\" \/>\n<meta property=\"og:description\" content=\"O pr\u00f3ximo dia 22 de mar\u00e7o ser\u00e1 o \u00faltimo dia dispon\u00edvel para inscrever a sua oficina de rede na competi\u00e7\u00e3o Challenge Oficinas\" \/>\n<meta property=\"og:url\" content=\"https:\/\/jornaldasoficinas.com\/pt\/faltam-dois-dias-para-o-fim-das-inscricoes-do-challenge-oficinas-2025\/\" \/>\n<meta property=\"og:site_name\" content=\"Jornal das Oficinas\" \/>\n<meta property=\"article:publisher\" content=\"https:\/\/www.facebook.com\/jornaloficinas\" \/>\n<meta property=\"article:published_time\" content=\"2025-03-20T10:00:45+00:00\" \/>\n<meta property=\"article:modified_time\" content=\"2025-03-20T15:02:21+00:00\" \/>\n<meta property=\"og:image\" content=\"https:\/\/jornaldasoficinas.com\/pt\/wp-content\/uploads\/challenge-Oficinas-site.jpg\" \/>\n\t<meta property=\"og:image:width\" content=\"2133\" \/>\n\t<meta property=\"og:image:height\" content=\"1208\" \/>\n\t<meta property=\"og:image:type\" content=\"image\/jpeg\" \/>\n<meta name=\"author\" content=\"Reda\u00e7\u00e3o JO\" \/>\n<meta name=\"twitter:card\" content=\"summary_large_image\" \/>\n<meta name=\"twitter:creator\" content=\"@jornaloficinas\" \/>\n<meta name=\"twitter:site\" content=\"@jornaloficinas\" \/>\n<meta name=\"twitter:label1\" content=\"Escrito por\" \/>\n\t<meta name=\"twitter:data1\" content=\"Reda\u00e7\u00e3o JO\" \/>\n\t<meta name=\"twitter:label2\" content=\"Tempo estimado de leitura\" \/>\n\t<meta name=\"twitter:data2\" content=\"2 minutos\" \/>\n<script type=\"application\/ld+json\" class=\"yoast-schema-graph\">{\"@context\":\"https:\\\/\\\/schema.org\",\"@graph\":[{\"@type\":\"Article\",\"@id\":\"https:\\\/\\\/jornaldasoficinas.com\\\/pt\\\/faltam-dois-dias-para-o-fim-das-inscricoes-do-challenge-oficinas-2025\\\/#article\",\"isPartOf\":{\"@id\":\"https:\\\/\\\/jornaldasoficinas.com\\\/pt\\\/faltam-dois-dias-para-o-fim-das-inscricoes-do-challenge-oficinas-2025\\\/\"},\"author\":{\"name\":\"Reda\u00e7\u00e3o JO\",\"@id\":\"https:\\\/\\\/jornaldasoficinas.com\\\/pt\\\/#\\\/schema\\\/person\\\/a38eef5de2c41d9e7c9ac10141afddf3\"},\"headline\":\"Faltam dois dias para o fim das inscri\u00e7\u00f5es do Challenge Oficinas 2025\",\"datePublished\":\"2025-03-20T10:00:45+00:00\",\"dateModified\":\"2025-03-20T15:02:21+00:00\",\"mainEntityOfPage\":{\"@id\":\"https:\\\/\\\/jornaldasoficinas.com\\\/pt\\\/faltam-dois-dias-para-o-fim-das-inscricoes-do-challenge-oficinas-2025\\\/\"},\"wordCount\":321,\"publisher\":{\"@id\":\"https:\\\/\\\/jornaldasoficinas.com\\\/pt\\\/#organization\"},\"image\":{\"@id\":\"https:\\\/\\\/jornaldasoficinas.com\\\/pt\\\/faltam-dois-dias-para-o-fim-das-inscricoes-do-challenge-oficinas-2025\\\/#primaryimage\"},\"thumbnailUrl\":\"https:\\\/\\\/jornaldasoficinas.com\\\/pt\\\/wp-content\\\/uploads\\\/challenge-Oficinas-site.jpg\",\"keywords\":[\"17 maio\",\"Challenge Oficinas\",\"competi\u00e7\u00e3o oficinal\",\"fase final\",\"inscri\u00e7\u00f5es\",\"Montemor-o-Novo\",\"Oficinas\",\"Oficinas de rede\",\"testar conhecimentos\"],\"articleSection\":[\"Challenge Oficinas\",\"Empresas\"],\"inLanguage\":\"pt-PT\"},{\"@type\":\"WebPage\",\"@id\":\"https:\\\/\\\/jornaldasoficinas.com\\\/pt\\\/faltam-dois-dias-para-o-fim-das-inscricoes-do-challenge-oficinas-2025\\\/\",\"url\":\"https:\\\/\\\/jornaldasoficinas.com\\\/pt\\\/faltam-dois-dias-para-o-fim-das-inscricoes-do-challenge-oficinas-2025\\\/\",\"name\":\"Faltam dois dias para o fim das inscri\u00e7\u00f5es do Challenge Oficinas 2025 - Jornal das Oficinas\",\"isPartOf\":{\"@id\":\"https:\\\/\\\/jornaldasoficinas.com\\\/pt\\\/#website\"},\"primaryImageOfPage\":{\"@id\":\"https:\\\/\\\/jornaldasoficinas.com\\\/pt\\\/faltam-dois-dias-para-o-fim-das-inscricoes-do-challenge-oficinas-2025\\\/#primaryimage\"},\"image\":{\"@id\":\"https:\\\/\\\/jornaldasoficinas.com\\\/pt\\\/faltam-dois-dias-para-o-fim-das-inscricoes-do-challenge-oficinas-2025\\\/#primaryimage\"},\"thumbnailUrl\":\"https:\\\/\\\/jornaldasoficinas.com\\\/pt\\\/wp-content\\\/uploads\\\/challenge-Oficinas-site.jpg\",\"datePublished\":\"2025-03-20T10:00:45+00:00\",\"dateModified\":\"2025-03-20T15:02:21+00:00\",\"description\":\"O pr\u00f3ximo dia 22 de mar\u00e7o ser\u00e1 o \u00faltimo dia dispon\u00edvel para inscrever a sua oficina de rede na competi\u00e7\u00e3o Challenge Oficinas\",\"breadcrumb\":{\"@id\":\"https:\\\/\\\/jornaldasoficinas.com\\\/pt\\\/faltam-dois-dias-para-o-fim-das-inscricoes-do-challenge-oficinas-2025\\\/#breadcrumb\"},\"inLanguage\":\"pt-PT\",\"potentialAction\":[{\"@type\":\"ReadAction\",\"target\":[\"https:\\\/\\\/jornaldasoficinas.com\\\/pt\\\/faltam-dois-dias-para-o-fim-das-inscricoes-do-challenge-oficinas-2025\\\/\"]}]},{\"@type\":\"ImageObject\",\"inLanguage\":\"pt-PT\",\"@id\":\"https:\\\/\\\/jornaldasoficinas.com\\\/pt\\\/faltam-dois-dias-para-o-fim-das-inscricoes-do-challenge-oficinas-2025\\\/#primaryimage\",\"url\":\"https:\\\/\\\/jornaldasoficinas.com\\\/pt\\\/wp-content\\\/uploads\\\/challenge-Oficinas-site.jpg\",\"contentUrl\":\"https:\\\/\\\/jornaldasoficinas.com\\\/pt\\\/wp-content\\\/uploads\\\/challenge-Oficinas-site.jpg\",\"width\":2133,\"height\":1208,\"caption\":\"challenge Oficinas site\"},{\"@type\":\"BreadcrumbList\",\"@id\":\"https:\\\/\\\/jornaldasoficinas.com\\\/pt\\\/faltam-dois-dias-para-o-fim-das-inscricoes-do-challenge-oficinas-2025\\\/#breadcrumb\",\"itemListElement\":[{\"@type\":\"ListItem\",\"position\":1,\"name\":\"In\u00edcio\",\"item\":\"https:\\\/\\\/jornaldasoficinas.com\\\/pt\\\/\"},{\"@type\":\"ListItem\",\"position\":2,\"name\":\"Faltam dois dias para o fim das inscri\u00e7\u00f5es do Challenge Oficinas 2025\"}]},{\"@type\":\"WebSite\",\"@id\":\"https:\\\/\\\/jornaldasoficinas.com\\\/pt\\\/#website\",\"url\":\"https:\\\/\\\/jornaldasoficinas.com\\\/pt\\\/\",\"name\":\"Jornal das Oficinas\",\"description\":\"Jornal independente do Aftermarket Autom\u00f3vel em Portugal\",\"publisher\":{\"@id\":\"https:\\\/\\\/jornaldasoficinas.com\\\/pt\\\/#organization\"},\"potentialAction\":[{\"@type\":\"SearchAction\",\"target\":{\"@type\":\"EntryPoint\",\"urlTemplate\":\"https:\\\/\\\/jornaldasoficinas.com\\\/pt\\\/?s={search_term_string}\"},\"query-input\":{\"@type\":\"PropertyValueSpecification\",\"valueRequired\":true,\"valueName\":\"search_term_string\"}}],\"inLanguage\":\"pt-PT\"},{\"@type\":\"Organization\",\"@id\":\"https:\\\/\\\/jornaldasoficinas.com\\\/pt\\\/#organization\",\"name\":\"Jornal das Oficinas\",\"url\":\"https:\\\/\\\/jornaldasoficinas.com\\\/pt\\\/\",\"logo\":{\"@type\":\"ImageObject\",\"inLanguage\":\"pt-PT\",\"@id\":\"https:\\\/\\\/jornaldasoficinas.com\\\/pt\\\/#\\\/schema\\\/logo\\\/image\\\/\",\"url\":\"https:\\\/\\\/jornaldasoficinas.com\\\/pt\\\/wp-content\\\/uploads\\\/logoJO-SEO.png\",\"contentUrl\":\"https:\\\/\\\/jornaldasoficinas.com\\\/pt\\\/wp-content\\\/uploads\\\/logoJO-SEO.png\",\"width\":285,\"height\":450,\"caption\":\"Jornal das Oficinas\"},\"image\":{\"@id\":\"https:\\\/\\\/jornaldasoficinas.com\\\/pt\\\/#\\\/schema\\\/logo\\\/image\\\/\"},\"sameAs\":[\"https:\\\/\\\/www.facebook.com\\\/jornaloficinas\",\"https:\\\/\\\/x.com\\\/jornaloficinas\",\"https:\\\/\\\/www.instagram.com\\\/jornal_oficinas\\\/\",\"https:\\\/\\\/www.linkedin.com\\\/company\\\/jornal-das-oficinas\\\/\",\"https:\\\/\\\/www.youtube.com\\\/channel\\\/UCbQZBqtcvV-oSQrr7RzINGg\"]},{\"@type\":\"Person\",\"@id\":\"https:\\\/\\\/jornaldasoficinas.com\\\/pt\\\/#\\\/schema\\\/person\\\/a38eef5de2c41d9e7c9ac10141afddf3\",\"name\":\"Reda\u00e7\u00e3o JO\",\"image\":{\"@type\":\"ImageObject\",\"inLanguage\":\"pt-PT\",\"@id\":\"https:\\\/\\\/secure.gravatar.com\\\/avatar\\\/71f2fa71737ad68a84fea94bc708ddac8ea5b0c4788dc2ad202f3ccb2887742f?s=96&d=wp_user_avatar&r=g\",\"url\":\"https:\\\/\\\/secure.gravatar.com\\\/avatar\\\/71f2fa71737ad68a84fea94bc708ddac8ea5b0c4788dc2ad202f3ccb2887742f?s=96&d=wp_user_avatar&r=g\",\"contentUrl\":\"https:\\\/\\\/secure.gravatar.com\\\/avatar\\\/71f2fa71737ad68a84fea94bc708ddac8ea5b0c4788dc2ad202f3ccb2887742f?s=96&d=wp_user_avatar&r=g\",\"caption\":\"Reda\u00e7\u00e3o JO\"},\"url\":\"https:\\\/\\\/jornaldasoficinas.com\\\/pt\\\/author\\\/joredacao\\\/\"}]}<\/script>\n<!-- \/ Yoast SEO plugin. -->","yoast_head_json":{"title":"Faltam dois dias para o fim das inscri\u00e7\u00f5es do Challenge Oficinas 2025 - Jornal das Oficinas","description":"O pr\u00f3ximo dia 22 de mar\u00e7o ser\u00e1 o \u00faltimo dia dispon\u00edvel para inscrever a sua oficina de rede na competi\u00e7\u00e3o Challenge Oficinas","robots":{"index":"index","follow":"follow","max-snippet":"max-snippet:-1","max-image-preview":"max-image-preview:large","max-video-preview":"max-video-preview:-1"},"canonical":"https:\/\/jornaldasoficinas.com\/pt\/faltam-dois-dias-para-o-fim-das-inscricoes-do-challenge-oficinas-2025\/","og_locale":"pt_PT","og_type":"article","og_title":"Faltam dois dias para o fim das inscri\u00e7\u00f5es do Challenge Oficinas 2025 - Jornal das Oficinas","og_description":"O pr\u00f3ximo dia 22 de mar\u00e7o ser\u00e1 o \u00faltimo dia dispon\u00edvel para inscrever a sua oficina de rede na competi\u00e7\u00e3o Challenge Oficinas","og_url":"https:\/\/jornaldasoficinas.com\/pt\/faltam-dois-dias-para-o-fim-das-inscricoes-do-challenge-oficinas-2025\/","og_site_name":"Jornal das Oficinas","article_publisher":"https:\/\/www.facebook.com\/jornaloficinas","article_published_time":"2025-03-20T10:00:45+00:00","article_modified_time":"2025-03-20T15:02:21+00:00","og_image":[{"width":2133,"height":1208,"url":"https:\/\/jornaldasoficinas.com\/pt\/wp-content\/uploads\/challenge-Oficinas-site.jpg","type":"image\/jpeg"}],"author":"Reda\u00e7\u00e3o JO","twitter_card":"summary_large_image","twitter_creator":"@jornaloficinas","twitter_site":"@jornaloficinas","twitter_misc":{"Escrito por":"Reda\u00e7\u00e3o JO","Tempo estimado de leitura":"2 minutos"},"schema":{"@context":"https:\/\/schema.org","@graph":[{"@type":"Article","@id":"https:\/\/jornaldasoficinas.com\/pt\/faltam-dois-dias-para-o-fim-das-inscricoes-do-challenge-oficinas-2025\/#article","isPartOf":{"@id":"https:\/\/jornaldasoficinas.com\/pt\/faltam-dois-dias-para-o-fim-das-inscricoes-do-challenge-oficinas-2025\/"},"author":{"name":"Reda\u00e7\u00e3o JO","@id":"https:\/\/jornaldasoficinas.com\/pt\/#\/schema\/person\/a38eef5de2c41d9e7c9ac10141afddf3"},"headline":"Faltam dois dias para o fim das inscri\u00e7\u00f5es do Challenge Oficinas 2025","datePublished":"2025-03-20T10:00:45+00:00","dateModified":"2025-03-20T15:02:21+00:00","mainEntityOfPage":{"@id":"https:\/\/jornaldasoficinas.com\/pt\/faltam-dois-dias-para-o-fim-das-inscricoes-do-challenge-oficinas-2025\/"},"wordCount":321,"publisher":{"@id":"https:\/\/jornaldasoficinas.com\/pt\/#organization"},"image":{"@id":"https:\/\/jornaldasoficinas.com\/pt\/faltam-dois-dias-para-o-fim-das-inscricoes-do-challenge-oficinas-2025\/#primaryimage"},"thumbnailUrl":"https:\/\/jornaldasoficinas.com\/pt\/wp-content\/uploads\/challenge-Oficinas-site.jpg","keywords":["17 maio","Challenge Oficinas","competi\u00e7\u00e3o oficinal","fase final","inscri\u00e7\u00f5es","Montemor-o-Novo","Oficinas","Oficinas de rede","testar conhecimentos"],"articleSection":["Challenge Oficinas","Empresas"],"inLanguage":"pt-PT"},{"@type":"WebPage","@id":"https:\/\/jornaldasoficinas.com\/pt\/faltam-dois-dias-para-o-fim-das-inscricoes-do-challenge-oficinas-2025\/","url":"https:\/\/jornaldasoficinas.com\/pt\/faltam-dois-dias-para-o-fim-das-inscricoes-do-challenge-oficinas-2025\/","name":"Faltam dois dias para o fim das inscri\u00e7\u00f5es do Challenge Oficinas 2025 - Jornal das Oficinas","isPartOf":{"@id":"https:\/\/jornaldasoficinas.com\/pt\/#website"},"primaryImageOfPage":{"@id":"https:\/\/jornaldasoficinas.com\/pt\/faltam-dois-dias-para-o-fim-das-inscricoes-do-challenge-oficinas-2025\/#primaryimage"},"image":{"@id":"https:\/\/jornaldasoficinas.com\/pt\/faltam-dois-dias-para-o-fim-das-inscricoes-do-challenge-oficinas-2025\/#primaryimage"},"thumbnailUrl":"https:\/\/jornaldasoficinas.com\/pt\/wp-content\/uploads\/challenge-Oficinas-site.jpg","datePublished":"2025-03-20T10:00:45+00:00","dateModified":"2025-03-20T15:02:21+00:00","description":"O pr\u00f3ximo dia 22 de mar\u00e7o ser\u00e1 o \u00faltimo dia dispon\u00edvel para inscrever a sua oficina de rede na competi\u00e7\u00e3o Challenge Oficinas","breadcrumb":{"@id":"https:\/\/jornaldasoficinas.com\/pt\/faltam-dois-dias-para-o-fim-das-inscricoes-do-challenge-oficinas-2025\/#breadcrumb"},"inLanguage":"pt-PT","potentialAction":[{"@type":"ReadAction","target":["https:\/\/jornaldasoficinas.com\/pt\/faltam-dois-dias-para-o-fim-das-inscricoes-do-challenge-oficinas-2025\/"]}]},{"@type":"ImageObject","inLanguage":"pt-PT","@id":"https:\/\/jornaldasoficinas.com\/pt\/faltam-dois-dias-para-o-fim-das-inscricoes-do-challenge-oficinas-2025\/#primaryimage","url":"https:\/\/jornaldasoficinas.com\/pt\/wp-content\/uploads\/challenge-Oficinas-site.jpg","contentUrl":"https:\/\/jornaldasoficinas.com\/pt\/wp-content\/uploads\/challenge-Oficinas-site.jpg","width":2133,"height":1208,"caption":"challenge Oficinas site"},{"@type":"BreadcrumbList","@id":"https:\/\/jornaldasoficinas.com\/pt\/faltam-dois-dias-para-o-fim-das-inscricoes-do-challenge-oficinas-2025\/#breadcrumb","itemListElement":[{"@type":"ListItem","position":1,"name":"In\u00edcio","item":"https:\/\/jornaldasoficinas.com\/pt\/"},{"@type":"ListItem","position":2,"name":"Faltam dois dias para o fim das inscri\u00e7\u00f5es do Challenge Oficinas 2025"}]},{"@type":"WebSite","@id":"https:\/\/jornaldasoficinas.com\/pt\/#website","url":"https:\/\/jornaldasoficinas.com\/pt\/","name":"Jornal das Oficinas","description":"Jornal independente do Aftermarket Autom\u00f3vel em Portugal","publisher":{"@id":"https:\/\/jornaldasoficinas.com\/pt\/#organization"},"potentialAction":[{"@type":"SearchAction","target":{"@type":"EntryPoint","urlTemplate":"https:\/\/jornaldasoficinas.com\/pt\/?s={search_term_string}"},"query-input":{"@type":"PropertyValueSpecification","valueRequired":true,"valueName":"search_term_string"}}],"inLanguage":"pt-PT"},{"@type":"Organization","@id":"https:\/\/jornaldasoficinas.com\/pt\/#organization","name":"Jornal das Oficinas","url":"https:\/\/jornaldasoficinas.com\/pt\/","logo":{"@type":"ImageObject","inLanguage":"pt-PT","@id":"https:\/\/jornaldasoficinas.com\/pt\/#\/schema\/logo\/image\/","url":"https:\/\/jornaldasoficinas.com\/pt\/wp-content\/uploads\/logoJO-SEO.png","contentUrl":"https:\/\/jornaldasoficinas.com\/pt\/wp-content\/uploads\/logoJO-SEO.png","width":285,"height":450,"caption":"Jornal das Oficinas"},"image":{"@id":"https:\/\/jornaldasoficinas.com\/pt\/#\/schema\/logo\/image\/"},"sameAs":["https:\/\/www.facebook.com\/jornaloficinas","https:\/\/x.com\/jornaloficinas","https:\/\/www.instagram.com\/jornal_oficinas\/","https:\/\/www.linkedin.com\/company\/jornal-das-oficinas\/","https:\/\/www.youtube.com\/channel\/UCbQZBqtcvV-oSQrr7RzINGg"]},{"@type":"Person","@id":"https:\/\/jornaldasoficinas.com\/pt\/#\/schema\/person\/a38eef5de2c41d9e7c9ac10141afddf3","name":"Reda\u00e7\u00e3o JO","image":{"@type":"ImageObject","inLanguage":"pt-PT","@id":"https:\/\/secure.gravatar.com\/avatar\/71f2fa71737ad68a84fea94bc708ddac8ea5b0c4788dc2ad202f3ccb2887742f?s=96&d=wp_user_avatar&r=g","url":"https:\/\/secure.gravatar.com\/avatar\/71f2fa71737ad68a84fea94bc708ddac8ea5b0c4788dc2ad202f3ccb2887742f?s=96&d=wp_user_avatar&r=g","contentUrl":"https:\/\/secure.gravatar.com\/avatar\/71f2fa71737ad68a84fea94bc708ddac8ea5b0c4788dc2ad202f3ccb2887742f?s=96&d=wp_user_avatar&r=g","caption":"Reda\u00e7\u00e3o JO"},"url":"https:\/\/jornaldasoficinas.com\/pt\/author\/joredacao\/"}]}},"_links":{"self":[{"href":"https:\/\/jornaldasoficinas.com\/pt\/wp-json\/wp\/v2\/posts\/99235","targetHints":{"allow":["GET"]}}],"collection":[{"href":"https:\/\/jornaldasoficinas.com\/pt\/wp-json\/wp\/v2\/posts"}],"about":[{"href":"https:\/\/jornaldasoficinas.com\/pt\/wp-json\/wp\/v2\/types\/post"}],"author":[{"embeddable":true,"href":"https:\/\/jornaldasoficinas.com\/pt\/wp-json\/wp\/v2\/users\/15"}],"replies":[{"embeddable":true,"href":"https:\/\/jornaldasoficinas.com\/pt\/wp-json\/wp\/v2\/comments?post=99235"}],"version-history":[{"count":6,"href":"https:\/\/jornaldasoficinas.com\/pt\/wp-json\/wp\/v2\/posts\/99235\/revisions"}],"predecessor-version":[{"id":99290,"href":"https:\/\/jornaldasoficinas.com\/pt\/wp-json\/wp\/v2\/posts\/99235\/revisions\/99290"}],"wp:featuredmedia":[{"embeddable":true,"href":"https:\/\/jornaldasoficinas.com\/pt\/wp-json\/wp\/v2\/media\/99244"}],"wp:attachment":[{"href":"https:\/\/jornaldasoficinas.com\/pt\/wp-json\/wp\/v2\/media?parent=99235"}],"wp:term":[{"taxonomy":"category","embeddable":true,"href":"https:\/\/jornaldasoficinas.com\/pt\/wp-json\/wp\/v2\/categories?post=99235"},{"taxonomy":"post_tag","embeddable":true,"href":"https:\/\/jornaldasoficinas.com\/pt\/wp-json\/wp\/v2\/tags?post=99235"}],"curies":[{"name":"wp","href":"https:\/\/api.w.org\/{rel}","templated":true}]}}