{"id":99396,"date":"2025-03-25T18:00:59","date_gmt":"2025-03-25T18:00:59","guid":{"rendered":"https:\/\/jornaldasoficinas.com\/pt\/?p=99396"},"modified":"2025-03-24T19:20:16","modified_gmt":"2025-03-24T19:20:16","slug":"napa-renova-patrocinio-com-o-racing-weekend","status":"publish","type":"post","link":"https:\/\/jornaldasoficinas.com\/pt\/napa-renova-patrocinio-com-o-racing-weekend\/","title":{"rendered":"NAPA renova patroc\u00ednio com o Racing Weekend"},"content":{"rendered":"<p><strong><img loading=\"lazy\" decoding=\"async\" class=\"alignnone size-full wp-image-99413\" src=\"https:\/\/jornaldasoficinas.com\/pt\/wp-content\/uploads\/2025\/03\/NAPA-renova-patrocinio-do-Racing-Weekend-1.jpg\" alt=\"03 - NAPA renova patrocinio do Racing Weekend 1\" width=\"1024\" height=\"581\" srcset=\"https:\/\/jornaldasoficinas.com\/pt\/wp-content\/uploads\/2025\/03\/NAPA-renova-patrocinio-do-Racing-Weekend-1.jpg 1024w, https:\/\/jornaldasoficinas.com\/pt\/wp-content\/uploads\/2025\/03\/NAPA-renova-patrocinio-do-Racing-Weekend-1-300x170.jpg 300w, https:\/\/jornaldasoficinas.com\/pt\/wp-content\/uploads\/2025\/03\/NAPA-renova-patrocinio-do-Racing-Weekend-1-150x85.jpg 150w, https:\/\/jornaldasoficinas.com\/pt\/wp-content\/uploads\/2025\/03\/NAPA-renova-patrocinio-do-Racing-Weekend-1-768x436.jpg 768w\" sizes=\"auto, (max-width: 1024px) 100vw, 1024px\" \/><\/strong><\/p>\n<p><strong>Pelo terceiro ano consecutivo, a <a href=\"https:\/\/www.napaautoparts.es\/\" target=\"_blank\" rel=\"noopener\">NAPA<\/a> ir\u00e1 manter a sua parceria com o Racing Weekend, que nesta temporada contar\u00e1 com cinco eventos em diversas localiza\u00e7\u00f5es de Espanha<\/strong><\/p>\n<p>No processo de implementa\u00e7\u00e3o e expans\u00e3o da marca em Espanha, a NAPA reafirma o seu compromisso com o desporto autom\u00f3vel ao associar-se novamente ao &#8220;NAPA Racing Weekend&#8221;, um compromisso que mant\u00e9m desde a sua funda\u00e7\u00e3o em 1925.<\/p>\n<p>Nas edi\u00e7\u00f5es anteriores, a marca atraiu mais de 45.000 convidados, que n\u00e3o s\u00f3 acompanharam as corridas, como tamb\u00e9m deram um toque de cor azul e amarela aos paddocks, bancadas e pit walks organizados nos eventos.<\/p>\n<p>Em 2025, o calend\u00e1rio do NAPA Racing Weekend come\u00e7a com o evento inaugural no Motorland Arag\u00f3n, no \u00faltimo fim de semana de mar\u00e7o. Seguir-se-\u00e3o os eventos no Circuito de Navarra, no primeiro fim de semana de maio, e, depois do ver\u00e3o, os circuitos de Jerez, Val\u00eancia e Catalunha completar\u00e3o o calend\u00e1rio.<\/p>\n<p>Os convidados da NAPA, junto com o p\u00fablico, ter\u00e3o a oportunidade de assistir \u00e0s competi\u00e7\u00f5es, incluindo F4 Espanha, Eurocup 3, TCR Espanha, GT CER, Toyota GR Cup e Clio Cup, apresentando uma combina\u00e7\u00e3o de monolugares, carros de turismo e s\u00e9ries GT, que ir\u00e3o entusiasmar os f\u00e3s de desportos motorizados.<\/p>\n","protected":false},"excerpt":{"rendered":"<p>Pelo terceiro ano consecutivo, a NAPA&#8230;<\/p>\n","protected":false},"author":15,"featured_media":99413,"comment_status":"closed","ping_status":"closed","sticky":false,"template":"","format":"standard","meta":{"footnotes":""},"categories":[29],"tags":[12269,11939,4140,12267,12268],"class_list":["post-99396","post","type-post","status-publish","format-standard","has-post-thumbnail","hentry","category-empresas","tag-cinco-eventos","tag-desportos-motorizados","tag-napa","tag-racing-weekend","tag-renovacao-de-parceria"],"yoast_head":"<!-- This site is optimized with the Yoast SEO plugin v27.4 - https:\/\/yoast.com\/product\/yoast-seo-wordpress\/ -->\n<title>NAPA renova patroc\u00ednio com o Racing Weekend - Jornal das Oficinas<\/title>\n<meta name=\"description\" content=\"Pelo terceiro ano consecutivo, a NAPA ir\u00e1 manter a sua parceria com o Racing Weekend, que nesta temporada contar\u00e1 com cinco eventos\" \/>\n<meta name=\"robots\" content=\"index, follow, max-snippet:-1, max-image-preview:large, max-video-preview:-1\" \/>\n<link rel=\"canonical\" href=\"https:\/\/jornaldasoficinas.com\/pt\/napa-renova-patrocinio-com-o-racing-weekend\/\" \/>\n<meta property=\"og:locale\" content=\"pt_PT\" \/>\n<meta property=\"og:type\" content=\"article\" \/>\n<meta property=\"og:title\" content=\"NAPA renova patroc\u00ednio com o Racing Weekend - Jornal das Oficinas\" \/>\n<meta property=\"og:description\" content=\"Pelo terceiro ano consecutivo, a NAPA ir\u00e1 manter a sua parceria com o Racing Weekend, que nesta temporada contar\u00e1 com cinco eventos\" \/>\n<meta property=\"og:url\" content=\"https:\/\/jornaldasoficinas.com\/pt\/napa-renova-patrocinio-com-o-racing-weekend\/\" \/>\n<meta property=\"og:site_name\" content=\"Jornal das Oficinas\" \/>\n<meta property=\"article:publisher\" content=\"https:\/\/www.facebook.com\/jornaloficinas\" \/>\n<meta property=\"article:published_time\" content=\"2025-03-25T18:00:59+00:00\" \/>\n<meta property=\"og:image\" content=\"https:\/\/jornaldasoficinas.com\/pt\/wp-content\/uploads\/2025\/03\/NAPA-renova-patrocinio-do-Racing-Weekend-1.jpg\" \/>\n\t<meta property=\"og:image:width\" content=\"1024\" \/>\n\t<meta property=\"og:image:height\" content=\"581\" \/>\n\t<meta property=\"og:image:type\" content=\"image\/jpeg\" \/>\n<meta name=\"author\" content=\"Reda\u00e7\u00e3o JO\" \/>\n<meta name=\"twitter:card\" content=\"summary_large_image\" \/>\n<meta name=\"twitter:creator\" content=\"@jornaloficinas\" \/>\n<meta name=\"twitter:site\" content=\"@jornaloficinas\" \/>\n<meta name=\"twitter:label1\" content=\"Escrito por\" \/>\n\t<meta name=\"twitter:data1\" content=\"Reda\u00e7\u00e3o JO\" \/>\n\t<meta name=\"twitter:label2\" content=\"Tempo estimado de leitura\" \/>\n\t<meta name=\"twitter:data2\" content=\"2 minutos\" \/>\n<script type=\"application\/ld+json\" class=\"yoast-schema-graph\">{\"@context\":\"https:\\\/\\\/schema.org\",\"@graph\":[{\"@type\":\"Article\",\"@id\":\"https:\\\/\\\/jornaldasoficinas.com\\\/pt\\\/napa-renova-patrocinio-com-o-racing-weekend\\\/#article\",\"isPartOf\":{\"@id\":\"https:\\\/\\\/jornaldasoficinas.com\\\/pt\\\/napa-renova-patrocinio-com-o-racing-weekend\\\/\"},\"author\":{\"name\":\"Reda\u00e7\u00e3o JO\",\"@id\":\"https:\\\/\\\/jornaldasoficinas.com\\\/pt\\\/#\\\/schema\\\/person\\\/a38eef5de2c41d9e7c9ac10141afddf3\"},\"headline\":\"NAPA renova patroc\u00ednio com o Racing Weekend\",\"datePublished\":\"2025-03-25T18:00:59+00:00\",\"mainEntityOfPage\":{\"@id\":\"https:\\\/\\\/jornaldasoficinas.com\\\/pt\\\/napa-renova-patrocinio-com-o-racing-weekend\\\/\"},\"wordCount\":228,\"publisher\":{\"@id\":\"https:\\\/\\\/jornaldasoficinas.com\\\/pt\\\/#organization\"},\"image\":{\"@id\":\"https:\\\/\\\/jornaldasoficinas.com\\\/pt\\\/napa-renova-patrocinio-com-o-racing-weekend\\\/#primaryimage\"},\"thumbnailUrl\":\"https:\\\/\\\/jornaldasoficinas.com\\\/pt\\\/wp-content\\\/uploads\\\/2025\\\/03\\\/NAPA-renova-patrocinio-do-Racing-Weekend-1.jpg\",\"keywords\":[\"cinco eventos\",\"desportos motorizados\",\"NAPA\",\"Racing Weekend\",\"renova\u00e7\u00e3o de parceria\"],\"articleSection\":[\"Empresas\"],\"inLanguage\":\"pt-PT\"},{\"@type\":\"WebPage\",\"@id\":\"https:\\\/\\\/jornaldasoficinas.com\\\/pt\\\/napa-renova-patrocinio-com-o-racing-weekend\\\/\",\"url\":\"https:\\\/\\\/jornaldasoficinas.com\\\/pt\\\/napa-renova-patrocinio-com-o-racing-weekend\\\/\",\"name\":\"NAPA renova patroc\u00ednio com o Racing Weekend - Jornal das Oficinas\",\"isPartOf\":{\"@id\":\"https:\\\/\\\/jornaldasoficinas.com\\\/pt\\\/#website\"},\"primaryImageOfPage\":{\"@id\":\"https:\\\/\\\/jornaldasoficinas.com\\\/pt\\\/napa-renova-patrocinio-com-o-racing-weekend\\\/#primaryimage\"},\"image\":{\"@id\":\"https:\\\/\\\/jornaldasoficinas.com\\\/pt\\\/napa-renova-patrocinio-com-o-racing-weekend\\\/#primaryimage\"},\"thumbnailUrl\":\"https:\\\/\\\/jornaldasoficinas.com\\\/pt\\\/wp-content\\\/uploads\\\/2025\\\/03\\\/NAPA-renova-patrocinio-do-Racing-Weekend-1.jpg\",\"datePublished\":\"2025-03-25T18:00:59+00:00\",\"description\":\"Pelo terceiro ano consecutivo, a NAPA ir\u00e1 manter a sua parceria com o Racing Weekend, que nesta temporada contar\u00e1 com cinco eventos\",\"breadcrumb\":{\"@id\":\"https:\\\/\\\/jornaldasoficinas.com\\\/pt\\\/napa-renova-patrocinio-com-o-racing-weekend\\\/#breadcrumb\"},\"inLanguage\":\"pt-PT\",\"potentialAction\":[{\"@type\":\"ReadAction\",\"target\":[\"https:\\\/\\\/jornaldasoficinas.com\\\/pt\\\/napa-renova-patrocinio-com-o-racing-weekend\\\/\"]}]},{\"@type\":\"ImageObject\",\"inLanguage\":\"pt-PT\",\"@id\":\"https:\\\/\\\/jornaldasoficinas.com\\\/pt\\\/napa-renova-patrocinio-com-o-racing-weekend\\\/#primaryimage\",\"url\":\"https:\\\/\\\/jornaldasoficinas.com\\\/pt\\\/wp-content\\\/uploads\\\/2025\\\/03\\\/NAPA-renova-patrocinio-do-Racing-Weekend-1.jpg\",\"contentUrl\":\"https:\\\/\\\/jornaldasoficinas.com\\\/pt\\\/wp-content\\\/uploads\\\/2025\\\/03\\\/NAPA-renova-patrocinio-do-Racing-Weekend-1.jpg\",\"width\":1024,\"height\":581,\"caption\":\"03 - NAPA renova patrocinio do Racing Weekend 1\"},{\"@type\":\"BreadcrumbList\",\"@id\":\"https:\\\/\\\/jornaldasoficinas.com\\\/pt\\\/napa-renova-patrocinio-com-o-racing-weekend\\\/#breadcrumb\",\"itemListElement\":[{\"@type\":\"ListItem\",\"position\":1,\"name\":\"In\u00edcio\",\"item\":\"https:\\\/\\\/jornaldasoficinas.com\\\/pt\\\/\"},{\"@type\":\"ListItem\",\"position\":2,\"name\":\"NAPA renova patroc\u00ednio com o Racing Weekend\"}]},{\"@type\":\"WebSite\",\"@id\":\"https:\\\/\\\/jornaldasoficinas.com\\\/pt\\\/#website\",\"url\":\"https:\\\/\\\/jornaldasoficinas.com\\\/pt\\\/\",\"name\":\"Jornal das Oficinas\",\"description\":\"Jornal independente do Aftermarket Autom\u00f3vel em Portugal\",\"publisher\":{\"@id\":\"https:\\\/\\\/jornaldasoficinas.com\\\/pt\\\/#organization\"},\"potentialAction\":[{\"@type\":\"SearchAction\",\"target\":{\"@type\":\"EntryPoint\",\"urlTemplate\":\"https:\\\/\\\/jornaldasoficinas.com\\\/pt\\\/?s={search_term_string}\"},\"query-input\":{\"@type\":\"PropertyValueSpecification\",\"valueRequired\":true,\"valueName\":\"search_term_string\"}}],\"inLanguage\":\"pt-PT\"},{\"@type\":\"Organization\",\"@id\":\"https:\\\/\\\/jornaldasoficinas.com\\\/pt\\\/#organization\",\"name\":\"Jornal das Oficinas\",\"url\":\"https:\\\/\\\/jornaldasoficinas.com\\\/pt\\\/\",\"logo\":{\"@type\":\"ImageObject\",\"inLanguage\":\"pt-PT\",\"@id\":\"https:\\\/\\\/jornaldasoficinas.com\\\/pt\\\/#\\\/schema\\\/logo\\\/image\\\/\",\"url\":\"https:\\\/\\\/jornaldasoficinas.com\\\/pt\\\/wp-content\\\/uploads\\\/logoJO-SEO.png\",\"contentUrl\":\"https:\\\/\\\/jornaldasoficinas.com\\\/pt\\\/wp-content\\\/uploads\\\/logoJO-SEO.png\",\"width\":285,\"height\":450,\"caption\":\"Jornal das Oficinas\"},\"image\":{\"@id\":\"https:\\\/\\\/jornaldasoficinas.com\\\/pt\\\/#\\\/schema\\\/logo\\\/image\\\/\"},\"sameAs\":[\"https:\\\/\\\/www.facebook.com\\\/jornaloficinas\",\"https:\\\/\\\/x.com\\\/jornaloficinas\",\"https:\\\/\\\/www.instagram.com\\\/jornal_oficinas\\\/\",\"https:\\\/\\\/www.linkedin.com\\\/company\\\/jornal-das-oficinas\\\/\",\"https:\\\/\\\/www.youtube.com\\\/channel\\\/UCbQZBqtcvV-oSQrr7RzINGg\"]},{\"@type\":\"Person\",\"@id\":\"https:\\\/\\\/jornaldasoficinas.com\\\/pt\\\/#\\\/schema\\\/person\\\/a38eef5de2c41d9e7c9ac10141afddf3\",\"name\":\"Reda\u00e7\u00e3o JO\",\"image\":{\"@type\":\"ImageObject\",\"inLanguage\":\"pt-PT\",\"@id\":\"https:\\\/\\\/secure.gravatar.com\\\/avatar\\\/71f2fa71737ad68a84fea94bc708ddac8ea5b0c4788dc2ad202f3ccb2887742f?s=96&d=wp_user_avatar&r=g\",\"url\":\"https:\\\/\\\/secure.gravatar.com\\\/avatar\\\/71f2fa71737ad68a84fea94bc708ddac8ea5b0c4788dc2ad202f3ccb2887742f?s=96&d=wp_user_avatar&r=g\",\"contentUrl\":\"https:\\\/\\\/secure.gravatar.com\\\/avatar\\\/71f2fa71737ad68a84fea94bc708ddac8ea5b0c4788dc2ad202f3ccb2887742f?s=96&d=wp_user_avatar&r=g\",\"caption\":\"Reda\u00e7\u00e3o JO\"},\"url\":\"https:\\\/\\\/jornaldasoficinas.com\\\/pt\\\/author\\\/joredacao\\\/\"}]}<\/script>\n<!-- \/ Yoast SEO plugin. -->","yoast_head_json":{"title":"NAPA renova patroc\u00ednio com o Racing Weekend - Jornal das Oficinas","description":"Pelo terceiro ano consecutivo, a NAPA ir\u00e1 manter a sua parceria com o Racing Weekend, que nesta temporada contar\u00e1 com cinco eventos","robots":{"index":"index","follow":"follow","max-snippet":"max-snippet:-1","max-image-preview":"max-image-preview:large","max-video-preview":"max-video-preview:-1"},"canonical":"https:\/\/jornaldasoficinas.com\/pt\/napa-renova-patrocinio-com-o-racing-weekend\/","og_locale":"pt_PT","og_type":"article","og_title":"NAPA renova patroc\u00ednio com o Racing Weekend - Jornal das Oficinas","og_description":"Pelo terceiro ano consecutivo, a NAPA ir\u00e1 manter a sua parceria com o Racing Weekend, que nesta temporada contar\u00e1 com cinco eventos","og_url":"https:\/\/jornaldasoficinas.com\/pt\/napa-renova-patrocinio-com-o-racing-weekend\/","og_site_name":"Jornal das Oficinas","article_publisher":"https:\/\/www.facebook.com\/jornaloficinas","article_published_time":"2025-03-25T18:00:59+00:00","og_image":[{"width":1024,"height":581,"url":"https:\/\/jornaldasoficinas.com\/pt\/wp-content\/uploads\/2025\/03\/NAPA-renova-patrocinio-do-Racing-Weekend-1.jpg","type":"image\/jpeg"}],"author":"Reda\u00e7\u00e3o JO","twitter_card":"summary_large_image","twitter_creator":"@jornaloficinas","twitter_site":"@jornaloficinas","twitter_misc":{"Escrito por":"Reda\u00e7\u00e3o JO","Tempo estimado de leitura":"2 minutos"},"schema":{"@context":"https:\/\/schema.org","@graph":[{"@type":"Article","@id":"https:\/\/jornaldasoficinas.com\/pt\/napa-renova-patrocinio-com-o-racing-weekend\/#article","isPartOf":{"@id":"https:\/\/jornaldasoficinas.com\/pt\/napa-renova-patrocinio-com-o-racing-weekend\/"},"author":{"name":"Reda\u00e7\u00e3o JO","@id":"https:\/\/jornaldasoficinas.com\/pt\/#\/schema\/person\/a38eef5de2c41d9e7c9ac10141afddf3"},"headline":"NAPA renova patroc\u00ednio com o Racing Weekend","datePublished":"2025-03-25T18:00:59+00:00","mainEntityOfPage":{"@id":"https:\/\/jornaldasoficinas.com\/pt\/napa-renova-patrocinio-com-o-racing-weekend\/"},"wordCount":228,"publisher":{"@id":"https:\/\/jornaldasoficinas.com\/pt\/#organization"},"image":{"@id":"https:\/\/jornaldasoficinas.com\/pt\/napa-renova-patrocinio-com-o-racing-weekend\/#primaryimage"},"thumbnailUrl":"https:\/\/jornaldasoficinas.com\/pt\/wp-content\/uploads\/2025\/03\/NAPA-renova-patrocinio-do-Racing-Weekend-1.jpg","keywords":["cinco eventos","desportos motorizados","NAPA","Racing Weekend","renova\u00e7\u00e3o de parceria"],"articleSection":["Empresas"],"inLanguage":"pt-PT"},{"@type":"WebPage","@id":"https:\/\/jornaldasoficinas.com\/pt\/napa-renova-patrocinio-com-o-racing-weekend\/","url":"https:\/\/jornaldasoficinas.com\/pt\/napa-renova-patrocinio-com-o-racing-weekend\/","name":"NAPA renova patroc\u00ednio com o Racing Weekend - Jornal das Oficinas","isPartOf":{"@id":"https:\/\/jornaldasoficinas.com\/pt\/#website"},"primaryImageOfPage":{"@id":"https:\/\/jornaldasoficinas.com\/pt\/napa-renova-patrocinio-com-o-racing-weekend\/#primaryimage"},"image":{"@id":"https:\/\/jornaldasoficinas.com\/pt\/napa-renova-patrocinio-com-o-racing-weekend\/#primaryimage"},"thumbnailUrl":"https:\/\/jornaldasoficinas.com\/pt\/wp-content\/uploads\/2025\/03\/NAPA-renova-patrocinio-do-Racing-Weekend-1.jpg","datePublished":"2025-03-25T18:00:59+00:00","description":"Pelo terceiro ano consecutivo, a NAPA ir\u00e1 manter a sua parceria com o Racing Weekend, que nesta temporada contar\u00e1 com cinco eventos","breadcrumb":{"@id":"https:\/\/jornaldasoficinas.com\/pt\/napa-renova-patrocinio-com-o-racing-weekend\/#breadcrumb"},"inLanguage":"pt-PT","potentialAction":[{"@type":"ReadAction","target":["https:\/\/jornaldasoficinas.com\/pt\/napa-renova-patrocinio-com-o-racing-weekend\/"]}]},{"@type":"ImageObject","inLanguage":"pt-PT","@id":"https:\/\/jornaldasoficinas.com\/pt\/napa-renova-patrocinio-com-o-racing-weekend\/#primaryimage","url":"https:\/\/jornaldasoficinas.com\/pt\/wp-content\/uploads\/2025\/03\/NAPA-renova-patrocinio-do-Racing-Weekend-1.jpg","contentUrl":"https:\/\/jornaldasoficinas.com\/pt\/wp-content\/uploads\/2025\/03\/NAPA-renova-patrocinio-do-Racing-Weekend-1.jpg","width":1024,"height":581,"caption":"03 - NAPA renova patrocinio do Racing Weekend 1"},{"@type":"BreadcrumbList","@id":"https:\/\/jornaldasoficinas.com\/pt\/napa-renova-patrocinio-com-o-racing-weekend\/#breadcrumb","itemListElement":[{"@type":"ListItem","position":1,"name":"In\u00edcio","item":"https:\/\/jornaldasoficinas.com\/pt\/"},{"@type":"ListItem","position":2,"name":"NAPA renova patroc\u00ednio com o Racing Weekend"}]},{"@type":"WebSite","@id":"https:\/\/jornaldasoficinas.com\/pt\/#website","url":"https:\/\/jornaldasoficinas.com\/pt\/","name":"Jornal das Oficinas","description":"Jornal independente do Aftermarket Autom\u00f3vel em Portugal","publisher":{"@id":"https:\/\/jornaldasoficinas.com\/pt\/#organization"},"potentialAction":[{"@type":"SearchAction","target":{"@type":"EntryPoint","urlTemplate":"https:\/\/jornaldasoficinas.com\/pt\/?s={search_term_string}"},"query-input":{"@type":"PropertyValueSpecification","valueRequired":true,"valueName":"search_term_string"}}],"inLanguage":"pt-PT"},{"@type":"Organization","@id":"https:\/\/jornaldasoficinas.com\/pt\/#organization","name":"Jornal das Oficinas","url":"https:\/\/jornaldasoficinas.com\/pt\/","logo":{"@type":"ImageObject","inLanguage":"pt-PT","@id":"https:\/\/jornaldasoficinas.com\/pt\/#\/schema\/logo\/image\/","url":"https:\/\/jornaldasoficinas.com\/pt\/wp-content\/uploads\/logoJO-SEO.png","contentUrl":"https:\/\/jornaldasoficinas.com\/pt\/wp-content\/uploads\/logoJO-SEO.png","width":285,"height":450,"caption":"Jornal das Oficinas"},"image":{"@id":"https:\/\/jornaldasoficinas.com\/pt\/#\/schema\/logo\/image\/"},"sameAs":["https:\/\/www.facebook.com\/jornaloficinas","https:\/\/x.com\/jornaloficinas","https:\/\/www.instagram.com\/jornal_oficinas\/","https:\/\/www.linkedin.com\/company\/jornal-das-oficinas\/","https:\/\/www.youtube.com\/channel\/UCbQZBqtcvV-oSQrr7RzINGg"]},{"@type":"Person","@id":"https:\/\/jornaldasoficinas.com\/pt\/#\/schema\/person\/a38eef5de2c41d9e7c9ac10141afddf3","name":"Reda\u00e7\u00e3o JO","image":{"@type":"ImageObject","inLanguage":"pt-PT","@id":"https:\/\/secure.gravatar.com\/avatar\/71f2fa71737ad68a84fea94bc708ddac8ea5b0c4788dc2ad202f3ccb2887742f?s=96&d=wp_user_avatar&r=g","url":"https:\/\/secure.gravatar.com\/avatar\/71f2fa71737ad68a84fea94bc708ddac8ea5b0c4788dc2ad202f3ccb2887742f?s=96&d=wp_user_avatar&r=g","contentUrl":"https:\/\/secure.gravatar.com\/avatar\/71f2fa71737ad68a84fea94bc708ddac8ea5b0c4788dc2ad202f3ccb2887742f?s=96&d=wp_user_avatar&r=g","caption":"Reda\u00e7\u00e3o JO"},"url":"https:\/\/jornaldasoficinas.com\/pt\/author\/joredacao\/"}]}},"_links":{"self":[{"href":"https:\/\/jornaldasoficinas.com\/pt\/wp-json\/wp\/v2\/posts\/99396","targetHints":{"allow":["GET"]}}],"collection":[{"href":"https:\/\/jornaldasoficinas.com\/pt\/wp-json\/wp\/v2\/posts"}],"about":[{"href":"https:\/\/jornaldasoficinas.com\/pt\/wp-json\/wp\/v2\/types\/post"}],"author":[{"embeddable":true,"href":"https:\/\/jornaldasoficinas.com\/pt\/wp-json\/wp\/v2\/users\/15"}],"replies":[{"embeddable":true,"href":"https:\/\/jornaldasoficinas.com\/pt\/wp-json\/wp\/v2\/comments?post=99396"}],"version-history":[{"count":6,"href":"https:\/\/jornaldasoficinas.com\/pt\/wp-json\/wp\/v2\/posts\/99396\/revisions"}],"predecessor-version":[{"id":99419,"href":"https:\/\/jornaldasoficinas.com\/pt\/wp-json\/wp\/v2\/posts\/99396\/revisions\/99419"}],"wp:featuredmedia":[{"embeddable":true,"href":"https:\/\/jornaldasoficinas.com\/pt\/wp-json\/wp\/v2\/media\/99413"}],"wp:attachment":[{"href":"https:\/\/jornaldasoficinas.com\/pt\/wp-json\/wp\/v2\/media?parent=99396"}],"wp:term":[{"taxonomy":"category","embeddable":true,"href":"https:\/\/jornaldasoficinas.com\/pt\/wp-json\/wp\/v2\/categories?post=99396"},{"taxonomy":"post_tag","embeddable":true,"href":"https:\/\/jornaldasoficinas.com\/pt\/wp-json\/wp\/v2\/tags?post=99396"}],"curies":[{"name":"wp","href":"https:\/\/api.w.org\/{rel}","templated":true}]}}