{"id":99403,"date":"2025-03-26T12:30:20","date_gmt":"2025-03-26T12:30:20","guid":{"rendered":"https:\/\/jornaldasoficinas.com\/pt\/?p=99403"},"modified":"2025-03-24T19:24:24","modified_gmt":"2025-03-24T19:24:24","slug":"sinnek-promete-revolucionar-tempos-de-secagem-com-ac-1650","status":"publish","type":"post","link":"https:\/\/jornaldasoficinas.com\/pt\/sinnek-promete-revolucionar-tempos-de-secagem-com-ac-1650\/","title":{"rendered":"SINNEK promete revolucionar tempos de secagem com AC\/1650"},"content":{"rendered":"<p><strong><img loading=\"lazy\" decoding=\"async\" class=\"alignnone size-full wp-image-99406\" src=\"https:\/\/jornaldasoficinas.com\/pt\/wp-content\/uploads\/2025\/03\/SINNEK-promete-revolucionar-tempos-de-secagem-com-AC1650.jpg\" alt=\"03 - SINNEK promete revolucionar tempos de secagem com AC1650\" width=\"1024\" height=\"581\" srcset=\"https:\/\/jornaldasoficinas.com\/pt\/wp-content\/uploads\/2025\/03\/SINNEK-promete-revolucionar-tempos-de-secagem-com-AC1650.jpg 1024w, https:\/\/jornaldasoficinas.com\/pt\/wp-content\/uploads\/2025\/03\/SINNEK-promete-revolucionar-tempos-de-secagem-com-AC1650-300x170.jpg 300w, https:\/\/jornaldasoficinas.com\/pt\/wp-content\/uploads\/2025\/03\/SINNEK-promete-revolucionar-tempos-de-secagem-com-AC1650-150x85.jpg 150w, https:\/\/jornaldasoficinas.com\/pt\/wp-content\/uploads\/2025\/03\/SINNEK-promete-revolucionar-tempos-de-secagem-com-AC1650-768x436.jpg 768w\" sizes=\"auto, (max-width: 1024px) 100vw, 1024px\" \/><\/strong><\/p>\n<p><strong>O novo aditivo acelerador AC\/1650 da<a href=\"https:\/\/www.sinnek.com\/\" target=\"_blank\" rel=\"noopener\"> SINNEK<\/a> foi concebido para otimizar a produtividade nas oficinas de carro\u00e7aria, reduzindo os tempos de secagem e endurecimento dos vernizes e prim\u00e1rios, sem necessidade de aplicar calor na cabine<\/strong><\/p>\n<p>A SINNEK acaba de lan\u00e7ar o seu novo aditivo acelerador PUR AC\/1650, uma solu\u00e7\u00e3o avan\u00e7ada especialmente desenvolvida para acelerar o endurecimento e reduzir significativamente os tempos de manuseamento e lixagem dos vernizes e prim\u00e1rios indicados nas fichas t\u00e9cnicas, sem comprometer a qualidade do acabamento final.<\/p>\n<p>&#8220;Este aditivo inovador \u00e9 o aliado perfeito para as oficinas que procuram otimizar os seus processos e aumentar a rentabilidade, uma vez que aumenta a produtividade reduzindo drasticamente os tempos de secagem sem necessidade de aplicar calor na cabine, resultando numa poupan\u00e7a significativa de energia e num aumento da capacidade de trabalho&#8221;, referiu a SINNEK.<\/p>\n<p>Em condi\u00e7\u00f5es de secagem \u00e0 temperatura ambiente (20\u00b0C), o verniz cer\u00e2mico CC\/1800 sem o aditivo requer, aproximadamente, 1 hora para secar, enquanto que com o AC\/1650 este tempo \u00e9 reduzido para 20-30 minutos, conseguindo uma redu\u00e7\u00e3o de at\u00e9 66%.<\/p>\n<p>Se for utilizada a secagem por infravermelhos de onda m\u00e9dia, o tempo aumenta de 20 minutos sem aditivo para apenas 10-15 minutos com AC\/1650, acelerando significativamente o processo. Mesmo na cabine de secagem a 60\u00b0C, onde o verniz CC\/1800 sem aditivos necessita de 10 minutos, a utiliza\u00e7\u00e3o do AC\/1650 permite reduzir esse tempo para metade, para algo entre 5 e 10 minutos.<\/p>\n<p>&#8220;Estes tempos de secagem otimizados permitem \u00e0s oficinas aumentar a produtividade, reduzir os tempos de espera e melhorar a rentabilidade sem comprometer a qualidade do acabamento&#8221;, sublinhou.<\/p>\n<p>O aditivo acelerador AC\/1650 da SINNEK representa mais um passo no compromisso da marca em oferecer solu\u00e7\u00f5es que respondam \u00e0s reais necessidades das oficinas, permitindo-lhes aumentar a sua competitividade num mercado cada vez mais exigente, onde a rapidez e a qualidade s\u00e3o fatores determinantes para o sucesso.<\/p>\n","protected":false},"excerpt":{"rendered":"<p>O novo aditivo acelerador AC\/1650 da&#8230;<\/p>\n","protected":false},"author":15,"featured_media":99406,"comment_status":"closed","ping_status":"closed","sticky":false,"template":"","format":"standard","meta":{"footnotes":""},"categories":[2],"tags":[11156,7834,7465,386,12272,5628,279,12270],"class_list":["post-99403","post","type-post","status-publish","format-standard","has-post-thumbnail","hentry","category-repintura","tag-aditivo-acelerador","tag-lancamento","tag-novidade","tag-oficinas","tag-pur-ac-1650","tag-rentabilidade","tag-sinnek","tag-tempos-de-secagem"],"yoast_head":"<!-- This site is optimized with the Yoast SEO plugin v27.5 - https:\/\/yoast.com\/product\/yoast-seo-wordpress\/ -->\n<title>SINNEK promete revolucionar tempos de secagem com AC\/1650 - Jornal das Oficinas<\/title>\n<meta name=\"description\" content=\"O aditivo acelerador AC\/1650 da SINNEK foi concebido para otimizar a produtividade nas oficinas de carro\u00e7aria, reduzindo os tempos de secagem\" \/>\n<meta name=\"robots\" content=\"index, follow, max-snippet:-1, max-image-preview:large, max-video-preview:-1\" \/>\n<link rel=\"canonical\" href=\"https:\/\/jornaldasoficinas.com\/pt\/sinnek-promete-revolucionar-tempos-de-secagem-com-ac-1650\/\" \/>\n<meta property=\"og:locale\" content=\"pt_PT\" \/>\n<meta property=\"og:type\" content=\"article\" \/>\n<meta property=\"og:title\" content=\"SINNEK promete revolucionar tempos de secagem com AC\/1650 - Jornal das Oficinas\" \/>\n<meta property=\"og:description\" content=\"O aditivo acelerador AC\/1650 da SINNEK foi concebido para otimizar a produtividade nas oficinas de carro\u00e7aria, reduzindo os tempos de secagem\" \/>\n<meta property=\"og:url\" content=\"https:\/\/jornaldasoficinas.com\/pt\/sinnek-promete-revolucionar-tempos-de-secagem-com-ac-1650\/\" \/>\n<meta property=\"og:site_name\" content=\"Jornal das Oficinas\" \/>\n<meta property=\"article:publisher\" content=\"https:\/\/www.facebook.com\/jornaloficinas\" \/>\n<meta property=\"article:published_time\" content=\"2025-03-26T12:30:20+00:00\" \/>\n<meta property=\"og:image\" content=\"https:\/\/jornaldasoficinas.com\/pt\/wp-content\/uploads\/2025\/03\/SINNEK-promete-revolucionar-tempos-de-secagem-com-AC1650.jpg\" \/>\n\t<meta property=\"og:image:width\" content=\"1024\" \/>\n\t<meta property=\"og:image:height\" content=\"581\" \/>\n\t<meta property=\"og:image:type\" content=\"image\/jpeg\" \/>\n<meta name=\"author\" content=\"Reda\u00e7\u00e3o JO\" \/>\n<meta name=\"twitter:card\" content=\"summary_large_image\" \/>\n<meta name=\"twitter:creator\" content=\"@jornaloficinas\" \/>\n<meta name=\"twitter:site\" content=\"@jornaloficinas\" \/>\n<meta name=\"twitter:label1\" content=\"Escrito por\" \/>\n\t<meta name=\"twitter:data1\" content=\"Reda\u00e7\u00e3o JO\" \/>\n\t<meta name=\"twitter:label2\" content=\"Tempo estimado de leitura\" \/>\n\t<meta name=\"twitter:data2\" content=\"3 minutos\" \/>\n<script type=\"application\/ld+json\" class=\"yoast-schema-graph\">{\"@context\":\"https:\\\/\\\/schema.org\",\"@graph\":[{\"@type\":\"Article\",\"@id\":\"https:\\\/\\\/jornaldasoficinas.com\\\/pt\\\/sinnek-promete-revolucionar-tempos-de-secagem-com-ac-1650\\\/#article\",\"isPartOf\":{\"@id\":\"https:\\\/\\\/jornaldasoficinas.com\\\/pt\\\/sinnek-promete-revolucionar-tempos-de-secagem-com-ac-1650\\\/\"},\"author\":{\"name\":\"Reda\u00e7\u00e3o JO\",\"@id\":\"https:\\\/\\\/jornaldasoficinas.com\\\/pt\\\/#\\\/schema\\\/person\\\/a38eef5de2c41d9e7c9ac10141afddf3\"},\"headline\":\"SINNEK promete revolucionar tempos de secagem com AC\\\/1650\",\"datePublished\":\"2025-03-26T12:30:20+00:00\",\"mainEntityOfPage\":{\"@id\":\"https:\\\/\\\/jornaldasoficinas.com\\\/pt\\\/sinnek-promete-revolucionar-tempos-de-secagem-com-ac-1650\\\/\"},\"wordCount\":324,\"publisher\":{\"@id\":\"https:\\\/\\\/jornaldasoficinas.com\\\/pt\\\/#organization\"},\"image\":{\"@id\":\"https:\\\/\\\/jornaldasoficinas.com\\\/pt\\\/sinnek-promete-revolucionar-tempos-de-secagem-com-ac-1650\\\/#primaryimage\"},\"thumbnailUrl\":\"https:\\\/\\\/jornaldasoficinas.com\\\/pt\\\/wp-content\\\/uploads\\\/2025\\\/03\\\/SINNEK-promete-revolucionar-tempos-de-secagem-com-AC1650.jpg\",\"keywords\":[\"aditivo acelerador\",\"lan\u00e7amento\",\"novidade\",\"Oficinas\",\"PUR AC\\\/1650\",\"Rentabilidade\",\"SINNEK\",\"tempos de secagem\"],\"articleSection\":[\"Repintura\"],\"inLanguage\":\"pt-PT\"},{\"@type\":\"WebPage\",\"@id\":\"https:\\\/\\\/jornaldasoficinas.com\\\/pt\\\/sinnek-promete-revolucionar-tempos-de-secagem-com-ac-1650\\\/\",\"url\":\"https:\\\/\\\/jornaldasoficinas.com\\\/pt\\\/sinnek-promete-revolucionar-tempos-de-secagem-com-ac-1650\\\/\",\"name\":\"SINNEK promete revolucionar tempos de secagem com AC\\\/1650 - Jornal das Oficinas\",\"isPartOf\":{\"@id\":\"https:\\\/\\\/jornaldasoficinas.com\\\/pt\\\/#website\"},\"primaryImageOfPage\":{\"@id\":\"https:\\\/\\\/jornaldasoficinas.com\\\/pt\\\/sinnek-promete-revolucionar-tempos-de-secagem-com-ac-1650\\\/#primaryimage\"},\"image\":{\"@id\":\"https:\\\/\\\/jornaldasoficinas.com\\\/pt\\\/sinnek-promete-revolucionar-tempos-de-secagem-com-ac-1650\\\/#primaryimage\"},\"thumbnailUrl\":\"https:\\\/\\\/jornaldasoficinas.com\\\/pt\\\/wp-content\\\/uploads\\\/2025\\\/03\\\/SINNEK-promete-revolucionar-tempos-de-secagem-com-AC1650.jpg\",\"datePublished\":\"2025-03-26T12:30:20+00:00\",\"description\":\"O aditivo acelerador AC\\\/1650 da SINNEK foi concebido para otimizar a produtividade nas oficinas de carro\u00e7aria, reduzindo os tempos de secagem\",\"breadcrumb\":{\"@id\":\"https:\\\/\\\/jornaldasoficinas.com\\\/pt\\\/sinnek-promete-revolucionar-tempos-de-secagem-com-ac-1650\\\/#breadcrumb\"},\"inLanguage\":\"pt-PT\",\"potentialAction\":[{\"@type\":\"ReadAction\",\"target\":[\"https:\\\/\\\/jornaldasoficinas.com\\\/pt\\\/sinnek-promete-revolucionar-tempos-de-secagem-com-ac-1650\\\/\"]}]},{\"@type\":\"ImageObject\",\"inLanguage\":\"pt-PT\",\"@id\":\"https:\\\/\\\/jornaldasoficinas.com\\\/pt\\\/sinnek-promete-revolucionar-tempos-de-secagem-com-ac-1650\\\/#primaryimage\",\"url\":\"https:\\\/\\\/jornaldasoficinas.com\\\/pt\\\/wp-content\\\/uploads\\\/2025\\\/03\\\/SINNEK-promete-revolucionar-tempos-de-secagem-com-AC1650.jpg\",\"contentUrl\":\"https:\\\/\\\/jornaldasoficinas.com\\\/pt\\\/wp-content\\\/uploads\\\/2025\\\/03\\\/SINNEK-promete-revolucionar-tempos-de-secagem-com-AC1650.jpg\",\"width\":1024,\"height\":581,\"caption\":\"03 - SINNEK promete revolucionar tempos de secagem com AC1650\"},{\"@type\":\"BreadcrumbList\",\"@id\":\"https:\\\/\\\/jornaldasoficinas.com\\\/pt\\\/sinnek-promete-revolucionar-tempos-de-secagem-com-ac-1650\\\/#breadcrumb\",\"itemListElement\":[{\"@type\":\"ListItem\",\"position\":1,\"name\":\"In\u00edcio\",\"item\":\"https:\\\/\\\/jornaldasoficinas.com\\\/pt\\\/\"},{\"@type\":\"ListItem\",\"position\":2,\"name\":\"SINNEK promete revolucionar tempos de secagem com AC\\\/1650\"}]},{\"@type\":\"WebSite\",\"@id\":\"https:\\\/\\\/jornaldasoficinas.com\\\/pt\\\/#website\",\"url\":\"https:\\\/\\\/jornaldasoficinas.com\\\/pt\\\/\",\"name\":\"Jornal das Oficinas\",\"description\":\"Jornal independente do Aftermarket Autom\u00f3vel em Portugal\",\"publisher\":{\"@id\":\"https:\\\/\\\/jornaldasoficinas.com\\\/pt\\\/#organization\"},\"potentialAction\":[{\"@type\":\"SearchAction\",\"target\":{\"@type\":\"EntryPoint\",\"urlTemplate\":\"https:\\\/\\\/jornaldasoficinas.com\\\/pt\\\/?s={search_term_string}\"},\"query-input\":{\"@type\":\"PropertyValueSpecification\",\"valueRequired\":true,\"valueName\":\"search_term_string\"}}],\"inLanguage\":\"pt-PT\"},{\"@type\":\"Organization\",\"@id\":\"https:\\\/\\\/jornaldasoficinas.com\\\/pt\\\/#organization\",\"name\":\"Jornal das Oficinas\",\"url\":\"https:\\\/\\\/jornaldasoficinas.com\\\/pt\\\/\",\"logo\":{\"@type\":\"ImageObject\",\"inLanguage\":\"pt-PT\",\"@id\":\"https:\\\/\\\/jornaldasoficinas.com\\\/pt\\\/#\\\/schema\\\/logo\\\/image\\\/\",\"url\":\"https:\\\/\\\/jornaldasoficinas.com\\\/pt\\\/wp-content\\\/uploads\\\/logoJO-SEO.png\",\"contentUrl\":\"https:\\\/\\\/jornaldasoficinas.com\\\/pt\\\/wp-content\\\/uploads\\\/logoJO-SEO.png\",\"width\":285,\"height\":450,\"caption\":\"Jornal das Oficinas\"},\"image\":{\"@id\":\"https:\\\/\\\/jornaldasoficinas.com\\\/pt\\\/#\\\/schema\\\/logo\\\/image\\\/\"},\"sameAs\":[\"https:\\\/\\\/www.facebook.com\\\/jornaloficinas\",\"https:\\\/\\\/x.com\\\/jornaloficinas\",\"https:\\\/\\\/www.instagram.com\\\/jornal_oficinas\\\/\",\"https:\\\/\\\/www.linkedin.com\\\/company\\\/jornal-das-oficinas\\\/\",\"https:\\\/\\\/www.youtube.com\\\/channel\\\/UCbQZBqtcvV-oSQrr7RzINGg\"]},{\"@type\":\"Person\",\"@id\":\"https:\\\/\\\/jornaldasoficinas.com\\\/pt\\\/#\\\/schema\\\/person\\\/a38eef5de2c41d9e7c9ac10141afddf3\",\"name\":\"Reda\u00e7\u00e3o JO\",\"image\":{\"@type\":\"ImageObject\",\"inLanguage\":\"pt-PT\",\"@id\":\"https:\\\/\\\/secure.gravatar.com\\\/avatar\\\/71f2fa71737ad68a84fea94bc708ddac8ea5b0c4788dc2ad202f3ccb2887742f?s=96&d=wp_user_avatar&r=g\",\"url\":\"https:\\\/\\\/secure.gravatar.com\\\/avatar\\\/71f2fa71737ad68a84fea94bc708ddac8ea5b0c4788dc2ad202f3ccb2887742f?s=96&d=wp_user_avatar&r=g\",\"contentUrl\":\"https:\\\/\\\/secure.gravatar.com\\\/avatar\\\/71f2fa71737ad68a84fea94bc708ddac8ea5b0c4788dc2ad202f3ccb2887742f?s=96&d=wp_user_avatar&r=g\",\"caption\":\"Reda\u00e7\u00e3o JO\"},\"url\":\"https:\\\/\\\/jornaldasoficinas.com\\\/pt\\\/author\\\/joredacao\\\/\"}]}<\/script>\n<!-- \/ Yoast SEO plugin. -->","yoast_head_json":{"title":"SINNEK promete revolucionar tempos de secagem com AC\/1650 - Jornal das Oficinas","description":"O aditivo acelerador AC\/1650 da SINNEK foi concebido para otimizar a produtividade nas oficinas de carro\u00e7aria, reduzindo os tempos de secagem","robots":{"index":"index","follow":"follow","max-snippet":"max-snippet:-1","max-image-preview":"max-image-preview:large","max-video-preview":"max-video-preview:-1"},"canonical":"https:\/\/jornaldasoficinas.com\/pt\/sinnek-promete-revolucionar-tempos-de-secagem-com-ac-1650\/","og_locale":"pt_PT","og_type":"article","og_title":"SINNEK promete revolucionar tempos de secagem com AC\/1650 - Jornal das Oficinas","og_description":"O aditivo acelerador AC\/1650 da SINNEK foi concebido para otimizar a produtividade nas oficinas de carro\u00e7aria, reduzindo os tempos de secagem","og_url":"https:\/\/jornaldasoficinas.com\/pt\/sinnek-promete-revolucionar-tempos-de-secagem-com-ac-1650\/","og_site_name":"Jornal das Oficinas","article_publisher":"https:\/\/www.facebook.com\/jornaloficinas","article_published_time":"2025-03-26T12:30:20+00:00","og_image":[{"width":1024,"height":581,"url":"https:\/\/jornaldasoficinas.com\/pt\/wp-content\/uploads\/2025\/03\/SINNEK-promete-revolucionar-tempos-de-secagem-com-AC1650.jpg","type":"image\/jpeg"}],"author":"Reda\u00e7\u00e3o JO","twitter_card":"summary_large_image","twitter_creator":"@jornaloficinas","twitter_site":"@jornaloficinas","twitter_misc":{"Escrito por":"Reda\u00e7\u00e3o JO","Tempo estimado de leitura":"3 minutos"},"schema":{"@context":"https:\/\/schema.org","@graph":[{"@type":"Article","@id":"https:\/\/jornaldasoficinas.com\/pt\/sinnek-promete-revolucionar-tempos-de-secagem-com-ac-1650\/#article","isPartOf":{"@id":"https:\/\/jornaldasoficinas.com\/pt\/sinnek-promete-revolucionar-tempos-de-secagem-com-ac-1650\/"},"author":{"name":"Reda\u00e7\u00e3o JO","@id":"https:\/\/jornaldasoficinas.com\/pt\/#\/schema\/person\/a38eef5de2c41d9e7c9ac10141afddf3"},"headline":"SINNEK promete revolucionar tempos de secagem com AC\/1650","datePublished":"2025-03-26T12:30:20+00:00","mainEntityOfPage":{"@id":"https:\/\/jornaldasoficinas.com\/pt\/sinnek-promete-revolucionar-tempos-de-secagem-com-ac-1650\/"},"wordCount":324,"publisher":{"@id":"https:\/\/jornaldasoficinas.com\/pt\/#organization"},"image":{"@id":"https:\/\/jornaldasoficinas.com\/pt\/sinnek-promete-revolucionar-tempos-de-secagem-com-ac-1650\/#primaryimage"},"thumbnailUrl":"https:\/\/jornaldasoficinas.com\/pt\/wp-content\/uploads\/2025\/03\/SINNEK-promete-revolucionar-tempos-de-secagem-com-AC1650.jpg","keywords":["aditivo acelerador","lan\u00e7amento","novidade","Oficinas","PUR AC\/1650","Rentabilidade","SINNEK","tempos de secagem"],"articleSection":["Repintura"],"inLanguage":"pt-PT"},{"@type":"WebPage","@id":"https:\/\/jornaldasoficinas.com\/pt\/sinnek-promete-revolucionar-tempos-de-secagem-com-ac-1650\/","url":"https:\/\/jornaldasoficinas.com\/pt\/sinnek-promete-revolucionar-tempos-de-secagem-com-ac-1650\/","name":"SINNEK promete revolucionar tempos de secagem com AC\/1650 - Jornal das Oficinas","isPartOf":{"@id":"https:\/\/jornaldasoficinas.com\/pt\/#website"},"primaryImageOfPage":{"@id":"https:\/\/jornaldasoficinas.com\/pt\/sinnek-promete-revolucionar-tempos-de-secagem-com-ac-1650\/#primaryimage"},"image":{"@id":"https:\/\/jornaldasoficinas.com\/pt\/sinnek-promete-revolucionar-tempos-de-secagem-com-ac-1650\/#primaryimage"},"thumbnailUrl":"https:\/\/jornaldasoficinas.com\/pt\/wp-content\/uploads\/2025\/03\/SINNEK-promete-revolucionar-tempos-de-secagem-com-AC1650.jpg","datePublished":"2025-03-26T12:30:20+00:00","description":"O aditivo acelerador AC\/1650 da SINNEK foi concebido para otimizar a produtividade nas oficinas de carro\u00e7aria, reduzindo os tempos de secagem","breadcrumb":{"@id":"https:\/\/jornaldasoficinas.com\/pt\/sinnek-promete-revolucionar-tempos-de-secagem-com-ac-1650\/#breadcrumb"},"inLanguage":"pt-PT","potentialAction":[{"@type":"ReadAction","target":["https:\/\/jornaldasoficinas.com\/pt\/sinnek-promete-revolucionar-tempos-de-secagem-com-ac-1650\/"]}]},{"@type":"ImageObject","inLanguage":"pt-PT","@id":"https:\/\/jornaldasoficinas.com\/pt\/sinnek-promete-revolucionar-tempos-de-secagem-com-ac-1650\/#primaryimage","url":"https:\/\/jornaldasoficinas.com\/pt\/wp-content\/uploads\/2025\/03\/SINNEK-promete-revolucionar-tempos-de-secagem-com-AC1650.jpg","contentUrl":"https:\/\/jornaldasoficinas.com\/pt\/wp-content\/uploads\/2025\/03\/SINNEK-promete-revolucionar-tempos-de-secagem-com-AC1650.jpg","width":1024,"height":581,"caption":"03 - SINNEK promete revolucionar tempos de secagem com AC1650"},{"@type":"BreadcrumbList","@id":"https:\/\/jornaldasoficinas.com\/pt\/sinnek-promete-revolucionar-tempos-de-secagem-com-ac-1650\/#breadcrumb","itemListElement":[{"@type":"ListItem","position":1,"name":"In\u00edcio","item":"https:\/\/jornaldasoficinas.com\/pt\/"},{"@type":"ListItem","position":2,"name":"SINNEK promete revolucionar tempos de secagem com AC\/1650"}]},{"@type":"WebSite","@id":"https:\/\/jornaldasoficinas.com\/pt\/#website","url":"https:\/\/jornaldasoficinas.com\/pt\/","name":"Jornal das Oficinas","description":"Jornal independente do Aftermarket Autom\u00f3vel em Portugal","publisher":{"@id":"https:\/\/jornaldasoficinas.com\/pt\/#organization"},"potentialAction":[{"@type":"SearchAction","target":{"@type":"EntryPoint","urlTemplate":"https:\/\/jornaldasoficinas.com\/pt\/?s={search_term_string}"},"query-input":{"@type":"PropertyValueSpecification","valueRequired":true,"valueName":"search_term_string"}}],"inLanguage":"pt-PT"},{"@type":"Organization","@id":"https:\/\/jornaldasoficinas.com\/pt\/#organization","name":"Jornal das Oficinas","url":"https:\/\/jornaldasoficinas.com\/pt\/","logo":{"@type":"ImageObject","inLanguage":"pt-PT","@id":"https:\/\/jornaldasoficinas.com\/pt\/#\/schema\/logo\/image\/","url":"https:\/\/jornaldasoficinas.com\/pt\/wp-content\/uploads\/logoJO-SEO.png","contentUrl":"https:\/\/jornaldasoficinas.com\/pt\/wp-content\/uploads\/logoJO-SEO.png","width":285,"height":450,"caption":"Jornal das Oficinas"},"image":{"@id":"https:\/\/jornaldasoficinas.com\/pt\/#\/schema\/logo\/image\/"},"sameAs":["https:\/\/www.facebook.com\/jornaloficinas","https:\/\/x.com\/jornaloficinas","https:\/\/www.instagram.com\/jornal_oficinas\/","https:\/\/www.linkedin.com\/company\/jornal-das-oficinas\/","https:\/\/www.youtube.com\/channel\/UCbQZBqtcvV-oSQrr7RzINGg"]},{"@type":"Person","@id":"https:\/\/jornaldasoficinas.com\/pt\/#\/schema\/person\/a38eef5de2c41d9e7c9ac10141afddf3","name":"Reda\u00e7\u00e3o JO","image":{"@type":"ImageObject","inLanguage":"pt-PT","@id":"https:\/\/secure.gravatar.com\/avatar\/71f2fa71737ad68a84fea94bc708ddac8ea5b0c4788dc2ad202f3ccb2887742f?s=96&d=wp_user_avatar&r=g","url":"https:\/\/secure.gravatar.com\/avatar\/71f2fa71737ad68a84fea94bc708ddac8ea5b0c4788dc2ad202f3ccb2887742f?s=96&d=wp_user_avatar&r=g","contentUrl":"https:\/\/secure.gravatar.com\/avatar\/71f2fa71737ad68a84fea94bc708ddac8ea5b0c4788dc2ad202f3ccb2887742f?s=96&d=wp_user_avatar&r=g","caption":"Reda\u00e7\u00e3o JO"},"url":"https:\/\/jornaldasoficinas.com\/pt\/author\/joredacao\/"}]}},"_links":{"self":[{"href":"https:\/\/jornaldasoficinas.com\/pt\/wp-json\/wp\/v2\/posts\/99403","targetHints":{"allow":["GET"]}}],"collection":[{"href":"https:\/\/jornaldasoficinas.com\/pt\/wp-json\/wp\/v2\/posts"}],"about":[{"href":"https:\/\/jornaldasoficinas.com\/pt\/wp-json\/wp\/v2\/types\/post"}],"author":[{"embeddable":true,"href":"https:\/\/jornaldasoficinas.com\/pt\/wp-json\/wp\/v2\/users\/15"}],"replies":[{"embeddable":true,"href":"https:\/\/jornaldasoficinas.com\/pt\/wp-json\/wp\/v2\/comments?post=99403"}],"version-history":[{"count":3,"href":"https:\/\/jornaldasoficinas.com\/pt\/wp-json\/wp\/v2\/posts\/99403\/revisions"}],"predecessor-version":[{"id":99407,"href":"https:\/\/jornaldasoficinas.com\/pt\/wp-json\/wp\/v2\/posts\/99403\/revisions\/99407"}],"wp:featuredmedia":[{"embeddable":true,"href":"https:\/\/jornaldasoficinas.com\/pt\/wp-json\/wp\/v2\/media\/99406"}],"wp:attachment":[{"href":"https:\/\/jornaldasoficinas.com\/pt\/wp-json\/wp\/v2\/media?parent=99403"}],"wp:term":[{"taxonomy":"category","embeddable":true,"href":"https:\/\/jornaldasoficinas.com\/pt\/wp-json\/wp\/v2\/categories?post=99403"},{"taxonomy":"post_tag","embeddable":true,"href":"https:\/\/jornaldasoficinas.com\/pt\/wp-json\/wp\/v2\/tags?post=99403"}],"curies":[{"name":"wp","href":"https:\/\/api.w.org\/{rel}","templated":true}]}}