{"id":9945,"date":"2020-02-19T15:55:43","date_gmt":"2020-02-19T15:55:43","guid":{"rendered":"https:\/\/jornaldasoficinas.com\/pt\/?p=9945"},"modified":"2021-04-29T18:09:36","modified_gmt":"2021-04-29T17:09:36","slug":"cloyes-expande-gama-de-distribuicao-para-aplicacoes-europeias","status":"publish","type":"post","link":"https:\/\/jornaldasoficinas.com\/pt\/cloyes-expande-gama-de-distribuicao-para-aplicacoes-europeias\/","title":{"rendered":"Cloyes expande gama de distribui\u00e7\u00e3o para aplica\u00e7\u00f5es europeias"},"content":{"rendered":"<p><img loading=\"lazy\" decoding=\"async\" class=\"alignnone wp-image-9944 size-full\" src=\"https:\/\/jornaldasoficinas.com\/pt\/wp-content\/uploads\/2020\/02\/cloyestiming.png\" alt=\"02 - cloyestiming\" width=\"1024\" height=\"581\" srcset=\"https:\/\/jornaldasoficinas.com\/pt\/wp-content\/uploads\/2020\/02\/cloyestiming.png 1024w, https:\/\/jornaldasoficinas.com\/pt\/wp-content\/uploads\/2020\/02\/cloyestiming-300x170.png 300w, https:\/\/jornaldasoficinas.com\/pt\/wp-content\/uploads\/2020\/02\/cloyestiming-150x85.png 150w, https:\/\/jornaldasoficinas.com\/pt\/wp-content\/uploads\/2020\/02\/cloyestiming-768x436.png 768w\" sizes=\"auto, (max-width: 1024px) 100vw, 1024px\" \/><\/p>\n<p><strong>A empresa norte-americana l\u00edder em sistemas de transmiss\u00e3o fez saber que alargou a sua gama de produtos para ve\u00edculos europeus com a adi\u00e7\u00e3o de novos<em> kits <\/em>e componentes de distribui\u00e7\u00e3o.<\/strong><\/p>\n<p>Os novos componentes e<em> kits <\/em>de distribui\u00e7\u00e3o da Cloyes para aplica\u00e7\u00f5es em ve\u00edculos europeus oferecem cobertura para v\u00e1rias marcas, como, por exemplo, SEAT, \u0160koda, Volkswagen, Citro\u00ebn, Mercedes-Benz, smart, Toyota, Ford e Peugeot. Nos pr\u00f3ximos meses, a Cloyes tamb\u00e9m tem estado a desenvolver novos<em> kits <\/em>de distribui\u00e7\u00e3o e componentes para ve\u00edculos Audi, Fiat, BMW, Kia, Hyundai, Opel e Renault.<\/p>\n<p>&#8220;A Cloyes est\u00e1 entusiasmada em expandir a sua oferta global de produtos, sendo uma marca bem conhecida do mercado de reposi\u00e7\u00e3o norte-americano, com uma cobertura alargada para aplica\u00e7\u00f5es europeias&#8221;, disse Brian Wheeler, vice-presidente de desenvolvimento de neg\u00f3cios e <em>marketing<\/em> da Cloyes.<\/p>\n<p>&#8220;Como os neg\u00f3cios competitivos do p\u00f3s-venda na Europa e no M\u00e9dio Oriente continuam a crescer, \u00e9 vital que projetemos e revelemos produtos de distribui\u00e7\u00e3o para apoiar os clientes com base nos mercados desses continentes.<\/p>\n<p>A Cloyes oferece ao <em>aftermarket<\/em> autom\u00f3vel global uma das linhas mais completas no segmento da distribui\u00e7\u00e3o. As inova\u00e7\u00f5es recentes dos engenheiros da Cloyes levaram ao lan\u00e7amento de<em> kits <\/em>de distribui\u00e7\u00e3o com bomba de \u00e1gua e <em>kits <\/em>de distribui\u00e7\u00e3o com corrente e sistema vari\u00e1vel de abertura de v\u00e1lvulas. A Cloyes tamb\u00e9m tem uma presen\u00e7a de longa data nos neg\u00f3cios de elevada <em>performance<\/em>, tendo introduzido o original Race True Roller Timing Set, em 1970.<\/p>\n<p>&#8220;Embora o parque autom\u00f3vel da Europa e do M\u00e9dio Oriente seja diferente do norte-americano, o servi\u00e7o da Cloyes aos clientes permanecer\u00e1. As nossas equipas continuar\u00e3o a analisar dados e tend\u00eancias de mercado para fornecer pe\u00e7as confi\u00e1veis \u200b\u200be informa\u00e7\u00f5es relevantes aos pa\u00edses em que atuamos\u201d, acrescentou Brian Wheeler.<\/p>\n<p>Para mais informa\u00e7\u00f5es e visualiza\u00e7\u00e3o do cat\u00e1logo de pe\u00e7as da Cloyes, clique <a href=\"https:\/\/www.cloyes.com\/\" target=\"_blank\" rel=\"noopener noreferrer\">aqui<\/a>.<\/p>\n","protected":false},"excerpt":{"rendered":"<p>A empresa norte-americana l\u00edder em sistemas&#8230;<\/p>\n","protected":false},"author":15,"featured_media":9944,"comment_status":"closed","ping_status":"closed","sticky":false,"template":"","format":"standard","meta":{"footnotes":""},"categories":[37],"tags":[1608,205],"class_list":["post-9945","post","type-post","status-publish","format-standard","has-post-thumbnail","hentry","category-mercado","tag-cloyes","tag-distribuicao"],"yoast_head":"<!-- This site is optimized with the Yoast SEO plugin v27.5 - https:\/\/yoast.com\/product\/yoast-seo-wordpress\/ -->\n<title>Cloyes expande gama de distribui\u00e7\u00e3o para aplica\u00e7\u00f5es europeias - Jornal das Oficinas<\/title>\n<meta name=\"robots\" content=\"index, follow, max-snippet:-1, max-image-preview:large, max-video-preview:-1\" \/>\n<link rel=\"canonical\" href=\"https:\/\/jornaldasoficinas.com\/pt\/cloyes-expande-gama-de-distribuicao-para-aplicacoes-europeias\/\" \/>\n<meta property=\"og:locale\" content=\"pt_PT\" \/>\n<meta property=\"og:type\" content=\"article\" \/>\n<meta property=\"og:title\" content=\"Cloyes expande gama de distribui\u00e7\u00e3o para aplica\u00e7\u00f5es europeias - Jornal das Oficinas\" \/>\n<meta property=\"og:description\" content=\"A empresa norte-americana l\u00edder em sistemas...\" \/>\n<meta property=\"og:url\" content=\"https:\/\/jornaldasoficinas.com\/pt\/cloyes-expande-gama-de-distribuicao-para-aplicacoes-europeias\/\" \/>\n<meta property=\"og:site_name\" content=\"Jornal das Oficinas\" \/>\n<meta property=\"article:publisher\" content=\"https:\/\/www.facebook.com\/jornaloficinas\" \/>\n<meta property=\"article:published_time\" content=\"2020-02-19T15:55:43+00:00\" \/>\n<meta property=\"article:modified_time\" content=\"2021-04-29T17:09:36+00:00\" \/>\n<meta property=\"og:image\" content=\"https:\/\/jornaldasoficinas.com\/pt\/wp-content\/uploads\/2020\/02\/cloyestiming.png\" \/>\n\t<meta property=\"og:image:width\" content=\"1024\" \/>\n\t<meta property=\"og:image:height\" content=\"581\" \/>\n\t<meta property=\"og:image:type\" content=\"image\/png\" \/>\n<meta name=\"author\" content=\"Reda\u00e7\u00e3o JO\" \/>\n<meta name=\"twitter:card\" content=\"summary_large_image\" \/>\n<meta name=\"twitter:creator\" content=\"@jornaloficinas\" \/>\n<meta name=\"twitter:site\" content=\"@jornaloficinas\" \/>\n<meta name=\"twitter:label1\" content=\"Escrito por\" \/>\n\t<meta name=\"twitter:data1\" content=\"Reda\u00e7\u00e3o JO\" \/>\n\t<meta name=\"twitter:label2\" content=\"Tempo estimado de leitura\" \/>\n\t<meta name=\"twitter:data2\" content=\"2 minutos\" \/>\n<script type=\"application\/ld+json\" class=\"yoast-schema-graph\">{\"@context\":\"https:\\\/\\\/schema.org\",\"@graph\":[{\"@type\":\"Article\",\"@id\":\"https:\\\/\\\/jornaldasoficinas.com\\\/pt\\\/cloyes-expande-gama-de-distribuicao-para-aplicacoes-europeias\\\/#article\",\"isPartOf\":{\"@id\":\"https:\\\/\\\/jornaldasoficinas.com\\\/pt\\\/cloyes-expande-gama-de-distribuicao-para-aplicacoes-europeias\\\/\"},\"author\":{\"name\":\"Reda\u00e7\u00e3o JO\",\"@id\":\"https:\\\/\\\/jornaldasoficinas.com\\\/pt\\\/#\\\/schema\\\/person\\\/a38eef5de2c41d9e7c9ac10141afddf3\"},\"headline\":\"Cloyes expande gama de distribui\u00e7\u00e3o para aplica\u00e7\u00f5es europeias\",\"datePublished\":\"2020-02-19T15:55:43+00:00\",\"dateModified\":\"2021-04-29T17:09:36+00:00\",\"mainEntityOfPage\":{\"@id\":\"https:\\\/\\\/jornaldasoficinas.com\\\/pt\\\/cloyes-expande-gama-de-distribuicao-para-aplicacoes-europeias\\\/\"},\"wordCount\":348,\"publisher\":{\"@id\":\"https:\\\/\\\/jornaldasoficinas.com\\\/pt\\\/#organization\"},\"image\":{\"@id\":\"https:\\\/\\\/jornaldasoficinas.com\\\/pt\\\/cloyes-expande-gama-de-distribuicao-para-aplicacoes-europeias\\\/#primaryimage\"},\"thumbnailUrl\":\"https:\\\/\\\/jornaldasoficinas.com\\\/pt\\\/wp-content\\\/uploads\\\/2020\\\/02\\\/cloyestiming.png\",\"keywords\":[\"Cloyes\",\"Distribui\u00e7\u00e3o\"],\"articleSection\":[\"Mercado\"],\"inLanguage\":\"pt-PT\"},{\"@type\":\"WebPage\",\"@id\":\"https:\\\/\\\/jornaldasoficinas.com\\\/pt\\\/cloyes-expande-gama-de-distribuicao-para-aplicacoes-europeias\\\/\",\"url\":\"https:\\\/\\\/jornaldasoficinas.com\\\/pt\\\/cloyes-expande-gama-de-distribuicao-para-aplicacoes-europeias\\\/\",\"name\":\"Cloyes expande gama de distribui\u00e7\u00e3o para aplica\u00e7\u00f5es europeias - Jornal das Oficinas\",\"isPartOf\":{\"@id\":\"https:\\\/\\\/jornaldasoficinas.com\\\/pt\\\/#website\"},\"primaryImageOfPage\":{\"@id\":\"https:\\\/\\\/jornaldasoficinas.com\\\/pt\\\/cloyes-expande-gama-de-distribuicao-para-aplicacoes-europeias\\\/#primaryimage\"},\"image\":{\"@id\":\"https:\\\/\\\/jornaldasoficinas.com\\\/pt\\\/cloyes-expande-gama-de-distribuicao-para-aplicacoes-europeias\\\/#primaryimage\"},\"thumbnailUrl\":\"https:\\\/\\\/jornaldasoficinas.com\\\/pt\\\/wp-content\\\/uploads\\\/2020\\\/02\\\/cloyestiming.png\",\"datePublished\":\"2020-02-19T15:55:43+00:00\",\"dateModified\":\"2021-04-29T17:09:36+00:00\",\"breadcrumb\":{\"@id\":\"https:\\\/\\\/jornaldasoficinas.com\\\/pt\\\/cloyes-expande-gama-de-distribuicao-para-aplicacoes-europeias\\\/#breadcrumb\"},\"inLanguage\":\"pt-PT\",\"potentialAction\":[{\"@type\":\"ReadAction\",\"target\":[\"https:\\\/\\\/jornaldasoficinas.com\\\/pt\\\/cloyes-expande-gama-de-distribuicao-para-aplicacoes-europeias\\\/\"]}]},{\"@type\":\"ImageObject\",\"inLanguage\":\"pt-PT\",\"@id\":\"https:\\\/\\\/jornaldasoficinas.com\\\/pt\\\/cloyes-expande-gama-de-distribuicao-para-aplicacoes-europeias\\\/#primaryimage\",\"url\":\"https:\\\/\\\/jornaldasoficinas.com\\\/pt\\\/wp-content\\\/uploads\\\/2020\\\/02\\\/cloyestiming.png\",\"contentUrl\":\"https:\\\/\\\/jornaldasoficinas.com\\\/pt\\\/wp-content\\\/uploads\\\/2020\\\/02\\\/cloyestiming.png\",\"width\":1024,\"height\":581,\"caption\":\"02 - cloyestiming\"},{\"@type\":\"BreadcrumbList\",\"@id\":\"https:\\\/\\\/jornaldasoficinas.com\\\/pt\\\/cloyes-expande-gama-de-distribuicao-para-aplicacoes-europeias\\\/#breadcrumb\",\"itemListElement\":[{\"@type\":\"ListItem\",\"position\":1,\"name\":\"In\u00edcio\",\"item\":\"https:\\\/\\\/jornaldasoficinas.com\\\/pt\\\/\"},{\"@type\":\"ListItem\",\"position\":2,\"name\":\"Cloyes expande gama de distribui\u00e7\u00e3o para aplica\u00e7\u00f5es europeias\"}]},{\"@type\":\"WebSite\",\"@id\":\"https:\\\/\\\/jornaldasoficinas.com\\\/pt\\\/#website\",\"url\":\"https:\\\/\\\/jornaldasoficinas.com\\\/pt\\\/\",\"name\":\"Jornal das Oficinas\",\"description\":\"Jornal independente do Aftermarket Autom\u00f3vel em Portugal\",\"publisher\":{\"@id\":\"https:\\\/\\\/jornaldasoficinas.com\\\/pt\\\/#organization\"},\"potentialAction\":[{\"@type\":\"SearchAction\",\"target\":{\"@type\":\"EntryPoint\",\"urlTemplate\":\"https:\\\/\\\/jornaldasoficinas.com\\\/pt\\\/?s={search_term_string}\"},\"query-input\":{\"@type\":\"PropertyValueSpecification\",\"valueRequired\":true,\"valueName\":\"search_term_string\"}}],\"inLanguage\":\"pt-PT\"},{\"@type\":\"Organization\",\"@id\":\"https:\\\/\\\/jornaldasoficinas.com\\\/pt\\\/#organization\",\"name\":\"Jornal das Oficinas\",\"url\":\"https:\\\/\\\/jornaldasoficinas.com\\\/pt\\\/\",\"logo\":{\"@type\":\"ImageObject\",\"inLanguage\":\"pt-PT\",\"@id\":\"https:\\\/\\\/jornaldasoficinas.com\\\/pt\\\/#\\\/schema\\\/logo\\\/image\\\/\",\"url\":\"https:\\\/\\\/jornaldasoficinas.com\\\/pt\\\/wp-content\\\/uploads\\\/logoJO-SEO.png\",\"contentUrl\":\"https:\\\/\\\/jornaldasoficinas.com\\\/pt\\\/wp-content\\\/uploads\\\/logoJO-SEO.png\",\"width\":285,\"height\":450,\"caption\":\"Jornal das Oficinas\"},\"image\":{\"@id\":\"https:\\\/\\\/jornaldasoficinas.com\\\/pt\\\/#\\\/schema\\\/logo\\\/image\\\/\"},\"sameAs\":[\"https:\\\/\\\/www.facebook.com\\\/jornaloficinas\",\"https:\\\/\\\/x.com\\\/jornaloficinas\",\"https:\\\/\\\/www.instagram.com\\\/jornal_oficinas\\\/\",\"https:\\\/\\\/www.linkedin.com\\\/company\\\/jornal-das-oficinas\\\/\",\"https:\\\/\\\/www.youtube.com\\\/channel\\\/UCbQZBqtcvV-oSQrr7RzINGg\"]},{\"@type\":\"Person\",\"@id\":\"https:\\\/\\\/jornaldasoficinas.com\\\/pt\\\/#\\\/schema\\\/person\\\/a38eef5de2c41d9e7c9ac10141afddf3\",\"name\":\"Reda\u00e7\u00e3o JO\",\"image\":{\"@type\":\"ImageObject\",\"inLanguage\":\"pt-PT\",\"@id\":\"https:\\\/\\\/secure.gravatar.com\\\/avatar\\\/71f2fa71737ad68a84fea94bc708ddac8ea5b0c4788dc2ad202f3ccb2887742f?s=96&d=wp_user_avatar&r=g\",\"url\":\"https:\\\/\\\/secure.gravatar.com\\\/avatar\\\/71f2fa71737ad68a84fea94bc708ddac8ea5b0c4788dc2ad202f3ccb2887742f?s=96&d=wp_user_avatar&r=g\",\"contentUrl\":\"https:\\\/\\\/secure.gravatar.com\\\/avatar\\\/71f2fa71737ad68a84fea94bc708ddac8ea5b0c4788dc2ad202f3ccb2887742f?s=96&d=wp_user_avatar&r=g\",\"caption\":\"Reda\u00e7\u00e3o JO\"},\"url\":\"https:\\\/\\\/jornaldasoficinas.com\\\/pt\\\/author\\\/joredacao\\\/\"}]}<\/script>\n<!-- \/ Yoast SEO plugin. -->","yoast_head_json":{"title":"Cloyes expande gama de distribui\u00e7\u00e3o para aplica\u00e7\u00f5es europeias - Jornal das Oficinas","robots":{"index":"index","follow":"follow","max-snippet":"max-snippet:-1","max-image-preview":"max-image-preview:large","max-video-preview":"max-video-preview:-1"},"canonical":"https:\/\/jornaldasoficinas.com\/pt\/cloyes-expande-gama-de-distribuicao-para-aplicacoes-europeias\/","og_locale":"pt_PT","og_type":"article","og_title":"Cloyes expande gama de distribui\u00e7\u00e3o para aplica\u00e7\u00f5es europeias - Jornal das Oficinas","og_description":"A empresa norte-americana l\u00edder em sistemas...","og_url":"https:\/\/jornaldasoficinas.com\/pt\/cloyes-expande-gama-de-distribuicao-para-aplicacoes-europeias\/","og_site_name":"Jornal das Oficinas","article_publisher":"https:\/\/www.facebook.com\/jornaloficinas","article_published_time":"2020-02-19T15:55:43+00:00","article_modified_time":"2021-04-29T17:09:36+00:00","og_image":[{"width":1024,"height":581,"url":"https:\/\/jornaldasoficinas.com\/pt\/wp-content\/uploads\/2020\/02\/cloyestiming.png","type":"image\/png"}],"author":"Reda\u00e7\u00e3o JO","twitter_card":"summary_large_image","twitter_creator":"@jornaloficinas","twitter_site":"@jornaloficinas","twitter_misc":{"Escrito por":"Reda\u00e7\u00e3o JO","Tempo estimado de leitura":"2 minutos"},"schema":{"@context":"https:\/\/schema.org","@graph":[{"@type":"Article","@id":"https:\/\/jornaldasoficinas.com\/pt\/cloyes-expande-gama-de-distribuicao-para-aplicacoes-europeias\/#article","isPartOf":{"@id":"https:\/\/jornaldasoficinas.com\/pt\/cloyes-expande-gama-de-distribuicao-para-aplicacoes-europeias\/"},"author":{"name":"Reda\u00e7\u00e3o JO","@id":"https:\/\/jornaldasoficinas.com\/pt\/#\/schema\/person\/a38eef5de2c41d9e7c9ac10141afddf3"},"headline":"Cloyes expande gama de distribui\u00e7\u00e3o para aplica\u00e7\u00f5es europeias","datePublished":"2020-02-19T15:55:43+00:00","dateModified":"2021-04-29T17:09:36+00:00","mainEntityOfPage":{"@id":"https:\/\/jornaldasoficinas.com\/pt\/cloyes-expande-gama-de-distribuicao-para-aplicacoes-europeias\/"},"wordCount":348,"publisher":{"@id":"https:\/\/jornaldasoficinas.com\/pt\/#organization"},"image":{"@id":"https:\/\/jornaldasoficinas.com\/pt\/cloyes-expande-gama-de-distribuicao-para-aplicacoes-europeias\/#primaryimage"},"thumbnailUrl":"https:\/\/jornaldasoficinas.com\/pt\/wp-content\/uploads\/2020\/02\/cloyestiming.png","keywords":["Cloyes","Distribui\u00e7\u00e3o"],"articleSection":["Mercado"],"inLanguage":"pt-PT"},{"@type":"WebPage","@id":"https:\/\/jornaldasoficinas.com\/pt\/cloyes-expande-gama-de-distribuicao-para-aplicacoes-europeias\/","url":"https:\/\/jornaldasoficinas.com\/pt\/cloyes-expande-gama-de-distribuicao-para-aplicacoes-europeias\/","name":"Cloyes expande gama de distribui\u00e7\u00e3o para aplica\u00e7\u00f5es europeias - Jornal das Oficinas","isPartOf":{"@id":"https:\/\/jornaldasoficinas.com\/pt\/#website"},"primaryImageOfPage":{"@id":"https:\/\/jornaldasoficinas.com\/pt\/cloyes-expande-gama-de-distribuicao-para-aplicacoes-europeias\/#primaryimage"},"image":{"@id":"https:\/\/jornaldasoficinas.com\/pt\/cloyes-expande-gama-de-distribuicao-para-aplicacoes-europeias\/#primaryimage"},"thumbnailUrl":"https:\/\/jornaldasoficinas.com\/pt\/wp-content\/uploads\/2020\/02\/cloyestiming.png","datePublished":"2020-02-19T15:55:43+00:00","dateModified":"2021-04-29T17:09:36+00:00","breadcrumb":{"@id":"https:\/\/jornaldasoficinas.com\/pt\/cloyes-expande-gama-de-distribuicao-para-aplicacoes-europeias\/#breadcrumb"},"inLanguage":"pt-PT","potentialAction":[{"@type":"ReadAction","target":["https:\/\/jornaldasoficinas.com\/pt\/cloyes-expande-gama-de-distribuicao-para-aplicacoes-europeias\/"]}]},{"@type":"ImageObject","inLanguage":"pt-PT","@id":"https:\/\/jornaldasoficinas.com\/pt\/cloyes-expande-gama-de-distribuicao-para-aplicacoes-europeias\/#primaryimage","url":"https:\/\/jornaldasoficinas.com\/pt\/wp-content\/uploads\/2020\/02\/cloyestiming.png","contentUrl":"https:\/\/jornaldasoficinas.com\/pt\/wp-content\/uploads\/2020\/02\/cloyestiming.png","width":1024,"height":581,"caption":"02 - cloyestiming"},{"@type":"BreadcrumbList","@id":"https:\/\/jornaldasoficinas.com\/pt\/cloyes-expande-gama-de-distribuicao-para-aplicacoes-europeias\/#breadcrumb","itemListElement":[{"@type":"ListItem","position":1,"name":"In\u00edcio","item":"https:\/\/jornaldasoficinas.com\/pt\/"},{"@type":"ListItem","position":2,"name":"Cloyes expande gama de distribui\u00e7\u00e3o para aplica\u00e7\u00f5es europeias"}]},{"@type":"WebSite","@id":"https:\/\/jornaldasoficinas.com\/pt\/#website","url":"https:\/\/jornaldasoficinas.com\/pt\/","name":"Jornal das Oficinas","description":"Jornal independente do Aftermarket Autom\u00f3vel em Portugal","publisher":{"@id":"https:\/\/jornaldasoficinas.com\/pt\/#organization"},"potentialAction":[{"@type":"SearchAction","target":{"@type":"EntryPoint","urlTemplate":"https:\/\/jornaldasoficinas.com\/pt\/?s={search_term_string}"},"query-input":{"@type":"PropertyValueSpecification","valueRequired":true,"valueName":"search_term_string"}}],"inLanguage":"pt-PT"},{"@type":"Organization","@id":"https:\/\/jornaldasoficinas.com\/pt\/#organization","name":"Jornal das Oficinas","url":"https:\/\/jornaldasoficinas.com\/pt\/","logo":{"@type":"ImageObject","inLanguage":"pt-PT","@id":"https:\/\/jornaldasoficinas.com\/pt\/#\/schema\/logo\/image\/","url":"https:\/\/jornaldasoficinas.com\/pt\/wp-content\/uploads\/logoJO-SEO.png","contentUrl":"https:\/\/jornaldasoficinas.com\/pt\/wp-content\/uploads\/logoJO-SEO.png","width":285,"height":450,"caption":"Jornal das Oficinas"},"image":{"@id":"https:\/\/jornaldasoficinas.com\/pt\/#\/schema\/logo\/image\/"},"sameAs":["https:\/\/www.facebook.com\/jornaloficinas","https:\/\/x.com\/jornaloficinas","https:\/\/www.instagram.com\/jornal_oficinas\/","https:\/\/www.linkedin.com\/company\/jornal-das-oficinas\/","https:\/\/www.youtube.com\/channel\/UCbQZBqtcvV-oSQrr7RzINGg"]},{"@type":"Person","@id":"https:\/\/jornaldasoficinas.com\/pt\/#\/schema\/person\/a38eef5de2c41d9e7c9ac10141afddf3","name":"Reda\u00e7\u00e3o JO","image":{"@type":"ImageObject","inLanguage":"pt-PT","@id":"https:\/\/secure.gravatar.com\/avatar\/71f2fa71737ad68a84fea94bc708ddac8ea5b0c4788dc2ad202f3ccb2887742f?s=96&d=wp_user_avatar&r=g","url":"https:\/\/secure.gravatar.com\/avatar\/71f2fa71737ad68a84fea94bc708ddac8ea5b0c4788dc2ad202f3ccb2887742f?s=96&d=wp_user_avatar&r=g","contentUrl":"https:\/\/secure.gravatar.com\/avatar\/71f2fa71737ad68a84fea94bc708ddac8ea5b0c4788dc2ad202f3ccb2887742f?s=96&d=wp_user_avatar&r=g","caption":"Reda\u00e7\u00e3o JO"},"url":"https:\/\/jornaldasoficinas.com\/pt\/author\/joredacao\/"}]}},"_links":{"self":[{"href":"https:\/\/jornaldasoficinas.com\/pt\/wp-json\/wp\/v2\/posts\/9945","targetHints":{"allow":["GET"]}}],"collection":[{"href":"https:\/\/jornaldasoficinas.com\/pt\/wp-json\/wp\/v2\/posts"}],"about":[{"href":"https:\/\/jornaldasoficinas.com\/pt\/wp-json\/wp\/v2\/types\/post"}],"author":[{"embeddable":true,"href":"https:\/\/jornaldasoficinas.com\/pt\/wp-json\/wp\/v2\/users\/15"}],"replies":[{"embeddable":true,"href":"https:\/\/jornaldasoficinas.com\/pt\/wp-json\/wp\/v2\/comments?post=9945"}],"version-history":[{"count":0,"href":"https:\/\/jornaldasoficinas.com\/pt\/wp-json\/wp\/v2\/posts\/9945\/revisions"}],"wp:featuredmedia":[{"embeddable":true,"href":"https:\/\/jornaldasoficinas.com\/pt\/wp-json\/wp\/v2\/media\/9944"}],"wp:attachment":[{"href":"https:\/\/jornaldasoficinas.com\/pt\/wp-json\/wp\/v2\/media?parent=9945"}],"wp:term":[{"taxonomy":"category","embeddable":true,"href":"https:\/\/jornaldasoficinas.com\/pt\/wp-json\/wp\/v2\/categories?post=9945"},{"taxonomy":"post_tag","embeddable":true,"href":"https:\/\/jornaldasoficinas.com\/pt\/wp-json\/wp\/v2\/tags?post=9945"}],"curies":[{"name":"wp","href":"https:\/\/api.w.org\/{rel}","templated":true}]}}