{"id":99475,"date":"2025-03-28T08:00:42","date_gmt":"2025-03-28T08:00:42","guid":{"rendered":"https:\/\/jornaldasoficinas.com\/pt\/?p=99475"},"modified":"2025-04-27T11:07:13","modified_gmt":"2025-04-27T10:07:13","slug":"ppg-apresenta-solucoes-digitais-e-sustentaveis-na-motortec-2025","status":"publish","type":"post","link":"https:\/\/jornaldasoficinas.com\/pt\/ppg-apresenta-solucoes-digitais-e-sustentaveis-na-motortec-2025\/","title":{"rendered":"PPG apresenta solu\u00e7\u00f5es digitais e sustent\u00e1veis na Motortec 2025"},"content":{"rendered":"<p><strong><img loading=\"lazy\" decoding=\"async\" class=\"alignnone size-full wp-image-99479\" src=\"https:\/\/jornaldasoficinas.com\/pt\/wp-content\/uploads\/2025\/03\/PPG-apresenta-solucoes-digitais-e-sustentaveis-na-Motortec-2025.png\" alt=\"03 - PPG apresenta solucoes digitais e sustentaveis na Motortec 2025\" width=\"1024\" height=\"581\" srcset=\"https:\/\/jornaldasoficinas.com\/pt\/wp-content\/uploads\/2025\/03\/PPG-apresenta-solucoes-digitais-e-sustentaveis-na-Motortec-2025.png 1024w, https:\/\/jornaldasoficinas.com\/pt\/wp-content\/uploads\/2025\/03\/PPG-apresenta-solucoes-digitais-e-sustentaveis-na-Motortec-2025-300x170.png 300w, https:\/\/jornaldasoficinas.com\/pt\/wp-content\/uploads\/2025\/03\/PPG-apresenta-solucoes-digitais-e-sustentaveis-na-Motortec-2025-150x85.png 150w, https:\/\/jornaldasoficinas.com\/pt\/wp-content\/uploads\/2025\/03\/PPG-apresenta-solucoes-digitais-e-sustentaveis-na-Motortec-2025-768x436.png 768w\" sizes=\"auto, (max-width: 1024px) 100vw, 1024px\" \/><\/strong><\/p>\n<p><strong>A<a href=\"https:\/\/pt.ppgrefinish.com\/\" target=\"_blank\" rel=\"noopener\"> PPG<\/a> estar\u00e1 na <a href=\"https:\/\/www.ifema.es\/\" target=\"_blank\" rel=\"noopener\">Motortec 2025<\/a> para apresentar as suas solu\u00e7\u00f5es avan\u00e7adas em digitaliza\u00e7\u00e3o e sustentabilidade para oficinas de bate-chapa e pintura, incluindo ferramentas digitais como o PPG LINQ e solu\u00e7\u00f5es que reduzem o impacto ambiental<\/strong><\/p>\n<p>A PPG, especialista mundial em tecnologias de revestimento para a ind\u00fastria autom\u00f3vel, estar\u00e1 presente pela primeira vez na Motortec 2025, a maior feira do setor autom\u00f3vel e de aftermarket do sul da Europa, que decorrer\u00e1 de 23 a 26 de abril de 2025 na IFEMA Madrid.<\/p>\n<p>Durante o evento, os visitantes do stand da PPG (Hall 4 \u2013 Stands 4B27 e 4B29) ter\u00e3o a oportunidade de conhecer em primeira m\u00e3o as solu\u00e7\u00f5es digitais e as tecnologias sustent\u00e1veis que a empresa est\u00e1 a apresentar para as oficinas de bate-chapa e pintura. O foco estar\u00e1 no conceito &#8220;O Poder da Inova\u00e7\u00e3o&#8221;, com solu\u00e7\u00f5es que otimizam processos e melhoram a efici\u00eancia das oficinas.<\/p>\n<p><strong>Ferramentas digitais avan\u00e7adas<\/strong><\/p>\n<p>Os visitantes v\u00e3o poder experimentar o PPG LINQ, um ecossistema digital que oferece ferramentas como o PPG LINQ Color (software de cor digital) e o PPG MagicBox, um dispositivo que facilita a liga\u00e7\u00e3o da sala de mistura \u00e0 oficina, eliminando a necessidade de computadores na \u00e1rea de trabalho. Al\u00e9m disso, a MoonVan, equipada com uma unidade funcional da m\u00e1quina de mistura automatizada de tinta MOONWALK, estar\u00e1 no stand da PPG, permitindo que as oficinas vejam a tecnologia em funcionamento.<\/p>\n<p><strong>Tecnologias sustent\u00e1veis<\/strong><\/p>\n<p>A PPG tamb\u00e9m apresentar\u00e1 novos produtos e processos que promovem a sustentabilidade nas repara\u00e7\u00f5es de carro\u00e7arias, com solu\u00e7\u00f5es como a secagem ao ar, que melhora os tempos de repara\u00e7\u00e3o, reduz a necessidade de altas temperaturas e diminui as emiss\u00f5es de carbono. Essas inova\u00e7\u00f5es resultam em ciclos de repara\u00e7\u00e3o mais r\u00e1pidos e economias de energia significativas, tornando as opera\u00e7\u00f5es mais eficientes e ecol\u00f3gicas.<\/p>\n<p><strong>Intera\u00e7\u00e3o com especialistas<\/strong><\/p>\n<p>Al\u00e9m disso, os profissionais da ind\u00fastria ter\u00e3o a oportunidade de interagir diretamente com especialistas da PPG, que ajudar\u00e3o a avaliar e otimizar processos, com foco na rentabilidade e sustentabilidade das opera\u00e7\u00f5es de repintura. A Rede CertifiedFirst Espanha, que representa a rede de especialistas em bate-chapa e pintura da PPG, tamb\u00e9m marcar\u00e1 presen\u00e7a na feira oferecendo recursos exclusivos.<\/p>\n<p><strong>Compromisso com a inova\u00e7\u00e3o e a sustentabilidade<\/strong><\/p>\n<p>Beatriz Santamar\u00eda, marketing operations manager Iberia da PPG, afirmou: &#8220;Estamos entusiasmados com a nossa estreia na Motortec, trazendo as mais avan\u00e7adas solu\u00e7\u00f5es tecnol\u00f3gicas para ajudar as oficinas a tornarem-se cada vez mais eficientes, sustent\u00e1veis e rent\u00e1veis&#8221;.<\/p>\n","protected":false},"excerpt":{"rendered":"<p>A PPG estar\u00e1 na Motortec 2025&#8230;<\/p>\n","protected":false},"author":15,"featured_media":99479,"comment_status":"closed","ping_status":"closed","sticky":false,"template":"","format":"standard","meta":{"footnotes":""},"categories":[29,2840],"tags":[12282,11455,386,606,12283,3998,12281],"class_list":["post-99475","post","type-post","status-publish","format-standard","has-post-thumbnail","hentry","category-empresas","category-motortec","tag-estreia","tag-motortec-2025","tag-oficinas","tag-ppg","tag-presenca-de-especialistas","tag-solucoes-digitais","tag-tecnologias-sustentaveis"],"yoast_head":"<!-- This site is optimized with the Yoast SEO plugin v27.5 - https:\/\/yoast.com\/product\/yoast-seo-wordpress\/ -->\n<title>PPG apresenta solu\u00e7\u00f5es digitais e sustent\u00e1veis na Motortec 2025 - Jornal das Oficinas<\/title>\n<meta name=\"description\" content=\"A PPG estar\u00e1 na Motortec para apresentar as suas solu\u00e7\u00f5es avan\u00e7adas em digitaliza\u00e7\u00e3o e sustentabilidade para oficinas de bate-chapa e pintura\" \/>\n<meta name=\"robots\" content=\"index, follow, max-snippet:-1, max-image-preview:large, max-video-preview:-1\" \/>\n<link rel=\"canonical\" href=\"https:\/\/jornaldasoficinas.com\/pt\/ppg-apresenta-solucoes-digitais-e-sustentaveis-na-motortec-2025\/\" \/>\n<meta property=\"og:locale\" content=\"pt_PT\" \/>\n<meta property=\"og:type\" content=\"article\" \/>\n<meta property=\"og:title\" content=\"PPG apresenta solu\u00e7\u00f5es digitais e sustent\u00e1veis na Motortec 2025 - Jornal das Oficinas\" \/>\n<meta property=\"og:description\" content=\"A PPG estar\u00e1 na Motortec para apresentar as suas solu\u00e7\u00f5es avan\u00e7adas em digitaliza\u00e7\u00e3o e sustentabilidade para oficinas de bate-chapa e pintura\" \/>\n<meta property=\"og:url\" content=\"https:\/\/jornaldasoficinas.com\/pt\/ppg-apresenta-solucoes-digitais-e-sustentaveis-na-motortec-2025\/\" \/>\n<meta property=\"og:site_name\" content=\"Jornal das Oficinas\" \/>\n<meta property=\"article:publisher\" content=\"https:\/\/www.facebook.com\/jornaloficinas\" \/>\n<meta property=\"article:published_time\" content=\"2025-03-28T08:00:42+00:00\" \/>\n<meta property=\"article:modified_time\" content=\"2025-04-27T10:07:13+00:00\" \/>\n<meta property=\"og:image\" content=\"https:\/\/jornaldasoficinas.com\/pt\/wp-content\/uploads\/2025\/03\/PPG-apresenta-solucoes-digitais-e-sustentaveis-na-Motortec-2025.png\" \/>\n\t<meta property=\"og:image:width\" content=\"1024\" \/>\n\t<meta property=\"og:image:height\" content=\"581\" \/>\n\t<meta property=\"og:image:type\" content=\"image\/png\" \/>\n<meta name=\"author\" content=\"Reda\u00e7\u00e3o JO\" \/>\n<meta name=\"twitter:card\" content=\"summary_large_image\" \/>\n<meta name=\"twitter:creator\" content=\"@jornaloficinas\" \/>\n<meta name=\"twitter:site\" content=\"@jornaloficinas\" \/>\n<meta name=\"twitter:label1\" content=\"Escrito por\" \/>\n\t<meta name=\"twitter:data1\" content=\"Reda\u00e7\u00e3o JO\" \/>\n\t<meta name=\"twitter:label2\" content=\"Tempo estimado de leitura\" \/>\n\t<meta name=\"twitter:data2\" content=\"3 minutos\" \/>\n<script type=\"application\/ld+json\" class=\"yoast-schema-graph\">{\"@context\":\"https:\\\/\\\/schema.org\",\"@graph\":[{\"@type\":\"Article\",\"@id\":\"https:\\\/\\\/jornaldasoficinas.com\\\/pt\\\/ppg-apresenta-solucoes-digitais-e-sustentaveis-na-motortec-2025\\\/#article\",\"isPartOf\":{\"@id\":\"https:\\\/\\\/jornaldasoficinas.com\\\/pt\\\/ppg-apresenta-solucoes-digitais-e-sustentaveis-na-motortec-2025\\\/\"},\"author\":{\"name\":\"Reda\u00e7\u00e3o JO\",\"@id\":\"https:\\\/\\\/jornaldasoficinas.com\\\/pt\\\/#\\\/schema\\\/person\\\/a38eef5de2c41d9e7c9ac10141afddf3\"},\"headline\":\"PPG apresenta solu\u00e7\u00f5es digitais e sustent\u00e1veis na Motortec 2025\",\"datePublished\":\"2025-03-28T08:00:42+00:00\",\"dateModified\":\"2025-04-27T10:07:13+00:00\",\"mainEntityOfPage\":{\"@id\":\"https:\\\/\\\/jornaldasoficinas.com\\\/pt\\\/ppg-apresenta-solucoes-digitais-e-sustentaveis-na-motortec-2025\\\/\"},\"wordCount\":443,\"publisher\":{\"@id\":\"https:\\\/\\\/jornaldasoficinas.com\\\/pt\\\/#organization\"},\"image\":{\"@id\":\"https:\\\/\\\/jornaldasoficinas.com\\\/pt\\\/ppg-apresenta-solucoes-digitais-e-sustentaveis-na-motortec-2025\\\/#primaryimage\"},\"thumbnailUrl\":\"https:\\\/\\\/jornaldasoficinas.com\\\/pt\\\/wp-content\\\/uploads\\\/2025\\\/03\\\/PPG-apresenta-solucoes-digitais-e-sustentaveis-na-Motortec-2025.png\",\"keywords\":[\"estreia\",\"Motortec 2025\",\"Oficinas\",\"PPG\",\"presen\u00e7a de especialistas\",\"solu\u00e7\u00f5es digitais\",\"Tecnologias sustent\u00e1veis\"],\"articleSection\":[\"Empresas\",\"Motortec\"],\"inLanguage\":\"pt-PT\"},{\"@type\":\"WebPage\",\"@id\":\"https:\\\/\\\/jornaldasoficinas.com\\\/pt\\\/ppg-apresenta-solucoes-digitais-e-sustentaveis-na-motortec-2025\\\/\",\"url\":\"https:\\\/\\\/jornaldasoficinas.com\\\/pt\\\/ppg-apresenta-solucoes-digitais-e-sustentaveis-na-motortec-2025\\\/\",\"name\":\"PPG apresenta solu\u00e7\u00f5es digitais e sustent\u00e1veis na Motortec 2025 - Jornal das Oficinas\",\"isPartOf\":{\"@id\":\"https:\\\/\\\/jornaldasoficinas.com\\\/pt\\\/#website\"},\"primaryImageOfPage\":{\"@id\":\"https:\\\/\\\/jornaldasoficinas.com\\\/pt\\\/ppg-apresenta-solucoes-digitais-e-sustentaveis-na-motortec-2025\\\/#primaryimage\"},\"image\":{\"@id\":\"https:\\\/\\\/jornaldasoficinas.com\\\/pt\\\/ppg-apresenta-solucoes-digitais-e-sustentaveis-na-motortec-2025\\\/#primaryimage\"},\"thumbnailUrl\":\"https:\\\/\\\/jornaldasoficinas.com\\\/pt\\\/wp-content\\\/uploads\\\/2025\\\/03\\\/PPG-apresenta-solucoes-digitais-e-sustentaveis-na-Motortec-2025.png\",\"datePublished\":\"2025-03-28T08:00:42+00:00\",\"dateModified\":\"2025-04-27T10:07:13+00:00\",\"description\":\"A PPG estar\u00e1 na Motortec para apresentar as suas solu\u00e7\u00f5es avan\u00e7adas em digitaliza\u00e7\u00e3o e sustentabilidade para oficinas de bate-chapa e pintura\",\"breadcrumb\":{\"@id\":\"https:\\\/\\\/jornaldasoficinas.com\\\/pt\\\/ppg-apresenta-solucoes-digitais-e-sustentaveis-na-motortec-2025\\\/#breadcrumb\"},\"inLanguage\":\"pt-PT\",\"potentialAction\":[{\"@type\":\"ReadAction\",\"target\":[\"https:\\\/\\\/jornaldasoficinas.com\\\/pt\\\/ppg-apresenta-solucoes-digitais-e-sustentaveis-na-motortec-2025\\\/\"]}]},{\"@type\":\"ImageObject\",\"inLanguage\":\"pt-PT\",\"@id\":\"https:\\\/\\\/jornaldasoficinas.com\\\/pt\\\/ppg-apresenta-solucoes-digitais-e-sustentaveis-na-motortec-2025\\\/#primaryimage\",\"url\":\"https:\\\/\\\/jornaldasoficinas.com\\\/pt\\\/wp-content\\\/uploads\\\/2025\\\/03\\\/PPG-apresenta-solucoes-digitais-e-sustentaveis-na-Motortec-2025.png\",\"contentUrl\":\"https:\\\/\\\/jornaldasoficinas.com\\\/pt\\\/wp-content\\\/uploads\\\/2025\\\/03\\\/PPG-apresenta-solucoes-digitais-e-sustentaveis-na-Motortec-2025.png\",\"width\":1024,\"height\":581,\"caption\":\"03 - PPG apresenta solucoes digitais e sustentaveis na Motortec 2025\"},{\"@type\":\"BreadcrumbList\",\"@id\":\"https:\\\/\\\/jornaldasoficinas.com\\\/pt\\\/ppg-apresenta-solucoes-digitais-e-sustentaveis-na-motortec-2025\\\/#breadcrumb\",\"itemListElement\":[{\"@type\":\"ListItem\",\"position\":1,\"name\":\"In\u00edcio\",\"item\":\"https:\\\/\\\/jornaldasoficinas.com\\\/pt\\\/\"},{\"@type\":\"ListItem\",\"position\":2,\"name\":\"PPG apresenta solu\u00e7\u00f5es digitais e sustent\u00e1veis na Motortec 2025\"}]},{\"@type\":\"WebSite\",\"@id\":\"https:\\\/\\\/jornaldasoficinas.com\\\/pt\\\/#website\",\"url\":\"https:\\\/\\\/jornaldasoficinas.com\\\/pt\\\/\",\"name\":\"Jornal das Oficinas\",\"description\":\"Jornal independente do Aftermarket Autom\u00f3vel em Portugal\",\"publisher\":{\"@id\":\"https:\\\/\\\/jornaldasoficinas.com\\\/pt\\\/#organization\"},\"potentialAction\":[{\"@type\":\"SearchAction\",\"target\":{\"@type\":\"EntryPoint\",\"urlTemplate\":\"https:\\\/\\\/jornaldasoficinas.com\\\/pt\\\/?s={search_term_string}\"},\"query-input\":{\"@type\":\"PropertyValueSpecification\",\"valueRequired\":true,\"valueName\":\"search_term_string\"}}],\"inLanguage\":\"pt-PT\"},{\"@type\":\"Organization\",\"@id\":\"https:\\\/\\\/jornaldasoficinas.com\\\/pt\\\/#organization\",\"name\":\"Jornal das Oficinas\",\"url\":\"https:\\\/\\\/jornaldasoficinas.com\\\/pt\\\/\",\"logo\":{\"@type\":\"ImageObject\",\"inLanguage\":\"pt-PT\",\"@id\":\"https:\\\/\\\/jornaldasoficinas.com\\\/pt\\\/#\\\/schema\\\/logo\\\/image\\\/\",\"url\":\"https:\\\/\\\/jornaldasoficinas.com\\\/pt\\\/wp-content\\\/uploads\\\/logoJO-SEO.png\",\"contentUrl\":\"https:\\\/\\\/jornaldasoficinas.com\\\/pt\\\/wp-content\\\/uploads\\\/logoJO-SEO.png\",\"width\":285,\"height\":450,\"caption\":\"Jornal das Oficinas\"},\"image\":{\"@id\":\"https:\\\/\\\/jornaldasoficinas.com\\\/pt\\\/#\\\/schema\\\/logo\\\/image\\\/\"},\"sameAs\":[\"https:\\\/\\\/www.facebook.com\\\/jornaloficinas\",\"https:\\\/\\\/x.com\\\/jornaloficinas\",\"https:\\\/\\\/www.instagram.com\\\/jornal_oficinas\\\/\",\"https:\\\/\\\/www.linkedin.com\\\/company\\\/jornal-das-oficinas\\\/\",\"https:\\\/\\\/www.youtube.com\\\/channel\\\/UCbQZBqtcvV-oSQrr7RzINGg\"]},{\"@type\":\"Person\",\"@id\":\"https:\\\/\\\/jornaldasoficinas.com\\\/pt\\\/#\\\/schema\\\/person\\\/a38eef5de2c41d9e7c9ac10141afddf3\",\"name\":\"Reda\u00e7\u00e3o JO\",\"image\":{\"@type\":\"ImageObject\",\"inLanguage\":\"pt-PT\",\"@id\":\"https:\\\/\\\/secure.gravatar.com\\\/avatar\\\/71f2fa71737ad68a84fea94bc708ddac8ea5b0c4788dc2ad202f3ccb2887742f?s=96&d=wp_user_avatar&r=g\",\"url\":\"https:\\\/\\\/secure.gravatar.com\\\/avatar\\\/71f2fa71737ad68a84fea94bc708ddac8ea5b0c4788dc2ad202f3ccb2887742f?s=96&d=wp_user_avatar&r=g\",\"contentUrl\":\"https:\\\/\\\/secure.gravatar.com\\\/avatar\\\/71f2fa71737ad68a84fea94bc708ddac8ea5b0c4788dc2ad202f3ccb2887742f?s=96&d=wp_user_avatar&r=g\",\"caption\":\"Reda\u00e7\u00e3o JO\"},\"url\":\"https:\\\/\\\/jornaldasoficinas.com\\\/pt\\\/author\\\/joredacao\\\/\"}]}<\/script>\n<!-- \/ Yoast SEO plugin. -->","yoast_head_json":{"title":"PPG apresenta solu\u00e7\u00f5es digitais e sustent\u00e1veis na Motortec 2025 - Jornal das Oficinas","description":"A PPG estar\u00e1 na Motortec para apresentar as suas solu\u00e7\u00f5es avan\u00e7adas em digitaliza\u00e7\u00e3o e sustentabilidade para oficinas de bate-chapa e pintura","robots":{"index":"index","follow":"follow","max-snippet":"max-snippet:-1","max-image-preview":"max-image-preview:large","max-video-preview":"max-video-preview:-1"},"canonical":"https:\/\/jornaldasoficinas.com\/pt\/ppg-apresenta-solucoes-digitais-e-sustentaveis-na-motortec-2025\/","og_locale":"pt_PT","og_type":"article","og_title":"PPG apresenta solu\u00e7\u00f5es digitais e sustent\u00e1veis na Motortec 2025 - Jornal das Oficinas","og_description":"A PPG estar\u00e1 na Motortec para apresentar as suas solu\u00e7\u00f5es avan\u00e7adas em digitaliza\u00e7\u00e3o e sustentabilidade para oficinas de bate-chapa e pintura","og_url":"https:\/\/jornaldasoficinas.com\/pt\/ppg-apresenta-solucoes-digitais-e-sustentaveis-na-motortec-2025\/","og_site_name":"Jornal das Oficinas","article_publisher":"https:\/\/www.facebook.com\/jornaloficinas","article_published_time":"2025-03-28T08:00:42+00:00","article_modified_time":"2025-04-27T10:07:13+00:00","og_image":[{"width":1024,"height":581,"url":"https:\/\/jornaldasoficinas.com\/pt\/wp-content\/uploads\/2025\/03\/PPG-apresenta-solucoes-digitais-e-sustentaveis-na-Motortec-2025.png","type":"image\/png"}],"author":"Reda\u00e7\u00e3o JO","twitter_card":"summary_large_image","twitter_creator":"@jornaloficinas","twitter_site":"@jornaloficinas","twitter_misc":{"Escrito por":"Reda\u00e7\u00e3o JO","Tempo estimado de leitura":"3 minutos"},"schema":{"@context":"https:\/\/schema.org","@graph":[{"@type":"Article","@id":"https:\/\/jornaldasoficinas.com\/pt\/ppg-apresenta-solucoes-digitais-e-sustentaveis-na-motortec-2025\/#article","isPartOf":{"@id":"https:\/\/jornaldasoficinas.com\/pt\/ppg-apresenta-solucoes-digitais-e-sustentaveis-na-motortec-2025\/"},"author":{"name":"Reda\u00e7\u00e3o JO","@id":"https:\/\/jornaldasoficinas.com\/pt\/#\/schema\/person\/a38eef5de2c41d9e7c9ac10141afddf3"},"headline":"PPG apresenta solu\u00e7\u00f5es digitais e sustent\u00e1veis na Motortec 2025","datePublished":"2025-03-28T08:00:42+00:00","dateModified":"2025-04-27T10:07:13+00:00","mainEntityOfPage":{"@id":"https:\/\/jornaldasoficinas.com\/pt\/ppg-apresenta-solucoes-digitais-e-sustentaveis-na-motortec-2025\/"},"wordCount":443,"publisher":{"@id":"https:\/\/jornaldasoficinas.com\/pt\/#organization"},"image":{"@id":"https:\/\/jornaldasoficinas.com\/pt\/ppg-apresenta-solucoes-digitais-e-sustentaveis-na-motortec-2025\/#primaryimage"},"thumbnailUrl":"https:\/\/jornaldasoficinas.com\/pt\/wp-content\/uploads\/2025\/03\/PPG-apresenta-solucoes-digitais-e-sustentaveis-na-Motortec-2025.png","keywords":["estreia","Motortec 2025","Oficinas","PPG","presen\u00e7a de especialistas","solu\u00e7\u00f5es digitais","Tecnologias sustent\u00e1veis"],"articleSection":["Empresas","Motortec"],"inLanguage":"pt-PT"},{"@type":"WebPage","@id":"https:\/\/jornaldasoficinas.com\/pt\/ppg-apresenta-solucoes-digitais-e-sustentaveis-na-motortec-2025\/","url":"https:\/\/jornaldasoficinas.com\/pt\/ppg-apresenta-solucoes-digitais-e-sustentaveis-na-motortec-2025\/","name":"PPG apresenta solu\u00e7\u00f5es digitais e sustent\u00e1veis na Motortec 2025 - Jornal das Oficinas","isPartOf":{"@id":"https:\/\/jornaldasoficinas.com\/pt\/#website"},"primaryImageOfPage":{"@id":"https:\/\/jornaldasoficinas.com\/pt\/ppg-apresenta-solucoes-digitais-e-sustentaveis-na-motortec-2025\/#primaryimage"},"image":{"@id":"https:\/\/jornaldasoficinas.com\/pt\/ppg-apresenta-solucoes-digitais-e-sustentaveis-na-motortec-2025\/#primaryimage"},"thumbnailUrl":"https:\/\/jornaldasoficinas.com\/pt\/wp-content\/uploads\/2025\/03\/PPG-apresenta-solucoes-digitais-e-sustentaveis-na-Motortec-2025.png","datePublished":"2025-03-28T08:00:42+00:00","dateModified":"2025-04-27T10:07:13+00:00","description":"A PPG estar\u00e1 na Motortec para apresentar as suas solu\u00e7\u00f5es avan\u00e7adas em digitaliza\u00e7\u00e3o e sustentabilidade para oficinas de bate-chapa e pintura","breadcrumb":{"@id":"https:\/\/jornaldasoficinas.com\/pt\/ppg-apresenta-solucoes-digitais-e-sustentaveis-na-motortec-2025\/#breadcrumb"},"inLanguage":"pt-PT","potentialAction":[{"@type":"ReadAction","target":["https:\/\/jornaldasoficinas.com\/pt\/ppg-apresenta-solucoes-digitais-e-sustentaveis-na-motortec-2025\/"]}]},{"@type":"ImageObject","inLanguage":"pt-PT","@id":"https:\/\/jornaldasoficinas.com\/pt\/ppg-apresenta-solucoes-digitais-e-sustentaveis-na-motortec-2025\/#primaryimage","url":"https:\/\/jornaldasoficinas.com\/pt\/wp-content\/uploads\/2025\/03\/PPG-apresenta-solucoes-digitais-e-sustentaveis-na-Motortec-2025.png","contentUrl":"https:\/\/jornaldasoficinas.com\/pt\/wp-content\/uploads\/2025\/03\/PPG-apresenta-solucoes-digitais-e-sustentaveis-na-Motortec-2025.png","width":1024,"height":581,"caption":"03 - PPG apresenta solucoes digitais e sustentaveis na Motortec 2025"},{"@type":"BreadcrumbList","@id":"https:\/\/jornaldasoficinas.com\/pt\/ppg-apresenta-solucoes-digitais-e-sustentaveis-na-motortec-2025\/#breadcrumb","itemListElement":[{"@type":"ListItem","position":1,"name":"In\u00edcio","item":"https:\/\/jornaldasoficinas.com\/pt\/"},{"@type":"ListItem","position":2,"name":"PPG apresenta solu\u00e7\u00f5es digitais e sustent\u00e1veis na Motortec 2025"}]},{"@type":"WebSite","@id":"https:\/\/jornaldasoficinas.com\/pt\/#website","url":"https:\/\/jornaldasoficinas.com\/pt\/","name":"Jornal das Oficinas","description":"Jornal independente do Aftermarket Autom\u00f3vel em Portugal","publisher":{"@id":"https:\/\/jornaldasoficinas.com\/pt\/#organization"},"potentialAction":[{"@type":"SearchAction","target":{"@type":"EntryPoint","urlTemplate":"https:\/\/jornaldasoficinas.com\/pt\/?s={search_term_string}"},"query-input":{"@type":"PropertyValueSpecification","valueRequired":true,"valueName":"search_term_string"}}],"inLanguage":"pt-PT"},{"@type":"Organization","@id":"https:\/\/jornaldasoficinas.com\/pt\/#organization","name":"Jornal das Oficinas","url":"https:\/\/jornaldasoficinas.com\/pt\/","logo":{"@type":"ImageObject","inLanguage":"pt-PT","@id":"https:\/\/jornaldasoficinas.com\/pt\/#\/schema\/logo\/image\/","url":"https:\/\/jornaldasoficinas.com\/pt\/wp-content\/uploads\/logoJO-SEO.png","contentUrl":"https:\/\/jornaldasoficinas.com\/pt\/wp-content\/uploads\/logoJO-SEO.png","width":285,"height":450,"caption":"Jornal das Oficinas"},"image":{"@id":"https:\/\/jornaldasoficinas.com\/pt\/#\/schema\/logo\/image\/"},"sameAs":["https:\/\/www.facebook.com\/jornaloficinas","https:\/\/x.com\/jornaloficinas","https:\/\/www.instagram.com\/jornal_oficinas\/","https:\/\/www.linkedin.com\/company\/jornal-das-oficinas\/","https:\/\/www.youtube.com\/channel\/UCbQZBqtcvV-oSQrr7RzINGg"]},{"@type":"Person","@id":"https:\/\/jornaldasoficinas.com\/pt\/#\/schema\/person\/a38eef5de2c41d9e7c9ac10141afddf3","name":"Reda\u00e7\u00e3o JO","image":{"@type":"ImageObject","inLanguage":"pt-PT","@id":"https:\/\/secure.gravatar.com\/avatar\/71f2fa71737ad68a84fea94bc708ddac8ea5b0c4788dc2ad202f3ccb2887742f?s=96&d=wp_user_avatar&r=g","url":"https:\/\/secure.gravatar.com\/avatar\/71f2fa71737ad68a84fea94bc708ddac8ea5b0c4788dc2ad202f3ccb2887742f?s=96&d=wp_user_avatar&r=g","contentUrl":"https:\/\/secure.gravatar.com\/avatar\/71f2fa71737ad68a84fea94bc708ddac8ea5b0c4788dc2ad202f3ccb2887742f?s=96&d=wp_user_avatar&r=g","caption":"Reda\u00e7\u00e3o JO"},"url":"https:\/\/jornaldasoficinas.com\/pt\/author\/joredacao\/"}]}},"_links":{"self":[{"href":"https:\/\/jornaldasoficinas.com\/pt\/wp-json\/wp\/v2\/posts\/99475","targetHints":{"allow":["GET"]}}],"collection":[{"href":"https:\/\/jornaldasoficinas.com\/pt\/wp-json\/wp\/v2\/posts"}],"about":[{"href":"https:\/\/jornaldasoficinas.com\/pt\/wp-json\/wp\/v2\/types\/post"}],"author":[{"embeddable":true,"href":"https:\/\/jornaldasoficinas.com\/pt\/wp-json\/wp\/v2\/users\/15"}],"replies":[{"embeddable":true,"href":"https:\/\/jornaldasoficinas.com\/pt\/wp-json\/wp\/v2\/comments?post=99475"}],"version-history":[{"count":3,"href":"https:\/\/jornaldasoficinas.com\/pt\/wp-json\/wp\/v2\/posts\/99475\/revisions"}],"predecessor-version":[{"id":99480,"href":"https:\/\/jornaldasoficinas.com\/pt\/wp-json\/wp\/v2\/posts\/99475\/revisions\/99480"}],"wp:featuredmedia":[{"embeddable":true,"href":"https:\/\/jornaldasoficinas.com\/pt\/wp-json\/wp\/v2\/media\/99479"}],"wp:attachment":[{"href":"https:\/\/jornaldasoficinas.com\/pt\/wp-json\/wp\/v2\/media?parent=99475"}],"wp:term":[{"taxonomy":"category","embeddable":true,"href":"https:\/\/jornaldasoficinas.com\/pt\/wp-json\/wp\/v2\/categories?post=99475"},{"taxonomy":"post_tag","embeddable":true,"href":"https:\/\/jornaldasoficinas.com\/pt\/wp-json\/wp\/v2\/tags?post=99475"}],"curies":[{"name":"wp","href":"https:\/\/api.w.org\/{rel}","templated":true}]}}