{"id":99493,"date":"2025-03-28T14:00:16","date_gmt":"2025-03-28T14:00:16","guid":{"rendered":"https:\/\/jornaldasoficinas.com\/pt\/?p=99493"},"modified":"2025-03-27T11:58:16","modified_gmt":"2025-03-27T11:58:16","slug":"centrocor-reforca-aposta-na-formacao-tecnica","status":"publish","type":"post","link":"https:\/\/jornaldasoficinas.com\/pt\/centrocor-reforca-aposta-na-formacao-tecnica\/","title":{"rendered":"Centrocor refor\u00e7a aposta na forma\u00e7\u00e3o t\u00e9cnica"},"content":{"rendered":"<p><strong><img loading=\"lazy\" decoding=\"async\" class=\"alignnone size-full wp-image-99501\" src=\"https:\/\/jornaldasoficinas.com\/pt\/wp-content\/uploads\/2025\/03\/Centrocor-reforca-aposta-na-formacao-continua-e-especializada.jpg\" alt=\"03 - Centrocor reforca aposta na formacao continua e especializada\" width=\"1024\" height=\"581\" srcset=\"https:\/\/jornaldasoficinas.com\/pt\/wp-content\/uploads\/2025\/03\/Centrocor-reforca-aposta-na-formacao-continua-e-especializada.jpg 1024w, https:\/\/jornaldasoficinas.com\/pt\/wp-content\/uploads\/2025\/03\/Centrocor-reforca-aposta-na-formacao-continua-e-especializada-300x170.jpg 300w, https:\/\/jornaldasoficinas.com\/pt\/wp-content\/uploads\/2025\/03\/Centrocor-reforca-aposta-na-formacao-continua-e-especializada-150x85.jpg 150w, https:\/\/jornaldasoficinas.com\/pt\/wp-content\/uploads\/2025\/03\/Centrocor-reforca-aposta-na-formacao-continua-e-especializada-768x436.jpg 768w\" sizes=\"auto, (max-width: 1024px) 100vw, 1024px\" \/><\/strong><\/p>\n<p><strong>A<a href=\"https:\/\/centrocor.pt\/\" target=\"_blank\" rel=\"noopener\"> Centrocor<\/a> promoveu mais uma sess\u00e3o de forma\u00e7\u00e3o t\u00e9cnica para cerca de 60 profissionais, focada nas mais recentes t\u00e9cnicas de repara\u00e7\u00e3o de pain\u00e9is, com destaque para colas estruturais e novas ferramentas inovadoras<\/strong><\/p>\n<p>A Centrocor volta a marcar a diferen\u00e7a ao refor\u00e7ar a aposta na forma\u00e7\u00e3o cont\u00ednua e especializada dos seus clientes. Neste novo ciclo de forma\u00e7\u00f5es, a empresa reafirmou o seu compromisso com a qualifica\u00e7\u00e3o do setor ao receber cerca de 60 profissionais para uma sess\u00e3o focada nas mais recentes t\u00e9cnicas de repara\u00e7\u00e3o de pain\u00e9is.<\/p>\n<p>Com o intuito de promover o desenvolvimento t\u00e9cnico e a inova\u00e7\u00e3o no setor autom\u00f3vel, a Centrocor contou com a participa\u00e7\u00e3o de parceiros estrat\u00e9gicos e t\u00e9cnicos especializados, proporcionando uma experi\u00eancia completa que combinou componentes te\u00f3ricas e pr\u00e1ticas de forma integrada.<\/p>\n<p>Durante a forma\u00e7\u00e3o, os participantes aprofundaram conhecimentos sobre as mais avan\u00e7adas t\u00e9cnicas de substitui\u00e7\u00e3o e repara\u00e7\u00e3o de pain\u00e9is, explorando o uso de colas estruturais, ceras e mastiques da 3M, bem como os benef\u00edcios da repara\u00e7\u00e3o com cola, fruto da parceria com a multinacional Camauto.<\/p>\n<p>Os formandos tamb\u00e9m tiveram a oportunidade de entender a complementaridade entre diferentes t\u00e9cnicas e ferramentas, como a utiliza\u00e7\u00e3o da Fast Puller da CMO, que optimiza repara\u00e7\u00f5es mais complexas quando associada \u00e0s colas da Camauto.<\/p>\n<p>A forma\u00e7\u00e3o cont\u00ednua \u00e9 vista pela Centrocor como essencial para elevar os padr\u00f5es de qualidade na repara\u00e7\u00e3o autom\u00f3vel e tornar o setor mais atrativo, especialmente face \u00e0 falta de m\u00e3o-de-obra qualificada. Esta sess\u00e3o foi mais um passo importante para capacitar os profissionais do setor, proporcionando-lhes as ferramentas e conhecimentos necess\u00e1rios para enfrentar os desafios do dia a dia com maior efic\u00e1cia.<\/p>\n","protected":false},"excerpt":{"rendered":"<p>A Centrocor promoveu mais uma sess\u00e3o&#8230;<\/p>\n","protected":false},"author":15,"featured_media":99501,"comment_status":"closed","ping_status":"closed","sticky":false,"template":"","format":"standard","meta":{"footnotes":""},"categories":[29],"tags":[12290,10759,870,12292,2248,12291],"class_list":["post-99493","post","type-post","status-publish","format-standard","has-post-thumbnail","hentry","category-empresas","tag-60-profissionais","tag-camauto","tag-centrocor","tag-ferramentas-inovadoras","tag-formacao-tecnica","tag-reparacao-de-paineis"],"yoast_head":"<!-- This site is optimized with the Yoast SEO plugin v27.5 - https:\/\/yoast.com\/product\/yoast-seo-wordpress\/ -->\n<title>Centrocor refor\u00e7a aposta na forma\u00e7\u00e3o t\u00e9cnica - Jornal das Oficinas<\/title>\n<meta name=\"description\" content=\"A Centrocor promoveu mais uma sess\u00e3o de forma\u00e7\u00e3o t\u00e9cnica para cerca de 60 profissionais, focada nas mais recentes t\u00e9cnicas de repara\u00e7\u00e3o\" \/>\n<meta name=\"robots\" content=\"index, follow, max-snippet:-1, max-image-preview:large, max-video-preview:-1\" \/>\n<link rel=\"canonical\" href=\"https:\/\/jornaldasoficinas.com\/pt\/centrocor-reforca-aposta-na-formacao-tecnica\/\" \/>\n<meta property=\"og:locale\" content=\"pt_PT\" \/>\n<meta property=\"og:type\" content=\"article\" \/>\n<meta property=\"og:title\" content=\"Centrocor refor\u00e7a aposta na forma\u00e7\u00e3o t\u00e9cnica - Jornal das Oficinas\" \/>\n<meta property=\"og:description\" content=\"A Centrocor promoveu mais uma sess\u00e3o de forma\u00e7\u00e3o t\u00e9cnica para cerca de 60 profissionais, focada nas mais recentes t\u00e9cnicas de repara\u00e7\u00e3o\" \/>\n<meta property=\"og:url\" content=\"https:\/\/jornaldasoficinas.com\/pt\/centrocor-reforca-aposta-na-formacao-tecnica\/\" \/>\n<meta property=\"og:site_name\" content=\"Jornal das Oficinas\" \/>\n<meta property=\"article:publisher\" content=\"https:\/\/www.facebook.com\/jornaloficinas\" \/>\n<meta property=\"article:published_time\" content=\"2025-03-28T14:00:16+00:00\" \/>\n<meta property=\"og:image\" content=\"https:\/\/jornaldasoficinas.com\/pt\/wp-content\/uploads\/2025\/03\/Centrocor-reforca-aposta-na-formacao-continua-e-especializada.jpg\" \/>\n\t<meta property=\"og:image:width\" content=\"1024\" \/>\n\t<meta property=\"og:image:height\" content=\"581\" \/>\n\t<meta property=\"og:image:type\" content=\"image\/jpeg\" \/>\n<meta name=\"author\" content=\"Reda\u00e7\u00e3o JO\" \/>\n<meta name=\"twitter:card\" content=\"summary_large_image\" \/>\n<meta name=\"twitter:creator\" content=\"@jornaloficinas\" \/>\n<meta name=\"twitter:site\" content=\"@jornaloficinas\" \/>\n<meta name=\"twitter:label1\" content=\"Escrito por\" \/>\n\t<meta name=\"twitter:data1\" content=\"Reda\u00e7\u00e3o JO\" \/>\n\t<meta name=\"twitter:label2\" content=\"Tempo estimado de leitura\" \/>\n\t<meta name=\"twitter:data2\" content=\"2 minutos\" \/>\n<script type=\"application\/ld+json\" class=\"yoast-schema-graph\">{\"@context\":\"https:\\\/\\\/schema.org\",\"@graph\":[{\"@type\":\"Article\",\"@id\":\"https:\\\/\\\/jornaldasoficinas.com\\\/pt\\\/centrocor-reforca-aposta-na-formacao-tecnica\\\/#article\",\"isPartOf\":{\"@id\":\"https:\\\/\\\/jornaldasoficinas.com\\\/pt\\\/centrocor-reforca-aposta-na-formacao-tecnica\\\/\"},\"author\":{\"name\":\"Reda\u00e7\u00e3o JO\",\"@id\":\"https:\\\/\\\/jornaldasoficinas.com\\\/pt\\\/#\\\/schema\\\/person\\\/a38eef5de2c41d9e7c9ac10141afddf3\"},\"headline\":\"Centrocor refor\u00e7a aposta na forma\u00e7\u00e3o t\u00e9cnica\",\"datePublished\":\"2025-03-28T14:00:16+00:00\",\"mainEntityOfPage\":{\"@id\":\"https:\\\/\\\/jornaldasoficinas.com\\\/pt\\\/centrocor-reforca-aposta-na-formacao-tecnica\\\/\"},\"wordCount\":314,\"publisher\":{\"@id\":\"https:\\\/\\\/jornaldasoficinas.com\\\/pt\\\/#organization\"},\"image\":{\"@id\":\"https:\\\/\\\/jornaldasoficinas.com\\\/pt\\\/centrocor-reforca-aposta-na-formacao-tecnica\\\/#primaryimage\"},\"thumbnailUrl\":\"https:\\\/\\\/jornaldasoficinas.com\\\/pt\\\/wp-content\\\/uploads\\\/2025\\\/03\\\/Centrocor-reforca-aposta-na-formacao-continua-e-especializada.jpg\",\"keywords\":[\"60 profissionais\",\"CAMAUTO\",\"Centrocor\",\"ferramentas inovadoras\",\"Forma\u00e7\u00e3o t\u00e9cnica\",\"repara\u00e7\u00e3o de pain\u00e9is\"],\"articleSection\":[\"Empresas\"],\"inLanguage\":\"pt-PT\"},{\"@type\":\"WebPage\",\"@id\":\"https:\\\/\\\/jornaldasoficinas.com\\\/pt\\\/centrocor-reforca-aposta-na-formacao-tecnica\\\/\",\"url\":\"https:\\\/\\\/jornaldasoficinas.com\\\/pt\\\/centrocor-reforca-aposta-na-formacao-tecnica\\\/\",\"name\":\"Centrocor refor\u00e7a aposta na forma\u00e7\u00e3o t\u00e9cnica - Jornal das Oficinas\",\"isPartOf\":{\"@id\":\"https:\\\/\\\/jornaldasoficinas.com\\\/pt\\\/#website\"},\"primaryImageOfPage\":{\"@id\":\"https:\\\/\\\/jornaldasoficinas.com\\\/pt\\\/centrocor-reforca-aposta-na-formacao-tecnica\\\/#primaryimage\"},\"image\":{\"@id\":\"https:\\\/\\\/jornaldasoficinas.com\\\/pt\\\/centrocor-reforca-aposta-na-formacao-tecnica\\\/#primaryimage\"},\"thumbnailUrl\":\"https:\\\/\\\/jornaldasoficinas.com\\\/pt\\\/wp-content\\\/uploads\\\/2025\\\/03\\\/Centrocor-reforca-aposta-na-formacao-continua-e-especializada.jpg\",\"datePublished\":\"2025-03-28T14:00:16+00:00\",\"description\":\"A Centrocor promoveu mais uma sess\u00e3o de forma\u00e7\u00e3o t\u00e9cnica para cerca de 60 profissionais, focada nas mais recentes t\u00e9cnicas de repara\u00e7\u00e3o\",\"breadcrumb\":{\"@id\":\"https:\\\/\\\/jornaldasoficinas.com\\\/pt\\\/centrocor-reforca-aposta-na-formacao-tecnica\\\/#breadcrumb\"},\"inLanguage\":\"pt-PT\",\"potentialAction\":[{\"@type\":\"ReadAction\",\"target\":[\"https:\\\/\\\/jornaldasoficinas.com\\\/pt\\\/centrocor-reforca-aposta-na-formacao-tecnica\\\/\"]}]},{\"@type\":\"ImageObject\",\"inLanguage\":\"pt-PT\",\"@id\":\"https:\\\/\\\/jornaldasoficinas.com\\\/pt\\\/centrocor-reforca-aposta-na-formacao-tecnica\\\/#primaryimage\",\"url\":\"https:\\\/\\\/jornaldasoficinas.com\\\/pt\\\/wp-content\\\/uploads\\\/2025\\\/03\\\/Centrocor-reforca-aposta-na-formacao-continua-e-especializada.jpg\",\"contentUrl\":\"https:\\\/\\\/jornaldasoficinas.com\\\/pt\\\/wp-content\\\/uploads\\\/2025\\\/03\\\/Centrocor-reforca-aposta-na-formacao-continua-e-especializada.jpg\",\"width\":1024,\"height\":581,\"caption\":\"03 - Centrocor reforca aposta na formacao continua e especializada\"},{\"@type\":\"BreadcrumbList\",\"@id\":\"https:\\\/\\\/jornaldasoficinas.com\\\/pt\\\/centrocor-reforca-aposta-na-formacao-tecnica\\\/#breadcrumb\",\"itemListElement\":[{\"@type\":\"ListItem\",\"position\":1,\"name\":\"In\u00edcio\",\"item\":\"https:\\\/\\\/jornaldasoficinas.com\\\/pt\\\/\"},{\"@type\":\"ListItem\",\"position\":2,\"name\":\"Centrocor refor\u00e7a aposta na forma\u00e7\u00e3o t\u00e9cnica\"}]},{\"@type\":\"WebSite\",\"@id\":\"https:\\\/\\\/jornaldasoficinas.com\\\/pt\\\/#website\",\"url\":\"https:\\\/\\\/jornaldasoficinas.com\\\/pt\\\/\",\"name\":\"Jornal das Oficinas\",\"description\":\"Jornal independente do Aftermarket Autom\u00f3vel em Portugal\",\"publisher\":{\"@id\":\"https:\\\/\\\/jornaldasoficinas.com\\\/pt\\\/#organization\"},\"potentialAction\":[{\"@type\":\"SearchAction\",\"target\":{\"@type\":\"EntryPoint\",\"urlTemplate\":\"https:\\\/\\\/jornaldasoficinas.com\\\/pt\\\/?s={search_term_string}\"},\"query-input\":{\"@type\":\"PropertyValueSpecification\",\"valueRequired\":true,\"valueName\":\"search_term_string\"}}],\"inLanguage\":\"pt-PT\"},{\"@type\":\"Organization\",\"@id\":\"https:\\\/\\\/jornaldasoficinas.com\\\/pt\\\/#organization\",\"name\":\"Jornal das Oficinas\",\"url\":\"https:\\\/\\\/jornaldasoficinas.com\\\/pt\\\/\",\"logo\":{\"@type\":\"ImageObject\",\"inLanguage\":\"pt-PT\",\"@id\":\"https:\\\/\\\/jornaldasoficinas.com\\\/pt\\\/#\\\/schema\\\/logo\\\/image\\\/\",\"url\":\"https:\\\/\\\/jornaldasoficinas.com\\\/pt\\\/wp-content\\\/uploads\\\/logoJO-SEO.png\",\"contentUrl\":\"https:\\\/\\\/jornaldasoficinas.com\\\/pt\\\/wp-content\\\/uploads\\\/logoJO-SEO.png\",\"width\":285,\"height\":450,\"caption\":\"Jornal das Oficinas\"},\"image\":{\"@id\":\"https:\\\/\\\/jornaldasoficinas.com\\\/pt\\\/#\\\/schema\\\/logo\\\/image\\\/\"},\"sameAs\":[\"https:\\\/\\\/www.facebook.com\\\/jornaloficinas\",\"https:\\\/\\\/x.com\\\/jornaloficinas\",\"https:\\\/\\\/www.instagram.com\\\/jornal_oficinas\\\/\",\"https:\\\/\\\/www.linkedin.com\\\/company\\\/jornal-das-oficinas\\\/\",\"https:\\\/\\\/www.youtube.com\\\/channel\\\/UCbQZBqtcvV-oSQrr7RzINGg\"]},{\"@type\":\"Person\",\"@id\":\"https:\\\/\\\/jornaldasoficinas.com\\\/pt\\\/#\\\/schema\\\/person\\\/a38eef5de2c41d9e7c9ac10141afddf3\",\"name\":\"Reda\u00e7\u00e3o JO\",\"image\":{\"@type\":\"ImageObject\",\"inLanguage\":\"pt-PT\",\"@id\":\"https:\\\/\\\/secure.gravatar.com\\\/avatar\\\/71f2fa71737ad68a84fea94bc708ddac8ea5b0c4788dc2ad202f3ccb2887742f?s=96&d=wp_user_avatar&r=g\",\"url\":\"https:\\\/\\\/secure.gravatar.com\\\/avatar\\\/71f2fa71737ad68a84fea94bc708ddac8ea5b0c4788dc2ad202f3ccb2887742f?s=96&d=wp_user_avatar&r=g\",\"contentUrl\":\"https:\\\/\\\/secure.gravatar.com\\\/avatar\\\/71f2fa71737ad68a84fea94bc708ddac8ea5b0c4788dc2ad202f3ccb2887742f?s=96&d=wp_user_avatar&r=g\",\"caption\":\"Reda\u00e7\u00e3o JO\"},\"url\":\"https:\\\/\\\/jornaldasoficinas.com\\\/pt\\\/author\\\/joredacao\\\/\"}]}<\/script>\n<!-- \/ Yoast SEO plugin. -->","yoast_head_json":{"title":"Centrocor refor\u00e7a aposta na forma\u00e7\u00e3o t\u00e9cnica - Jornal das Oficinas","description":"A Centrocor promoveu mais uma sess\u00e3o de forma\u00e7\u00e3o t\u00e9cnica para cerca de 60 profissionais, focada nas mais recentes t\u00e9cnicas de repara\u00e7\u00e3o","robots":{"index":"index","follow":"follow","max-snippet":"max-snippet:-1","max-image-preview":"max-image-preview:large","max-video-preview":"max-video-preview:-1"},"canonical":"https:\/\/jornaldasoficinas.com\/pt\/centrocor-reforca-aposta-na-formacao-tecnica\/","og_locale":"pt_PT","og_type":"article","og_title":"Centrocor refor\u00e7a aposta na forma\u00e7\u00e3o t\u00e9cnica - Jornal das Oficinas","og_description":"A Centrocor promoveu mais uma sess\u00e3o de forma\u00e7\u00e3o t\u00e9cnica para cerca de 60 profissionais, focada nas mais recentes t\u00e9cnicas de repara\u00e7\u00e3o","og_url":"https:\/\/jornaldasoficinas.com\/pt\/centrocor-reforca-aposta-na-formacao-tecnica\/","og_site_name":"Jornal das Oficinas","article_publisher":"https:\/\/www.facebook.com\/jornaloficinas","article_published_time":"2025-03-28T14:00:16+00:00","og_image":[{"width":1024,"height":581,"url":"https:\/\/jornaldasoficinas.com\/pt\/wp-content\/uploads\/2025\/03\/Centrocor-reforca-aposta-na-formacao-continua-e-especializada.jpg","type":"image\/jpeg"}],"author":"Reda\u00e7\u00e3o JO","twitter_card":"summary_large_image","twitter_creator":"@jornaloficinas","twitter_site":"@jornaloficinas","twitter_misc":{"Escrito por":"Reda\u00e7\u00e3o JO","Tempo estimado de leitura":"2 minutos"},"schema":{"@context":"https:\/\/schema.org","@graph":[{"@type":"Article","@id":"https:\/\/jornaldasoficinas.com\/pt\/centrocor-reforca-aposta-na-formacao-tecnica\/#article","isPartOf":{"@id":"https:\/\/jornaldasoficinas.com\/pt\/centrocor-reforca-aposta-na-formacao-tecnica\/"},"author":{"name":"Reda\u00e7\u00e3o JO","@id":"https:\/\/jornaldasoficinas.com\/pt\/#\/schema\/person\/a38eef5de2c41d9e7c9ac10141afddf3"},"headline":"Centrocor refor\u00e7a aposta na forma\u00e7\u00e3o t\u00e9cnica","datePublished":"2025-03-28T14:00:16+00:00","mainEntityOfPage":{"@id":"https:\/\/jornaldasoficinas.com\/pt\/centrocor-reforca-aposta-na-formacao-tecnica\/"},"wordCount":314,"publisher":{"@id":"https:\/\/jornaldasoficinas.com\/pt\/#organization"},"image":{"@id":"https:\/\/jornaldasoficinas.com\/pt\/centrocor-reforca-aposta-na-formacao-tecnica\/#primaryimage"},"thumbnailUrl":"https:\/\/jornaldasoficinas.com\/pt\/wp-content\/uploads\/2025\/03\/Centrocor-reforca-aposta-na-formacao-continua-e-especializada.jpg","keywords":["60 profissionais","CAMAUTO","Centrocor","ferramentas inovadoras","Forma\u00e7\u00e3o t\u00e9cnica","repara\u00e7\u00e3o de pain\u00e9is"],"articleSection":["Empresas"],"inLanguage":"pt-PT"},{"@type":"WebPage","@id":"https:\/\/jornaldasoficinas.com\/pt\/centrocor-reforca-aposta-na-formacao-tecnica\/","url":"https:\/\/jornaldasoficinas.com\/pt\/centrocor-reforca-aposta-na-formacao-tecnica\/","name":"Centrocor refor\u00e7a aposta na forma\u00e7\u00e3o t\u00e9cnica - Jornal das Oficinas","isPartOf":{"@id":"https:\/\/jornaldasoficinas.com\/pt\/#website"},"primaryImageOfPage":{"@id":"https:\/\/jornaldasoficinas.com\/pt\/centrocor-reforca-aposta-na-formacao-tecnica\/#primaryimage"},"image":{"@id":"https:\/\/jornaldasoficinas.com\/pt\/centrocor-reforca-aposta-na-formacao-tecnica\/#primaryimage"},"thumbnailUrl":"https:\/\/jornaldasoficinas.com\/pt\/wp-content\/uploads\/2025\/03\/Centrocor-reforca-aposta-na-formacao-continua-e-especializada.jpg","datePublished":"2025-03-28T14:00:16+00:00","description":"A Centrocor promoveu mais uma sess\u00e3o de forma\u00e7\u00e3o t\u00e9cnica para cerca de 60 profissionais, focada nas mais recentes t\u00e9cnicas de repara\u00e7\u00e3o","breadcrumb":{"@id":"https:\/\/jornaldasoficinas.com\/pt\/centrocor-reforca-aposta-na-formacao-tecnica\/#breadcrumb"},"inLanguage":"pt-PT","potentialAction":[{"@type":"ReadAction","target":["https:\/\/jornaldasoficinas.com\/pt\/centrocor-reforca-aposta-na-formacao-tecnica\/"]}]},{"@type":"ImageObject","inLanguage":"pt-PT","@id":"https:\/\/jornaldasoficinas.com\/pt\/centrocor-reforca-aposta-na-formacao-tecnica\/#primaryimage","url":"https:\/\/jornaldasoficinas.com\/pt\/wp-content\/uploads\/2025\/03\/Centrocor-reforca-aposta-na-formacao-continua-e-especializada.jpg","contentUrl":"https:\/\/jornaldasoficinas.com\/pt\/wp-content\/uploads\/2025\/03\/Centrocor-reforca-aposta-na-formacao-continua-e-especializada.jpg","width":1024,"height":581,"caption":"03 - Centrocor reforca aposta na formacao continua e especializada"},{"@type":"BreadcrumbList","@id":"https:\/\/jornaldasoficinas.com\/pt\/centrocor-reforca-aposta-na-formacao-tecnica\/#breadcrumb","itemListElement":[{"@type":"ListItem","position":1,"name":"In\u00edcio","item":"https:\/\/jornaldasoficinas.com\/pt\/"},{"@type":"ListItem","position":2,"name":"Centrocor refor\u00e7a aposta na forma\u00e7\u00e3o t\u00e9cnica"}]},{"@type":"WebSite","@id":"https:\/\/jornaldasoficinas.com\/pt\/#website","url":"https:\/\/jornaldasoficinas.com\/pt\/","name":"Jornal das Oficinas","description":"Jornal independente do Aftermarket Autom\u00f3vel em Portugal","publisher":{"@id":"https:\/\/jornaldasoficinas.com\/pt\/#organization"},"potentialAction":[{"@type":"SearchAction","target":{"@type":"EntryPoint","urlTemplate":"https:\/\/jornaldasoficinas.com\/pt\/?s={search_term_string}"},"query-input":{"@type":"PropertyValueSpecification","valueRequired":true,"valueName":"search_term_string"}}],"inLanguage":"pt-PT"},{"@type":"Organization","@id":"https:\/\/jornaldasoficinas.com\/pt\/#organization","name":"Jornal das Oficinas","url":"https:\/\/jornaldasoficinas.com\/pt\/","logo":{"@type":"ImageObject","inLanguage":"pt-PT","@id":"https:\/\/jornaldasoficinas.com\/pt\/#\/schema\/logo\/image\/","url":"https:\/\/jornaldasoficinas.com\/pt\/wp-content\/uploads\/logoJO-SEO.png","contentUrl":"https:\/\/jornaldasoficinas.com\/pt\/wp-content\/uploads\/logoJO-SEO.png","width":285,"height":450,"caption":"Jornal das Oficinas"},"image":{"@id":"https:\/\/jornaldasoficinas.com\/pt\/#\/schema\/logo\/image\/"},"sameAs":["https:\/\/www.facebook.com\/jornaloficinas","https:\/\/x.com\/jornaloficinas","https:\/\/www.instagram.com\/jornal_oficinas\/","https:\/\/www.linkedin.com\/company\/jornal-das-oficinas\/","https:\/\/www.youtube.com\/channel\/UCbQZBqtcvV-oSQrr7RzINGg"]},{"@type":"Person","@id":"https:\/\/jornaldasoficinas.com\/pt\/#\/schema\/person\/a38eef5de2c41d9e7c9ac10141afddf3","name":"Reda\u00e7\u00e3o JO","image":{"@type":"ImageObject","inLanguage":"pt-PT","@id":"https:\/\/secure.gravatar.com\/avatar\/71f2fa71737ad68a84fea94bc708ddac8ea5b0c4788dc2ad202f3ccb2887742f?s=96&d=wp_user_avatar&r=g","url":"https:\/\/secure.gravatar.com\/avatar\/71f2fa71737ad68a84fea94bc708ddac8ea5b0c4788dc2ad202f3ccb2887742f?s=96&d=wp_user_avatar&r=g","contentUrl":"https:\/\/secure.gravatar.com\/avatar\/71f2fa71737ad68a84fea94bc708ddac8ea5b0c4788dc2ad202f3ccb2887742f?s=96&d=wp_user_avatar&r=g","caption":"Reda\u00e7\u00e3o JO"},"url":"https:\/\/jornaldasoficinas.com\/pt\/author\/joredacao\/"}]}},"_links":{"self":[{"href":"https:\/\/jornaldasoficinas.com\/pt\/wp-json\/wp\/v2\/posts\/99493","targetHints":{"allow":["GET"]}}],"collection":[{"href":"https:\/\/jornaldasoficinas.com\/pt\/wp-json\/wp\/v2\/posts"}],"about":[{"href":"https:\/\/jornaldasoficinas.com\/pt\/wp-json\/wp\/v2\/types\/post"}],"author":[{"embeddable":true,"href":"https:\/\/jornaldasoficinas.com\/pt\/wp-json\/wp\/v2\/users\/15"}],"replies":[{"embeddable":true,"href":"https:\/\/jornaldasoficinas.com\/pt\/wp-json\/wp\/v2\/comments?post=99493"}],"version-history":[{"count":4,"href":"https:\/\/jornaldasoficinas.com\/pt\/wp-json\/wp\/v2\/posts\/99493\/revisions"}],"predecessor-version":[{"id":99535,"href":"https:\/\/jornaldasoficinas.com\/pt\/wp-json\/wp\/v2\/posts\/99493\/revisions\/99535"}],"wp:featuredmedia":[{"embeddable":true,"href":"https:\/\/jornaldasoficinas.com\/pt\/wp-json\/wp\/v2\/media\/99501"}],"wp:attachment":[{"href":"https:\/\/jornaldasoficinas.com\/pt\/wp-json\/wp\/v2\/media?parent=99493"}],"wp:term":[{"taxonomy":"category","embeddable":true,"href":"https:\/\/jornaldasoficinas.com\/pt\/wp-json\/wp\/v2\/categories?post=99493"},{"taxonomy":"post_tag","embeddable":true,"href":"https:\/\/jornaldasoficinas.com\/pt\/wp-json\/wp\/v2\/tags?post=99493"}],"curies":[{"name":"wp","href":"https:\/\/api.w.org\/{rel}","templated":true}]}}