{"id":99625,"date":"2025-03-29T19:42:19","date_gmt":"2025-03-29T19:42:19","guid":{"rendered":"https:\/\/jornaldasoficinas.com\/pt\/?p=99625"},"modified":"2025-03-30T10:32:34","modified_gmt":"2025-03-30T09:32:34","slug":"anecra-debate-futuro-do-pos-venda-automovel","status":"publish","type":"post","link":"https:\/\/jornaldasoficinas.com\/pt\/anecra-debate-futuro-do-pos-venda-automovel\/","title":{"rendered":"ANECRA debate futuro do p\u00f3s-venda autom\u00f3vel"},"content":{"rendered":"<p><strong><img loading=\"lazy\" decoding=\"async\" class=\"alignnone size-full wp-image-99635\" src=\"https:\/\/jornaldasoficinas.com\/pt\/wp-content\/uploads\/2025\/03\/ANECRA-debate-futuro-do-pos-venda-automovel.jpeg\" alt=\"03 - ANECRA debate futuro do pos venda automovel\" width=\"1024\" height=\"581\" srcset=\"https:\/\/jornaldasoficinas.com\/pt\/wp-content\/uploads\/2025\/03\/ANECRA-debate-futuro-do-pos-venda-automovel.jpeg 1024w, https:\/\/jornaldasoficinas.com\/pt\/wp-content\/uploads\/2025\/03\/ANECRA-debate-futuro-do-pos-venda-automovel-300x170.jpeg 300w, https:\/\/jornaldasoficinas.com\/pt\/wp-content\/uploads\/2025\/03\/ANECRA-debate-futuro-do-pos-venda-automovel-150x85.jpeg 150w, https:\/\/jornaldasoficinas.com\/pt\/wp-content\/uploads\/2025\/03\/ANECRA-debate-futuro-do-pos-venda-automovel-768x436.jpeg 768w\" sizes=\"auto, (max-width: 1024px) 100vw, 1024px\" \/><\/strong><\/p>\n<p><strong>O 18.\u00ba Encontro Nacional da Repara\u00e7\u00e3o Autom\u00f3vel, organizado pela <a href=\"https:\/\/www.anecra.pt\/\" target=\"_blank\" rel=\"noopener\">ANECRA<\/a>,<\/strong> <strong>realizou-se hoje em Espinho, reunindo cerca de 200 profissionais do setor para debater os desafios e oportunidades do mercado do p\u00f3s-venda. Entre os temas em destaque estiveram a mobilidade sustent\u00e1vel, a digitaliza\u00e7\u00e3o e a escassez de m\u00e3o de obra<\/strong><\/p>\n<p>A sess\u00e3o de abertura contou com o tradicional discurso de boas-vindas de Alexandre Ferreira, presidente da dire\u00e7\u00e3o da ANECRA, seguido de uma interven\u00e7\u00e3o de Roberto Gaspar, secret\u00e1rio-geral da associa\u00e7\u00e3o, que sublinhou a import\u00e2ncia de eventos como este. &#8220;Com oradores de refer\u00eancia e temas relevantes, conseguimos debater os desafios do futuro&#8221;, afirmou.<\/p>\n<p>A manh\u00e3 prosseguiu com a interven\u00e7\u00e3o de Alfredo Amaral, CEO da <a href=\"https:\/\/okis360.pt\/\" target=\"_blank\" rel=\"noopener\">OKIS360,<\/a> que abordou as oportunidades e desafios do setor perante as transforma\u00e7\u00f5es atuais. &#8220;O pensamento em termos de futuro dever\u00e1 estar focado na oferta de manuten\u00e7\u00e3o autom\u00f3vel adaptada e preventiva, garantia de repara\u00e7\u00e3o, oferta de servi\u00e7os de diagn\u00f3stico e a promo\u00e7\u00e3o de pe\u00e7as recicladas&#8221;, destacou.<\/p>\n<p><strong>Desafios do &#8220;ontem, hoje e amanh\u00e3&#8221; no mercado das pe\u00e7as<\/strong><\/p>\n<p>Um dos momentos-chave do evento foi o painel &#8220;Os Novos Desafios do Mercado das Pe\u00e7as&#8221;, moderado por Paulo Silveira, Founder &amp; Partner da OKIS360.<\/p>\n<p>Os oradores Miguel Melo (<a href=\"https:\/\/www.mcoutinho.pt\/\" target=\"_blank\" rel=\"noopener\">M.COUTINHO<\/a>), Nuno W. Reis (<a href=\"https:\/\/redeinnov.pt\/\" target=\"_blank\" rel=\"noopener\">RedeInnov<\/a>), Lu\u00eds Sousa Vieira (<a href=\"https:\/\/www.b-parts.com\/\" target=\"_blank\" rel=\"noopener\">B-Parts<\/a>), Rui Marques (Auto Marques) e V\u00edtor Pereira (<a href=\"https:\/\/ancav.pt\/\" target=\"_blank\" rel=\"noopener\">ANCAV<\/a>) debateram quest\u00f5es essenciais como a rentabilidade das oficinas, a distribui\u00e7\u00e3o de pe\u00e7as, o impacto do e-commerce e a ascens\u00e3o das &#8220;pe\u00e7as verdes&#8221; no mercado.<\/p>\n<p>Miguel Melo destacou que &#8220;nos \u00faltimos anos, o setor tem passado por v\u00e1rias transforma\u00e7\u00f5es, levando a uma maior profissionaliza\u00e7\u00e3o. A digitaliza\u00e7\u00e3o tem sido o fator mais disruptivo, com a IA a ganhar destaque. N\u00f3s, a MCoutinho Pe\u00e7as\/AZ Auto temos evolu\u00eddo constantemente nesta \u00e1rea&#8221;.<\/p>\n<p>Nuno Reis, managing director da RedeInnov, tamb\u00e9m refor\u00e7ou essa ideia: &#8220;As oficinas profissionalizaram-se muito nos \u00faltimos anos em termos de comunica\u00e7\u00e3o digital, o que lhes conferiu maior dimens\u00e3o e competitividade. Esta tem sido, sem d\u00favida, a maior transforma\u00e7\u00e3o do setor&#8221;.<\/p>\n<p><strong>Certifica\u00e7\u00e3o &#8220;Pe\u00e7a Verde&#8221; &#8211; Um compromisso com a sustentabilidade<\/strong><\/p>\n<p>A ANCAV lan\u00e7ou h\u00e1 cerca de um ano a certifica\u00e7\u00e3o &#8220;Pe\u00e7a Verde&#8221;, um selo que visa diferenciar os centros de abate atrav\u00e9s de crit\u00e9rios t\u00e9cnicos e ambientais. V\u00edtor Pereira, presidente da ANCAV, partilhou que &#8220;o nosso pr\u00f3ximo passo \u00e9 expandir parcerias para al\u00e9m dos centros de abate&#8221;.<\/p>\n<p>Rui Marques, CEO da Auto Marques, acrescentou: &#8220;As pe\u00e7as verdes est\u00e3o a ganhar espa\u00e7o no mercado e, muitas vezes, apresentam qualidade superior \u00e0s alternativas de origem duvidosa&#8221;.<\/p>\n<p><strong>Onde andam os profissionais especializados?<\/strong><\/p>\n<p>A escassez de m\u00e3o de obra especializada foi outro tema em debate. Pedro Barros, CEO da <a href=\"https:\/\/www.tips4y.pt\/\" target=\"_blank\" rel=\"noopener\">Tips4y<\/a>, apresentou tr\u00eas solu\u00e7\u00f5es: &#8220;Tornar o setor mais atrativo, oferecer melhores condi\u00e7\u00f5es salariais e garantir um bom ambiente de trabalho&#8221;. Segundo o respons\u00e1vel, a lideran\u00e7a \u00e9 crucial: &#8220;Temos de saber contratar pessoas melhores do que n\u00f3s e dar-lhes um papel significativo na empresa&#8221;.<\/p>\n<p>Artur Teixeira, CEO do Grupo <a href=\"https:\/\/yescar.pt\/\" target=\"_blank\" rel=\"noopener\">YESCAR<\/a>, defendeu que &#8220;temos de ser criativos&#8221;, alertando para a necessidade de mudar a terminologia das profiss\u00f5es: &#8220;As escolas n\u00e3o est\u00e3o a saber cativar os jovens&#8221;. Al\u00e9m disso, destacou a import\u00e2ncia da internacionaliza\u00e7\u00e3o da m\u00e3o de obra: &#8220;H\u00e1 15 anos, tinha apenas portugueses na equipa. Hoje, tenho colombianos, venezuelanos, brasileiros e africanos. A diversidade cresceu&#8221;.<\/p>\n<p>Carlos Jesus, CEO da EVolution, refor\u00e7ou a necessidade de novos projetos para atrair talento: &#8220;N\u00e3o chamamos apenas mec\u00e2nicos aos nossos colaboradores, mas sim especialistas. Esta mensagem \u00e9 importante&#8221;.<\/p>\n<p>Jo\u00e3o Cruz, CEO da <a href=\"https:\/\/motortube.pt\/\" target=\"_blank\" rel=\"noopener\">MOTORTUBE<\/a>, concluiu: &#8220;Temos de valorizar a nossa profiss\u00e3o. Todas as \u00e1reas s\u00e3o necess\u00e1rias, principalmente no nosso setor. \u00c9 essencial criar essa atratividade dentro das empresas, das fam\u00edlias, nas redes sociais e nas escolas&#8221;.<\/p>\n<p>Assista <a href=\"https:\/\/www.facebook.com\/jornaloficinas\/videos\/653754470710602\/\" target=\"_blank\" rel=\"noopener\">aqui<\/a> \u00e0 conversa que o Jornal das Oficinas teve com Roberto Gaspar, secret\u00e1rio-geral da ANECRA.<\/p>\n<div class=\"wonderplugingallery-container\" id=\"wonderplugingallery-container-234\" style=\"max-width:960px;margin:0 auto;\"><div class=\"wonderplugingallery\" id=\"wonderplugingallery-234\" data-galleryid=\"234\" data-width=\"960\" data-height=\"540\" data-skin=\"gallery\" data-playsinline=\"false\" data-mutevideo=\"false\" data-random=\"false\" data-autoslide=\"false\" data-autoplayvideo=\"false\" data-schemamarkup=\"false\" data-stopallplaying=\"false\" data-reloadonvideoend=\"false\" data-donotuseposter=\"false\" data-enabletabindex=\"false\" data-loadnextonvideoend=\"false\" data-hidetitlewhenvideoisplaying=\"false\" data-disablehovereventontouch=\"false\" data-autoslideandplayafterfirstplayed=\"false\" data-html5player=\"true\" data-responsive=\"true\" data-fullwidth=\"false\" data-showtitle=\"true\" data-showdescription=\"true\" data-showplaybutton=\"true\" data-showfullscreenbutton=\"true\" data-showtimer=\"true\" data-showcarousel=\"true\" data-galleryshadow=\"false\" data-slideshadow=\"true\" data-thumbshowtitle=\"false\" data-thumbshowimage=\"true\" data-thumbshadow=\"true\" data-lightboxshowtitle=\"true\" data-lightboxshowdescription=\"true\" data-specifyid=\"true\" data-donotinit=\"false\" data-addinitscript=\"false\" data-triggerresize=\"false\" data-thumbcolumnsresponsive=\"false\" data-thumbverticalmiddle=\"true\" data-removeinlinecss=\"true\" data-switchonmouseover=\"false\" data-showcategory=\"true\" data-carouselpagination=\"false\" data-showimgtitle=\"false\" data-titlesmallscreen=\"false\" data-initsocial=\"true\" data-showsocial=\"false\" data-showemail=\"false\" data-showfacebook=\"true\" data-showtwitter=\"true\" data-showpinterest=\"true\" data-socialrotateeffect=\"true\" data-doshortcodeontext=\"false\" data-loop=\"0\" data-duration=\"1500\" data-slideduration=\"1000\" data-slideshowinterval=\"6000\" data-googleanalyticsaccount=\"\" data-ga4account=\"\" data-resizemode=\"fill\" data-imagetoolboxmode=\"mouseover\" data-effect=\"fade\" data-padding=\"12\" data-bgcolor=\"\" data-bgimage=\"\" data-thumbwidth=\"120\" data-thumbheight=\"60\" data-thumbgap=\"8\" data-thumbrowgap=\"16\" data-lightboxtextheight=\"72\" data-lightboxtitlecss=\"{color:#333333; font:bold 12px Arial,Helvetica,sans-serif; overflow:hidden; white-space:normal; line-height:18px;}\" data-lightboxdescriptioncss=\"{color:#333333; font:normal 12px Arial,Helvetica,sans-serif; overflow:hidden; white-space:normal; line-height:14px;}\" data-titlecss=\"{color:#ffffff; font-size:14px; font-family:Armata, sans-serif, Arial; overflow:hidden; text-align:left; padding:10px 0px 10px 10px; background:rgb(102, 102, 102) transparent; background:rgba(102, 102, 102, 0.6);}\" data-descriptioncss=\"{color:#ffffff; font-size:13px; font-family:Armata, sans-serif, Arial; overflow:hidden; text-align:left; padding:0px 0px 10px 10px; background:rgb(102, 102, 102) transparent; background:rgba(102, 102, 102, 0.6);}\" data-titleheight=\"72\" data-titlesmallscreenwidth=\"640\" data-titleheightsmallscreen=\"148\" data-socialmode=\"mouseover\" data-socialposition=\"position:absolute;top:8px;right:8px;\" data-socialpositionlightbox=\"position:absolute;top:8px;right:8px;\" data-socialdirection=\"horizontal\" data-socialbuttonsize=\"32\" data-socialbuttonfontsize=\"18\" data-defaultvideovolume=\"1\" data-thumbtitleheight=\"24\" data-thumbmediumtitleheight=\"48\" data-thumbsmalltitleheight=\"72\" data-categoryheight=\"48\" data-categorydefault=\"all\" data-triggerresizedelay=\"100\" data-thumbmediumsize=\"800\" data-thumbsmallsize=\"480\" data-thumbmediumwidth=\"64\" data-thumbmediumheight=\"64\" data-thumbsmallwidth=\"48\" data-thumbsmallheight=\"48\" data-imgtitle=\"title\" data-carouselpaginationrow=\"3\" data-categorystyle=\"dropdown\" data-categorylist=\"[{&quot;slug&quot;:&quot;all&quot;,&quot;caption&quot;:&quot;Show All&quot;}]\" data-jsfolder=\"https:\/\/jornaldasoficinas.com\/pt\/wp-content\/plugins\/wonderplugin-gallery\/engine\/\" style=\"display:none;\" ><a class=\"html5galleryimglink\" href=\"https:\/\/jornaldasoficinas.com\/pt\/wp-content\/uploads\/2025\/03\/ANECRA18encontro\/01.jpg\" data-mediatype=1><img decoding=\"async\" class=\"html5galleryimg html5gallery-tn-image\" src=\"https:\/\/jornaldasoficinas.com\/pt\/wp-content\/uploads\/2025\/03\/ANECRA18encontro\/01.jpg\" alt=\"\"><\/a><div class=\"html5gallery-info\"><\/div><a class=\"html5galleryimglink\" href=\"https:\/\/jornaldasoficinas.com\/pt\/wp-content\/uploads\/2025\/03\/ANECRA18encontro\/02.jpg\" data-mediatype=1><img decoding=\"async\" class=\"html5galleryimg html5gallery-tn-image\" src=\"https:\/\/jornaldasoficinas.com\/pt\/wp-content\/uploads\/2025\/03\/ANECRA18encontro\/02.jpg\" alt=\"\"><\/a><div class=\"html5gallery-info\"><\/div><a class=\"html5galleryimglink\" href=\"https:\/\/jornaldasoficinas.com\/pt\/wp-content\/uploads\/2025\/03\/ANECRA18encontro\/03.jpg\" data-mediatype=1><img decoding=\"async\" class=\"html5galleryimg html5gallery-tn-image\" src=\"https:\/\/jornaldasoficinas.com\/pt\/wp-content\/uploads\/2025\/03\/ANECRA18encontro\/03.jpg\" alt=\"\"><\/a><div class=\"html5gallery-info\"><\/div><a class=\"html5galleryimglink\" href=\"https:\/\/jornaldasoficinas.com\/pt\/wp-content\/uploads\/2025\/03\/ANECRA18encontro\/04.jpg\" data-mediatype=1><img decoding=\"async\" class=\"html5galleryimg html5gallery-tn-image\" src=\"https:\/\/jornaldasoficinas.com\/pt\/wp-content\/uploads\/2025\/03\/ANECRA18encontro\/04.jpg\" alt=\"\"><\/a><div class=\"html5gallery-info\"><\/div><a class=\"html5galleryimglink\" href=\"https:\/\/jornaldasoficinas.com\/pt\/wp-content\/uploads\/2025\/03\/ANECRA18encontro\/05.jpg\" data-mediatype=1><img decoding=\"async\" class=\"html5galleryimg html5gallery-tn-image\" src=\"https:\/\/jornaldasoficinas.com\/pt\/wp-content\/uploads\/2025\/03\/ANECRA18encontro\/05.jpg\" alt=\"\"><\/a><div class=\"html5gallery-info\"><\/div><a class=\"html5galleryimglink\" href=\"https:\/\/jornaldasoficinas.com\/pt\/wp-content\/uploads\/2025\/03\/ANECRA18encontro\/06.jpg\" data-mediatype=1><img decoding=\"async\" class=\"html5galleryimg html5gallery-tn-image\" src=\"https:\/\/jornaldasoficinas.com\/pt\/wp-content\/uploads\/2025\/03\/ANECRA18encontro\/06.jpg\" alt=\"\"><\/a><div class=\"html5gallery-info\"><\/div><a class=\"html5galleryimglink\" href=\"https:\/\/jornaldasoficinas.com\/pt\/wp-content\/uploads\/2025\/03\/ANECRA18encontro\/07.jpg\" data-mediatype=1><img decoding=\"async\" class=\"html5galleryimg html5gallery-tn-image\" src=\"https:\/\/jornaldasoficinas.com\/pt\/wp-content\/uploads\/2025\/03\/ANECRA18encontro\/07.jpg\" alt=\"\"><\/a><div class=\"html5gallery-info\"><\/div><a class=\"html5galleryimglink\" href=\"https:\/\/jornaldasoficinas.com\/pt\/wp-content\/uploads\/2025\/03\/ANECRA18encontro\/08.jpg\" data-mediatype=1><img decoding=\"async\" class=\"html5galleryimg html5gallery-tn-image\" src=\"https:\/\/jornaldasoficinas.com\/pt\/wp-content\/uploads\/2025\/03\/ANECRA18encontro\/08.jpg\" alt=\"\"><\/a><div class=\"html5gallery-info\"><\/div><a class=\"html5galleryimglink\" href=\"https:\/\/jornaldasoficinas.com\/pt\/wp-content\/uploads\/2025\/03\/ANECRA18encontro\/09.jpg\" data-mediatype=1><img decoding=\"async\" class=\"html5galleryimg html5gallery-tn-image\" src=\"https:\/\/jornaldasoficinas.com\/pt\/wp-content\/uploads\/2025\/03\/ANECRA18encontro\/09.jpg\" alt=\"\"><\/a><div class=\"html5gallery-info\"><\/div><a class=\"html5galleryimglink\" href=\"https:\/\/jornaldasoficinas.com\/pt\/wp-content\/uploads\/2025\/03\/ANECRA18encontro\/10.jpg\" data-mediatype=1><img decoding=\"async\" class=\"html5galleryimg html5gallery-tn-image\" src=\"https:\/\/jornaldasoficinas.com\/pt\/wp-content\/uploads\/2025\/03\/ANECRA18encontro\/10.jpg\" alt=\"\"><\/a><div class=\"html5gallery-info\"><\/div><a class=\"html5galleryimglink\" href=\"https:\/\/jornaldasoficinas.com\/pt\/wp-content\/uploads\/2025\/03\/ANECRA18encontro\/11.jpg\" data-mediatype=1><img decoding=\"async\" class=\"html5galleryimg html5gallery-tn-image\" src=\"https:\/\/jornaldasoficinas.com\/pt\/wp-content\/uploads\/2025\/03\/ANECRA18encontro\/11.jpg\" alt=\"\"><\/a><div class=\"html5gallery-info\"><\/div><a class=\"html5galleryimglink\" href=\"https:\/\/jornaldasoficinas.com\/pt\/wp-content\/uploads\/2025\/03\/ANECRA18encontro\/12.jpg\" data-mediatype=1><img decoding=\"async\" class=\"html5galleryimg html5gallery-tn-image\" src=\"https:\/\/jornaldasoficinas.com\/pt\/wp-content\/uploads\/2025\/03\/ANECRA18encontro\/12.jpg\" alt=\"\"><\/a><div class=\"html5gallery-info\"><\/div><a class=\"html5galleryimglink\" href=\"https:\/\/jornaldasoficinas.com\/pt\/wp-content\/uploads\/2025\/03\/ANECRA18encontro\/13.jpg\" data-mediatype=1><img decoding=\"async\" class=\"html5galleryimg html5gallery-tn-image\" src=\"https:\/\/jornaldasoficinas.com\/pt\/wp-content\/uploads\/2025\/03\/ANECRA18encontro\/13.jpg\" alt=\"\"><\/a><div class=\"html5gallery-info\"><\/div><a class=\"html5galleryimglink\" href=\"https:\/\/jornaldasoficinas.com\/pt\/wp-content\/uploads\/2025\/03\/ANECRA18encontro\/14.jpg\" data-mediatype=1><img decoding=\"async\" class=\"html5galleryimg html5gallery-tn-image\" src=\"https:\/\/jornaldasoficinas.com\/pt\/wp-content\/uploads\/2025\/03\/ANECRA18encontro\/14.jpg\" alt=\"\"><\/a><div class=\"html5gallery-info\"><\/div><a class=\"html5galleryimglink\" href=\"https:\/\/jornaldasoficinas.com\/pt\/wp-content\/uploads\/2025\/03\/ANECRA18encontro\/15.jpg\" data-mediatype=1><img decoding=\"async\" class=\"html5galleryimg html5gallery-tn-image\" src=\"https:\/\/jornaldasoficinas.com\/pt\/wp-content\/uploads\/2025\/03\/ANECRA18encontro\/15.jpg\" alt=\"\"><\/a><div class=\"html5gallery-info\"><\/div><a class=\"html5galleryimglink\" href=\"https:\/\/jornaldasoficinas.com\/pt\/wp-content\/uploads\/2025\/03\/ANECRA18encontro\/16.jpg\" data-mediatype=1><img decoding=\"async\" class=\"html5galleryimg html5gallery-tn-image\" src=\"https:\/\/jornaldasoficinas.com\/pt\/wp-content\/uploads\/2025\/03\/ANECRA18encontro\/16.jpg\" alt=\"\"><\/a><div class=\"html5gallery-info\"><\/div><a class=\"html5galleryimglink\" href=\"https:\/\/jornaldasoficinas.com\/pt\/wp-content\/uploads\/2025\/03\/ANECRA18encontro\/17.jpg\" data-mediatype=1><img decoding=\"async\" class=\"html5galleryimg html5gallery-tn-image\" src=\"https:\/\/jornaldasoficinas.com\/pt\/wp-content\/uploads\/2025\/03\/ANECRA18encontro\/17.jpg\" alt=\"\"><\/a><div class=\"html5gallery-info\"><\/div><a class=\"html5galleryimglink\" href=\"https:\/\/jornaldasoficinas.com\/pt\/wp-content\/uploads\/2025\/03\/ANECRA18encontro\/18.jpg\" data-mediatype=1><img decoding=\"async\" class=\"html5galleryimg html5gallery-tn-image\" src=\"https:\/\/jornaldasoficinas.com\/pt\/wp-content\/uploads\/2025\/03\/ANECRA18encontro\/18.jpg\" alt=\"\"><\/a><div class=\"html5gallery-info\"><\/div><a class=\"html5galleryimglink\" href=\"https:\/\/jornaldasoficinas.com\/pt\/wp-content\/uploads\/2025\/03\/ANECRA18encontro\/19.jpg\" data-mediatype=1><img decoding=\"async\" class=\"html5galleryimg html5gallery-tn-image\" src=\"https:\/\/jornaldasoficinas.com\/pt\/wp-content\/uploads\/2025\/03\/ANECRA18encontro\/19.jpg\" alt=\"\"><\/a><div class=\"html5gallery-info\"><\/div><a class=\"html5galleryimglink\" href=\"https:\/\/jornaldasoficinas.com\/pt\/wp-content\/uploads\/2025\/03\/ANECRA18encontro\/20.jpg\" data-mediatype=1><img decoding=\"async\" class=\"html5galleryimg html5gallery-tn-image\" src=\"https:\/\/jornaldasoficinas.com\/pt\/wp-content\/uploads\/2025\/03\/ANECRA18encontro\/20.jpg\" alt=\"\"><\/a><div class=\"html5gallery-info\"><\/div><a class=\"html5galleryimglink\" href=\"https:\/\/jornaldasoficinas.com\/pt\/wp-content\/uploads\/2025\/03\/ANECRA18encontro\/21.jpg\" data-mediatype=1><img decoding=\"async\" class=\"html5galleryimg html5gallery-tn-image\" src=\"https:\/\/jornaldasoficinas.com\/pt\/wp-content\/uploads\/2025\/03\/ANECRA18encontro\/21.jpg\" alt=\"\"><\/a><div class=\"html5gallery-info\"><\/div><a class=\"html5galleryimglink\" href=\"https:\/\/jornaldasoficinas.com\/pt\/wp-content\/uploads\/2025\/03\/ANECRA18encontro\/22.jpg\" data-mediatype=1><img decoding=\"async\" class=\"html5galleryimg html5gallery-tn-image\" src=\"https:\/\/jornaldasoficinas.com\/pt\/wp-content\/uploads\/2025\/03\/ANECRA18encontro\/22.jpg\" alt=\"\"><\/a><div class=\"html5gallery-info\"><\/div><a class=\"html5galleryimglink\" href=\"https:\/\/jornaldasoficinas.com\/pt\/wp-content\/uploads\/2025\/03\/ANECRA18encontro\/23.jpg\" data-mediatype=1><img decoding=\"async\" class=\"html5galleryimg html5gallery-tn-image\" src=\"https:\/\/jornaldasoficinas.com\/pt\/wp-content\/uploads\/2025\/03\/ANECRA18encontro\/23.jpg\" alt=\"\"><\/a><div class=\"html5gallery-info\"><\/div><a class=\"html5galleryimglink\" href=\"https:\/\/jornaldasoficinas.com\/pt\/wp-content\/uploads\/2025\/03\/ANECRA18encontro\/24.jpg\" data-mediatype=1><img decoding=\"async\" class=\"html5galleryimg html5gallery-tn-image\" src=\"https:\/\/jornaldasoficinas.com\/pt\/wp-content\/uploads\/2025\/03\/ANECRA18encontro\/24.jpg\" alt=\"\"><\/a><div class=\"html5gallery-info\"><\/div><a class=\"html5galleryimglink\" href=\"https:\/\/jornaldasoficinas.com\/pt\/wp-content\/uploads\/2025\/03\/ANECRA18encontro\/25.jpg\" data-mediatype=1><img decoding=\"async\" class=\"html5galleryimg html5gallery-tn-image\" src=\"https:\/\/jornaldasoficinas.com\/pt\/wp-content\/uploads\/2025\/03\/ANECRA18encontro\/25.jpg\" alt=\"\"><\/a><div class=\"html5gallery-info\"><\/div><a class=\"html5galleryimglink\" href=\"https:\/\/jornaldasoficinas.com\/pt\/wp-content\/uploads\/2025\/03\/ANECRA18encontro\/26.jpg\" data-mediatype=1><img decoding=\"async\" class=\"html5galleryimg html5gallery-tn-image\" src=\"https:\/\/jornaldasoficinas.com\/pt\/wp-content\/uploads\/2025\/03\/ANECRA18encontro\/26.jpg\" alt=\"\"><\/a><div class=\"html5gallery-info\"><\/div><a class=\"html5galleryimglink\" href=\"https:\/\/jornaldasoficinas.com\/pt\/wp-content\/uploads\/2025\/03\/ANECRA18encontro\/27.jpg\" data-mediatype=1><img decoding=\"async\" class=\"html5galleryimg html5gallery-tn-image\" src=\"https:\/\/jornaldasoficinas.com\/pt\/wp-content\/uploads\/2025\/03\/ANECRA18encontro\/27.jpg\" alt=\"\"><\/a><div class=\"html5gallery-info\"><\/div><a class=\"html5galleryimglink\" href=\"https:\/\/jornaldasoficinas.com\/pt\/wp-content\/uploads\/2025\/03\/ANECRA18encontro\/28.jpg\" data-mediatype=1><img decoding=\"async\" class=\"html5galleryimg html5gallery-tn-image\" src=\"https:\/\/jornaldasoficinas.com\/pt\/wp-content\/uploads\/2025\/03\/ANECRA18encontro\/28.jpg\" alt=\"\"><\/a><div class=\"html5gallery-info\"><\/div><a class=\"html5galleryimglink\" href=\"https:\/\/jornaldasoficinas.com\/pt\/wp-content\/uploads\/2025\/03\/ANECRA18encontro\/29.jpg\" data-mediatype=1><img decoding=\"async\" class=\"html5galleryimg html5gallery-tn-image\" src=\"https:\/\/jornaldasoficinas.com\/pt\/wp-content\/uploads\/2025\/03\/ANECRA18encontro\/29.jpg\" alt=\"\"><\/a><div class=\"html5gallery-info\"><\/div><a class=\"html5galleryimglink\" href=\"https:\/\/jornaldasoficinas.com\/pt\/wp-content\/uploads\/2025\/03\/ANECRA18encontro\/30.jpg\" data-mediatype=1><img decoding=\"async\" class=\"html5galleryimg html5gallery-tn-image\" src=\"https:\/\/jornaldasoficinas.com\/pt\/wp-content\/uploads\/2025\/03\/ANECRA18encontro\/30.jpg\" alt=\"\"><\/a><div class=\"html5gallery-info\"><\/div><a class=\"html5galleryimglink\" href=\"https:\/\/jornaldasoficinas.com\/pt\/wp-content\/uploads\/2025\/03\/ANECRA18encontro\/31.jpg\" data-mediatype=1><img decoding=\"async\" class=\"html5galleryimg html5gallery-tn-image\" src=\"https:\/\/jornaldasoficinas.com\/pt\/wp-content\/uploads\/2025\/03\/ANECRA18encontro\/31.jpg\" alt=\"\"><\/a><div class=\"html5gallery-info\"><\/div><a class=\"html5galleryimglink\" href=\"https:\/\/jornaldasoficinas.com\/pt\/wp-content\/uploads\/2025\/03\/ANECRA18encontro\/32.jpg\" data-mediatype=1><img decoding=\"async\" class=\"html5galleryimg html5gallery-tn-image\" src=\"https:\/\/jornaldasoficinas.com\/pt\/wp-content\/uploads\/2025\/03\/ANECRA18encontro\/32.jpg\" alt=\"\"><\/a><div class=\"html5gallery-info\"><\/div><a class=\"html5galleryimglink\" href=\"https:\/\/jornaldasoficinas.com\/pt\/wp-content\/uploads\/2025\/03\/ANECRA18encontro\/33.jpg\" data-mediatype=1><img decoding=\"async\" class=\"html5galleryimg html5gallery-tn-image\" src=\"https:\/\/jornaldasoficinas.com\/pt\/wp-content\/uploads\/2025\/03\/ANECRA18encontro\/33.jpg\" alt=\"\"><\/a><div class=\"html5gallery-info\"><\/div><\/div><\/div><script>function wondergallery_234_appendcss(csscode) {var head=document.head || document.getElementsByTagName(\"head\")[0];var style=document.createElement(\"style\");head.appendChild(style);style.type=\"text\/css\";if (style.styleSheet){style.styleSheet.cssText=csscode;} else {style.appendChild(document.createTextNode(csscode));}};wondergallery_234_appendcss(\"#wonderplugingallery-234 .html5gallery-cat-selection-234 { \tbox-sizing: border-box; \ttext-align: center; }  #wonderplugingallery-234 .html5gallery-cat-selection-234 select { \tbox-sizing: border-box; \tmargin: 4px auto; }\");<\/script>\n<p>&nbsp;<\/p>\n","protected":false},"excerpt":{"rendered":"<p>O 18.\u00ba Encontro Nacional da Repara\u00e7\u00e3o&#8230;<\/p>\n","protected":false},"author":15,"featured_media":99635,"comment_status":"closed","ping_status":"closed","sticky":false,"template":"","format":"standard","meta":{"footnotes":""},"categories":[29],"tags":[137,8497,8562,386,8479,8074,12332,1767],"class_list":["post-99625","post","type-post","status-publish","format-standard","has-post-thumbnail","hentry","category-empresas","tag-anecra","tag-desafios","tag-mercado-de-pecas","tag-oficinas","tag-oportunidades","tag-peca-verde","tag-profissionais-especializados","tag-sustentabilidade"],"yoast_head":"<!-- This site is optimized with the Yoast SEO plugin v27.4 - https:\/\/yoast.com\/product\/yoast-seo-wordpress\/ -->\n<title>ANECRA debate futuro do p\u00f3s-venda autom\u00f3vel - Jornal das Oficinas<\/title>\n<meta name=\"description\" content=\"O 18.\u00ba Encontro Nacional da Repara\u00e7\u00e3o Autom\u00f3vel, dinamizado pela ANECRA, decorreu hoje, em Espinho, reunindo especialistas do setor\" \/>\n<meta name=\"robots\" content=\"index, follow, max-snippet:-1, max-image-preview:large, max-video-preview:-1\" \/>\n<link rel=\"canonical\" href=\"https:\/\/jornaldasoficinas.com\/pt\/anecra-debate-futuro-do-pos-venda-automovel\/\" \/>\n<meta property=\"og:locale\" content=\"pt_PT\" \/>\n<meta property=\"og:type\" content=\"article\" \/>\n<meta property=\"og:title\" content=\"ANECRA debate futuro do p\u00f3s-venda autom\u00f3vel - Jornal das Oficinas\" \/>\n<meta property=\"og:description\" content=\"O 18.\u00ba Encontro Nacional da Repara\u00e7\u00e3o Autom\u00f3vel, dinamizado pela ANECRA, decorreu hoje, em Espinho, reunindo especialistas do setor\" \/>\n<meta property=\"og:url\" content=\"https:\/\/jornaldasoficinas.com\/pt\/anecra-debate-futuro-do-pos-venda-automovel\/\" \/>\n<meta property=\"og:site_name\" content=\"Jornal das Oficinas\" \/>\n<meta property=\"article:publisher\" content=\"https:\/\/www.facebook.com\/jornaloficinas\" \/>\n<meta property=\"article:published_time\" content=\"2025-03-29T19:42:19+00:00\" \/>\n<meta property=\"article:modified_time\" content=\"2025-03-30T09:32:34+00:00\" \/>\n<meta property=\"og:image\" content=\"https:\/\/jornaldasoficinas.com\/pt\/wp-content\/uploads\/2025\/03\/ANECRA-debate-futuro-do-pos-venda-automovel.jpeg\" \/>\n\t<meta property=\"og:image:width\" content=\"1024\" \/>\n\t<meta property=\"og:image:height\" content=\"581\" \/>\n\t<meta property=\"og:image:type\" content=\"image\/jpeg\" \/>\n<meta name=\"author\" content=\"Reda\u00e7\u00e3o JO\" \/>\n<meta name=\"twitter:card\" content=\"summary_large_image\" \/>\n<meta name=\"twitter:creator\" content=\"@jornaloficinas\" \/>\n<meta name=\"twitter:site\" content=\"@jornaloficinas\" \/>\n<meta name=\"twitter:label1\" content=\"Escrito por\" \/>\n\t<meta name=\"twitter:data1\" content=\"Reda\u00e7\u00e3o JO\" \/>\n\t<meta name=\"twitter:label2\" content=\"Tempo estimado de leitura\" \/>\n\t<meta name=\"twitter:data2\" content=\"4 minutos\" \/>\n<script type=\"application\/ld+json\" class=\"yoast-schema-graph\">{\"@context\":\"https:\\\/\\\/schema.org\",\"@graph\":[{\"@type\":\"Article\",\"@id\":\"https:\\\/\\\/jornaldasoficinas.com\\\/pt\\\/anecra-debate-futuro-do-pos-venda-automovel\\\/#article\",\"isPartOf\":{\"@id\":\"https:\\\/\\\/jornaldasoficinas.com\\\/pt\\\/anecra-debate-futuro-do-pos-venda-automovel\\\/\"},\"author\":{\"name\":\"Reda\u00e7\u00e3o JO\",\"@id\":\"https:\\\/\\\/jornaldasoficinas.com\\\/pt\\\/#\\\/schema\\\/person\\\/a38eef5de2c41d9e7c9ac10141afddf3\"},\"headline\":\"ANECRA debate futuro do p\u00f3s-venda autom\u00f3vel\",\"datePublished\":\"2025-03-29T19:42:19+00:00\",\"dateModified\":\"2025-03-30T09:32:34+00:00\",\"mainEntityOfPage\":{\"@id\":\"https:\\\/\\\/jornaldasoficinas.com\\\/pt\\\/anecra-debate-futuro-do-pos-venda-automovel\\\/\"},\"wordCount\":694,\"publisher\":{\"@id\":\"https:\\\/\\\/jornaldasoficinas.com\\\/pt\\\/#organization\"},\"image\":{\"@id\":\"https:\\\/\\\/jornaldasoficinas.com\\\/pt\\\/anecra-debate-futuro-do-pos-venda-automovel\\\/#primaryimage\"},\"thumbnailUrl\":\"https:\\\/\\\/jornaldasoficinas.com\\\/pt\\\/wp-content\\\/uploads\\\/2025\\\/03\\\/ANECRA-debate-futuro-do-pos-venda-automovel.jpeg\",\"keywords\":[\"ANECRA\",\"desafios\",\"mercado de pe\u00e7as\",\"Oficinas\",\"oportunidades\",\"Pe\u00e7a verde\",\"profissionais especializados\",\"Sustentabilidade\"],\"articleSection\":[\"Empresas\"],\"inLanguage\":\"pt-PT\"},{\"@type\":\"WebPage\",\"@id\":\"https:\\\/\\\/jornaldasoficinas.com\\\/pt\\\/anecra-debate-futuro-do-pos-venda-automovel\\\/\",\"url\":\"https:\\\/\\\/jornaldasoficinas.com\\\/pt\\\/anecra-debate-futuro-do-pos-venda-automovel\\\/\",\"name\":\"ANECRA debate futuro do p\u00f3s-venda autom\u00f3vel - Jornal das Oficinas\",\"isPartOf\":{\"@id\":\"https:\\\/\\\/jornaldasoficinas.com\\\/pt\\\/#website\"},\"primaryImageOfPage\":{\"@id\":\"https:\\\/\\\/jornaldasoficinas.com\\\/pt\\\/anecra-debate-futuro-do-pos-venda-automovel\\\/#primaryimage\"},\"image\":{\"@id\":\"https:\\\/\\\/jornaldasoficinas.com\\\/pt\\\/anecra-debate-futuro-do-pos-venda-automovel\\\/#primaryimage\"},\"thumbnailUrl\":\"https:\\\/\\\/jornaldasoficinas.com\\\/pt\\\/wp-content\\\/uploads\\\/2025\\\/03\\\/ANECRA-debate-futuro-do-pos-venda-automovel.jpeg\",\"datePublished\":\"2025-03-29T19:42:19+00:00\",\"dateModified\":\"2025-03-30T09:32:34+00:00\",\"description\":\"O 18.\u00ba Encontro Nacional da Repara\u00e7\u00e3o Autom\u00f3vel, dinamizado pela ANECRA, decorreu hoje, em Espinho, reunindo especialistas do setor\",\"breadcrumb\":{\"@id\":\"https:\\\/\\\/jornaldasoficinas.com\\\/pt\\\/anecra-debate-futuro-do-pos-venda-automovel\\\/#breadcrumb\"},\"inLanguage\":\"pt-PT\",\"potentialAction\":[{\"@type\":\"ReadAction\",\"target\":[\"https:\\\/\\\/jornaldasoficinas.com\\\/pt\\\/anecra-debate-futuro-do-pos-venda-automovel\\\/\"]}]},{\"@type\":\"ImageObject\",\"inLanguage\":\"pt-PT\",\"@id\":\"https:\\\/\\\/jornaldasoficinas.com\\\/pt\\\/anecra-debate-futuro-do-pos-venda-automovel\\\/#primaryimage\",\"url\":\"https:\\\/\\\/jornaldasoficinas.com\\\/pt\\\/wp-content\\\/uploads\\\/2025\\\/03\\\/ANECRA-debate-futuro-do-pos-venda-automovel.jpeg\",\"contentUrl\":\"https:\\\/\\\/jornaldasoficinas.com\\\/pt\\\/wp-content\\\/uploads\\\/2025\\\/03\\\/ANECRA-debate-futuro-do-pos-venda-automovel.jpeg\",\"width\":1024,\"height\":581,\"caption\":\"03 - ANECRA debate futuro do pos venda automovel\"},{\"@type\":\"BreadcrumbList\",\"@id\":\"https:\\\/\\\/jornaldasoficinas.com\\\/pt\\\/anecra-debate-futuro-do-pos-venda-automovel\\\/#breadcrumb\",\"itemListElement\":[{\"@type\":\"ListItem\",\"position\":1,\"name\":\"In\u00edcio\",\"item\":\"https:\\\/\\\/jornaldasoficinas.com\\\/pt\\\/\"},{\"@type\":\"ListItem\",\"position\":2,\"name\":\"ANECRA debate futuro do p\u00f3s-venda autom\u00f3vel\"}]},{\"@type\":\"WebSite\",\"@id\":\"https:\\\/\\\/jornaldasoficinas.com\\\/pt\\\/#website\",\"url\":\"https:\\\/\\\/jornaldasoficinas.com\\\/pt\\\/\",\"name\":\"Jornal das Oficinas\",\"description\":\"Jornal independente do Aftermarket Autom\u00f3vel em Portugal\",\"publisher\":{\"@id\":\"https:\\\/\\\/jornaldasoficinas.com\\\/pt\\\/#organization\"},\"potentialAction\":[{\"@type\":\"SearchAction\",\"target\":{\"@type\":\"EntryPoint\",\"urlTemplate\":\"https:\\\/\\\/jornaldasoficinas.com\\\/pt\\\/?s={search_term_string}\"},\"query-input\":{\"@type\":\"PropertyValueSpecification\",\"valueRequired\":true,\"valueName\":\"search_term_string\"}}],\"inLanguage\":\"pt-PT\"},{\"@type\":\"Organization\",\"@id\":\"https:\\\/\\\/jornaldasoficinas.com\\\/pt\\\/#organization\",\"name\":\"Jornal das Oficinas\",\"url\":\"https:\\\/\\\/jornaldasoficinas.com\\\/pt\\\/\",\"logo\":{\"@type\":\"ImageObject\",\"inLanguage\":\"pt-PT\",\"@id\":\"https:\\\/\\\/jornaldasoficinas.com\\\/pt\\\/#\\\/schema\\\/logo\\\/image\\\/\",\"url\":\"https:\\\/\\\/jornaldasoficinas.com\\\/pt\\\/wp-content\\\/uploads\\\/logoJO-SEO.png\",\"contentUrl\":\"https:\\\/\\\/jornaldasoficinas.com\\\/pt\\\/wp-content\\\/uploads\\\/logoJO-SEO.png\",\"width\":285,\"height\":450,\"caption\":\"Jornal das Oficinas\"},\"image\":{\"@id\":\"https:\\\/\\\/jornaldasoficinas.com\\\/pt\\\/#\\\/schema\\\/logo\\\/image\\\/\"},\"sameAs\":[\"https:\\\/\\\/www.facebook.com\\\/jornaloficinas\",\"https:\\\/\\\/x.com\\\/jornaloficinas\",\"https:\\\/\\\/www.instagram.com\\\/jornal_oficinas\\\/\",\"https:\\\/\\\/www.linkedin.com\\\/company\\\/jornal-das-oficinas\\\/\",\"https:\\\/\\\/www.youtube.com\\\/channel\\\/UCbQZBqtcvV-oSQrr7RzINGg\"]},{\"@type\":\"Person\",\"@id\":\"https:\\\/\\\/jornaldasoficinas.com\\\/pt\\\/#\\\/schema\\\/person\\\/a38eef5de2c41d9e7c9ac10141afddf3\",\"name\":\"Reda\u00e7\u00e3o JO\",\"image\":{\"@type\":\"ImageObject\",\"inLanguage\":\"pt-PT\",\"@id\":\"https:\\\/\\\/secure.gravatar.com\\\/avatar\\\/71f2fa71737ad68a84fea94bc708ddac8ea5b0c4788dc2ad202f3ccb2887742f?s=96&d=wp_user_avatar&r=g\",\"url\":\"https:\\\/\\\/secure.gravatar.com\\\/avatar\\\/71f2fa71737ad68a84fea94bc708ddac8ea5b0c4788dc2ad202f3ccb2887742f?s=96&d=wp_user_avatar&r=g\",\"contentUrl\":\"https:\\\/\\\/secure.gravatar.com\\\/avatar\\\/71f2fa71737ad68a84fea94bc708ddac8ea5b0c4788dc2ad202f3ccb2887742f?s=96&d=wp_user_avatar&r=g\",\"caption\":\"Reda\u00e7\u00e3o JO\"},\"url\":\"https:\\\/\\\/jornaldasoficinas.com\\\/pt\\\/author\\\/joredacao\\\/\"}]}<\/script>\n<!-- \/ Yoast SEO plugin. -->","yoast_head_json":{"title":"ANECRA debate futuro do p\u00f3s-venda autom\u00f3vel - Jornal das Oficinas","description":"O 18.\u00ba Encontro Nacional da Repara\u00e7\u00e3o Autom\u00f3vel, dinamizado pela ANECRA, decorreu hoje, em Espinho, reunindo especialistas do setor","robots":{"index":"index","follow":"follow","max-snippet":"max-snippet:-1","max-image-preview":"max-image-preview:large","max-video-preview":"max-video-preview:-1"},"canonical":"https:\/\/jornaldasoficinas.com\/pt\/anecra-debate-futuro-do-pos-venda-automovel\/","og_locale":"pt_PT","og_type":"article","og_title":"ANECRA debate futuro do p\u00f3s-venda autom\u00f3vel - Jornal das Oficinas","og_description":"O 18.\u00ba Encontro Nacional da Repara\u00e7\u00e3o Autom\u00f3vel, dinamizado pela ANECRA, decorreu hoje, em Espinho, reunindo especialistas do setor","og_url":"https:\/\/jornaldasoficinas.com\/pt\/anecra-debate-futuro-do-pos-venda-automovel\/","og_site_name":"Jornal das Oficinas","article_publisher":"https:\/\/www.facebook.com\/jornaloficinas","article_published_time":"2025-03-29T19:42:19+00:00","article_modified_time":"2025-03-30T09:32:34+00:00","og_image":[{"width":1024,"height":581,"url":"https:\/\/jornaldasoficinas.com\/pt\/wp-content\/uploads\/2025\/03\/ANECRA-debate-futuro-do-pos-venda-automovel.jpeg","type":"image\/jpeg"}],"author":"Reda\u00e7\u00e3o JO","twitter_card":"summary_large_image","twitter_creator":"@jornaloficinas","twitter_site":"@jornaloficinas","twitter_misc":{"Escrito por":"Reda\u00e7\u00e3o JO","Tempo estimado de leitura":"4 minutos"},"schema":{"@context":"https:\/\/schema.org","@graph":[{"@type":"Article","@id":"https:\/\/jornaldasoficinas.com\/pt\/anecra-debate-futuro-do-pos-venda-automovel\/#article","isPartOf":{"@id":"https:\/\/jornaldasoficinas.com\/pt\/anecra-debate-futuro-do-pos-venda-automovel\/"},"author":{"name":"Reda\u00e7\u00e3o JO","@id":"https:\/\/jornaldasoficinas.com\/pt\/#\/schema\/person\/a38eef5de2c41d9e7c9ac10141afddf3"},"headline":"ANECRA debate futuro do p\u00f3s-venda autom\u00f3vel","datePublished":"2025-03-29T19:42:19+00:00","dateModified":"2025-03-30T09:32:34+00:00","mainEntityOfPage":{"@id":"https:\/\/jornaldasoficinas.com\/pt\/anecra-debate-futuro-do-pos-venda-automovel\/"},"wordCount":694,"publisher":{"@id":"https:\/\/jornaldasoficinas.com\/pt\/#organization"},"image":{"@id":"https:\/\/jornaldasoficinas.com\/pt\/anecra-debate-futuro-do-pos-venda-automovel\/#primaryimage"},"thumbnailUrl":"https:\/\/jornaldasoficinas.com\/pt\/wp-content\/uploads\/2025\/03\/ANECRA-debate-futuro-do-pos-venda-automovel.jpeg","keywords":["ANECRA","desafios","mercado de pe\u00e7as","Oficinas","oportunidades","Pe\u00e7a verde","profissionais especializados","Sustentabilidade"],"articleSection":["Empresas"],"inLanguage":"pt-PT"},{"@type":"WebPage","@id":"https:\/\/jornaldasoficinas.com\/pt\/anecra-debate-futuro-do-pos-venda-automovel\/","url":"https:\/\/jornaldasoficinas.com\/pt\/anecra-debate-futuro-do-pos-venda-automovel\/","name":"ANECRA debate futuro do p\u00f3s-venda autom\u00f3vel - Jornal das Oficinas","isPartOf":{"@id":"https:\/\/jornaldasoficinas.com\/pt\/#website"},"primaryImageOfPage":{"@id":"https:\/\/jornaldasoficinas.com\/pt\/anecra-debate-futuro-do-pos-venda-automovel\/#primaryimage"},"image":{"@id":"https:\/\/jornaldasoficinas.com\/pt\/anecra-debate-futuro-do-pos-venda-automovel\/#primaryimage"},"thumbnailUrl":"https:\/\/jornaldasoficinas.com\/pt\/wp-content\/uploads\/2025\/03\/ANECRA-debate-futuro-do-pos-venda-automovel.jpeg","datePublished":"2025-03-29T19:42:19+00:00","dateModified":"2025-03-30T09:32:34+00:00","description":"O 18.\u00ba Encontro Nacional da Repara\u00e7\u00e3o Autom\u00f3vel, dinamizado pela ANECRA, decorreu hoje, em Espinho, reunindo especialistas do setor","breadcrumb":{"@id":"https:\/\/jornaldasoficinas.com\/pt\/anecra-debate-futuro-do-pos-venda-automovel\/#breadcrumb"},"inLanguage":"pt-PT","potentialAction":[{"@type":"ReadAction","target":["https:\/\/jornaldasoficinas.com\/pt\/anecra-debate-futuro-do-pos-venda-automovel\/"]}]},{"@type":"ImageObject","inLanguage":"pt-PT","@id":"https:\/\/jornaldasoficinas.com\/pt\/anecra-debate-futuro-do-pos-venda-automovel\/#primaryimage","url":"https:\/\/jornaldasoficinas.com\/pt\/wp-content\/uploads\/2025\/03\/ANECRA-debate-futuro-do-pos-venda-automovel.jpeg","contentUrl":"https:\/\/jornaldasoficinas.com\/pt\/wp-content\/uploads\/2025\/03\/ANECRA-debate-futuro-do-pos-venda-automovel.jpeg","width":1024,"height":581,"caption":"03 - ANECRA debate futuro do pos venda automovel"},{"@type":"BreadcrumbList","@id":"https:\/\/jornaldasoficinas.com\/pt\/anecra-debate-futuro-do-pos-venda-automovel\/#breadcrumb","itemListElement":[{"@type":"ListItem","position":1,"name":"In\u00edcio","item":"https:\/\/jornaldasoficinas.com\/pt\/"},{"@type":"ListItem","position":2,"name":"ANECRA debate futuro do p\u00f3s-venda autom\u00f3vel"}]},{"@type":"WebSite","@id":"https:\/\/jornaldasoficinas.com\/pt\/#website","url":"https:\/\/jornaldasoficinas.com\/pt\/","name":"Jornal das Oficinas","description":"Jornal independente do Aftermarket Autom\u00f3vel em Portugal","publisher":{"@id":"https:\/\/jornaldasoficinas.com\/pt\/#organization"},"potentialAction":[{"@type":"SearchAction","target":{"@type":"EntryPoint","urlTemplate":"https:\/\/jornaldasoficinas.com\/pt\/?s={search_term_string}"},"query-input":{"@type":"PropertyValueSpecification","valueRequired":true,"valueName":"search_term_string"}}],"inLanguage":"pt-PT"},{"@type":"Organization","@id":"https:\/\/jornaldasoficinas.com\/pt\/#organization","name":"Jornal das Oficinas","url":"https:\/\/jornaldasoficinas.com\/pt\/","logo":{"@type":"ImageObject","inLanguage":"pt-PT","@id":"https:\/\/jornaldasoficinas.com\/pt\/#\/schema\/logo\/image\/","url":"https:\/\/jornaldasoficinas.com\/pt\/wp-content\/uploads\/logoJO-SEO.png","contentUrl":"https:\/\/jornaldasoficinas.com\/pt\/wp-content\/uploads\/logoJO-SEO.png","width":285,"height":450,"caption":"Jornal das Oficinas"},"image":{"@id":"https:\/\/jornaldasoficinas.com\/pt\/#\/schema\/logo\/image\/"},"sameAs":["https:\/\/www.facebook.com\/jornaloficinas","https:\/\/x.com\/jornaloficinas","https:\/\/www.instagram.com\/jornal_oficinas\/","https:\/\/www.linkedin.com\/company\/jornal-das-oficinas\/","https:\/\/www.youtube.com\/channel\/UCbQZBqtcvV-oSQrr7RzINGg"]},{"@type":"Person","@id":"https:\/\/jornaldasoficinas.com\/pt\/#\/schema\/person\/a38eef5de2c41d9e7c9ac10141afddf3","name":"Reda\u00e7\u00e3o JO","image":{"@type":"ImageObject","inLanguage":"pt-PT","@id":"https:\/\/secure.gravatar.com\/avatar\/71f2fa71737ad68a84fea94bc708ddac8ea5b0c4788dc2ad202f3ccb2887742f?s=96&d=wp_user_avatar&r=g","url":"https:\/\/secure.gravatar.com\/avatar\/71f2fa71737ad68a84fea94bc708ddac8ea5b0c4788dc2ad202f3ccb2887742f?s=96&d=wp_user_avatar&r=g","contentUrl":"https:\/\/secure.gravatar.com\/avatar\/71f2fa71737ad68a84fea94bc708ddac8ea5b0c4788dc2ad202f3ccb2887742f?s=96&d=wp_user_avatar&r=g","caption":"Reda\u00e7\u00e3o JO"},"url":"https:\/\/jornaldasoficinas.com\/pt\/author\/joredacao\/"}]}},"_links":{"self":[{"href":"https:\/\/jornaldasoficinas.com\/pt\/wp-json\/wp\/v2\/posts\/99625","targetHints":{"allow":["GET"]}}],"collection":[{"href":"https:\/\/jornaldasoficinas.com\/pt\/wp-json\/wp\/v2\/posts"}],"about":[{"href":"https:\/\/jornaldasoficinas.com\/pt\/wp-json\/wp\/v2\/types\/post"}],"author":[{"embeddable":true,"href":"https:\/\/jornaldasoficinas.com\/pt\/wp-json\/wp\/v2\/users\/15"}],"replies":[{"embeddable":true,"href":"https:\/\/jornaldasoficinas.com\/pt\/wp-json\/wp\/v2\/comments?post=99625"}],"version-history":[{"count":17,"href":"https:\/\/jornaldasoficinas.com\/pt\/wp-json\/wp\/v2\/posts\/99625\/revisions"}],"predecessor-version":[{"id":99682,"href":"https:\/\/jornaldasoficinas.com\/pt\/wp-json\/wp\/v2\/posts\/99625\/revisions\/99682"}],"wp:featuredmedia":[{"embeddable":true,"href":"https:\/\/jornaldasoficinas.com\/pt\/wp-json\/wp\/v2\/media\/99635"}],"wp:attachment":[{"href":"https:\/\/jornaldasoficinas.com\/pt\/wp-json\/wp\/v2\/media?parent=99625"}],"wp:term":[{"taxonomy":"category","embeddable":true,"href":"https:\/\/jornaldasoficinas.com\/pt\/wp-json\/wp\/v2\/categories?post=99625"},{"taxonomy":"post_tag","embeddable":true,"href":"https:\/\/jornaldasoficinas.com\/pt\/wp-json\/wp\/v2\/tags?post=99625"}],"curies":[{"name":"wp","href":"https:\/\/api.w.org\/{rel}","templated":true}]}}