{"id":9967,"date":"2020-02-20T09:30:52","date_gmt":"2020-02-20T09:30:52","guid":{"rendered":"https:\/\/jornaldasoficinas.com\/pt\/?p=9967"},"modified":"2020-02-20T09:33:27","modified_gmt":"2020-02-20T09:33:27","slug":"as-oficinas-contribuem-com-mais-de-42-do-total-de-oleos-recolhidos-anibal-vicente-sogilub","status":"publish","type":"post","link":"https:\/\/jornaldasoficinas.com\/pt\/as-oficinas-contribuem-com-mais-de-42-do-total-de-oleos-recolhidos-anibal-vicente-sogilub\/","title":{"rendered":"\u201cAs oficinas contribuem com mais de 42% do total de o\u0301leos recolhidos\u201d, An\u00edbal Vicente, Sogilub"},"content":{"rendered":"<p><img loading=\"lazy\" decoding=\"async\" class=\"alignnone wp-image-9968 size-full\" src=\"https:\/\/jornaldasoficinas.com\/pt\/wp-content\/uploads\/2020\/02\/anibelsogilub.png\" alt=\"02 - anibelsogilub\" width=\"1024\" height=\"581\" srcset=\"https:\/\/jornaldasoficinas.com\/pt\/wp-content\/uploads\/2020\/02\/anibelsogilub.png 1024w, https:\/\/jornaldasoficinas.com\/pt\/wp-content\/uploads\/2020\/02\/anibelsogilub-300x170.png 300w, https:\/\/jornaldasoficinas.com\/pt\/wp-content\/uploads\/2020\/02\/anibelsogilub-150x85.png 150w, https:\/\/jornaldasoficinas.com\/pt\/wp-content\/uploads\/2020\/02\/anibelsogilub-768x436.png 768w\" sizes=\"auto, (max-width: 1024px) 100vw, 1024px\" \/><\/p>\n<p><strong>A Sogilub e\u0301 responsa\u0301vel por tratar, reutilizar e valorizar milhares de toneladas de o\u0301leos lubrificantes usados, produzidos na\u0303o so\u0301 pelas oficinas mas, tambe\u0301m, por outras indu\u0301strias.<\/strong><\/p>\n<p>Ani\u0301bal Vicente, que anda ha\u0301 mais de tre\u0302s de\u0301cadas no \u201cmeio do o\u0301leo\u201d, integra a direc\u0327a\u0303o da entidade ha\u0301 mais de 10 anos. Em entrevista ao Jornal das Oficinas, o responsa\u0301vel falou sobre a Sociedade de Gesta\u0303o Integrada de \u00d3leos Lubrificantes Usados, Lda. E explicou o processo de valorizac\u0327a\u0303o deste resi\u0301duo.<\/p>\n<p>Cada vez mais, a sociedade preocupa-se com o meio ambiente e com as alterac\u0327o\u0303es clima\u0301ticas. A reciclagem de resi\u0301duos dome\u0301sticos ja\u0301 e\u0301 uma tarefa que entrou na rotina dia\u0301ria dos cidada\u0303os. Mas sabera\u0303o eles, efetivamente, o que acontece ao o\u0301leo dos seus vei\u0301culos depois de usado?<\/p>\n<p>A <a href=\"https:\/\/www.sogilub.pt\/\" target=\"_blank\" rel=\"noopener noreferrer\">Sogilub<\/a> e\u0301 a entidade gestora responsa\u0301vel por tratar este tipo de resi\u0301duo. Em 2019, foram recolhidas mais de 28 mil toneladas de o\u0301leos usados, das quais 25,5 mil foram tratadas e valorizadas (regenerac\u0327a\u0303o + reciclagem). Para falar sobre este e outros temas, ningue\u0301m melhor do que Ani\u0301bal Vicente, diretor executivo da sociedade.<\/p>\n<p><strong>Pode fazer-nos uma breve descric\u0327a\u0303o histo\u0301rica da Sogilub?<\/strong><\/p>\n<p>A Sogilub \u2013 Sociedade de Gesta\u0303o Integrada de O\u0301leos Lubrificantes Usados, Lda. e\u0301 uma sociedade por quotas, sem fins lucrativos, com um capital social de \u20ac50.000, atualmente distribui\u0301do pelas so\u0301cias APETRO (51%), UNIOIL (34%) e VALORCAR (15%). Esta e\u0301 a u\u0301nica entidade gestora do Sistema Integrado de Gesta\u0303o de O\u0301leos Usados (SIGOU) em todo o territo\u0301rio nacional. Foi licenciada, pela primeira vez, em 2005, tendo essa licenc\u0327a vindo a ser prorrogada desde enta\u0303o, datando a u\u0301ltima prorrogac\u0327a\u0303o de 4 de outubro de 2019, por Despacho proferido conjuntamente pelos Secreta\u0301rios de Estado da Defesa do Consumidor e do Ambiente.<\/p>\n<p><strong>Quais sa\u0303o os principais valores da Sogilub? <\/strong><\/p>\n<p>O conjunto de princi\u0301pios e\u0301ticos pelos quais nos regemos resumem-se a um forti\u0301ssimo compromisso para com o ambiente, a eficie\u0302ncia, a representatividade e o conhecimento. Por isso, a Sogilub tem na sua origem uma vocac\u0327a\u0303o para a protec\u0327a\u0303o do meio ambiente, que esta\u0301 presente em todas as ac\u0327o\u0303es que desenvolve. Orienta a sua atividade para a adoc\u0327a\u0303o de pra\u0301ticas e crite\u0301rios de gesta\u0303o rigorosos, tendo em vista a otimizac\u0327a\u0303o dos custos e do valor acrescentado. A Sogilub esta\u0301 vocacionada para o cumprimento da licenc\u0327a que lhe foi atribui\u0301da, interagindo com todas as entidades e empresas abrangidas pela regulamentac\u0327a\u0303o dos o\u0301leos lubrificantes usados que queiram cumprir as suas obrigac\u0327o\u0303es atrave\u0301s de um conjunto de crite\u0301rios e processos, consubstanciados no SIGOU. Investindo em ac\u0327o\u0303es de sensibilizac\u0327a\u0303o, comunicac\u0327a\u0303o e educac\u0327a\u0303o, bem como em investigac\u0327a\u0303o e desenvolvimento, com vista a\u0300 promoc\u0327a\u0303o do conhecimento social, da dignidade humana e do respeito pela preservac\u0327a\u0303o do ambiente.<\/p>\n<p><strong>Em que consiste a Ecolub e qual o seu trabalho? <\/strong><\/p>\n<p>Bem, a Ecolub e\u0301 uma marca criada e registada pela Sogilub, sendo considerada, hoje, uma refere\u0302ncia na requalificac\u0327a\u0303o de resi\u0301duos industriais perigosos. E\u0301 a imagem visi\u0301vel da Sogilub, bem presente, por exemplo, nos carros tanque que fazem a recolha dos o\u0301leos usados, em todo o territo\u0301rio nacional. Quanto ao trabalho da Sogilub, agora que o Sistema Integrado de Gesta\u0303o de O\u0301leos Usados (SIGOU) esta\u0301 implementado e organizado, passa por tratar da sua gesta\u0303o e da sua melhoria conti\u0301nua.<\/p>\n<p><strong>Como funciona o vosso sistema de gesta\u0303o de o\u0301leos? <\/strong><\/p>\n<p>A gesta\u0303o do SIGOU envolve a coordenac\u0327a\u0303o de diversos intervenientes, que asseguram a recolha gratuita dos o\u0301leos lubrificantes usados junto dos produtores, o seu transporte para unidades de armazenagem interme\u0301dia ou diretamente para unidades de tratamento e a sua valorizac\u0327a\u0303o atrave\u0301s de regenerac\u0327a\u0303o ou reciclagem. Ale\u0301m dos operadores de gesta\u0303o e valorizadores contratados pela Sogilub, que movimentam, diretamente, os lubrificantes usados, existe ainda um conjunto de intervenientes, que, no a\u0302mbito das ac\u0327o\u0303es de sensibilizac\u0327a\u0303o, comunica\u00e7a\u0303o, educac\u0327a\u0303o, investigac\u0327a\u0303o, desenvolvimento e outras, contribuem para o correto funcionamento do sistema. O financiamento do sistema e\u0301 assegurado pelos produtores de o\u0301leos novos, atrave\u0301s do pagamento de uma contribuic\u0327a\u0303o financeira (Ecovalor) e pelas receitas obtidas atrave\u0301s da venda do o\u0301leo usado tratado a\u0300s entidades que procedem a\u0300 sua valorizac\u0327a\u0303o (regeneradores e recicladores).<\/p>\n<p>N\u00e3o perca a entrevista completa na <a href=\"https:\/\/www.yumpu.com\/pt\/document\/read\/63049446\/jornal-das-oficinas-171\/46\" target=\"_blank\" rel=\"noopener noreferrer\">edi\u00e7\u00e3o de fevereiro de 2020 do Jornal das Oficinas<\/a>.<\/p>\n","protected":false},"excerpt":{"rendered":"<p>A Sogilub e\u0301 responsa\u0301vel por tratar,&#8230;<\/p>\n","protected":false},"author":15,"featured_media":9968,"comment_status":"closed","ping_status":"closed","sticky":false,"template":"","format":"standard","meta":{"footnotes":""},"categories":[38],"tags":[1609,155,154,814,1610,812],"class_list":["post-9967","post","type-post","status-publish","format-standard","has-post-thumbnail","hentry","category-entrevistas","tag-ecolub","tag-lubrificantes","tag-oleos","tag-residuos","tag-sociedade-de-gestao-integrada-de-oleos-lubrificantes-usados","tag-sogilub"],"yoast_head":"<!-- This site is optimized with the Yoast SEO plugin v27.4 - https:\/\/yoast.com\/product\/yoast-seo-wordpress\/ -->\n<title>\u201cAs oficinas contribuem com mais de 42% do total de o\u0301leos recolhidos\u201d, An\u00edbal Vicente, Sogilub - Jornal das Oficinas<\/title>\n<meta name=\"robots\" content=\"index, follow, max-snippet:-1, max-image-preview:large, max-video-preview:-1\" \/>\n<link rel=\"canonical\" href=\"https:\/\/jornaldasoficinas.com\/pt\/as-oficinas-contribuem-com-mais-de-42-do-total-de-oleos-recolhidos-anibal-vicente-sogilub\/\" \/>\n<meta property=\"og:locale\" content=\"pt_PT\" \/>\n<meta property=\"og:type\" content=\"article\" \/>\n<meta property=\"og:title\" content=\"\u201cAs oficinas contribuem com mais de 42% do total de o\u0301leos recolhidos\u201d, An\u00edbal Vicente, Sogilub - Jornal das Oficinas\" \/>\n<meta property=\"og:description\" content=\"A Sogilub e\u0301 responsa\u0301vel por tratar,...\" \/>\n<meta property=\"og:url\" content=\"https:\/\/jornaldasoficinas.com\/pt\/as-oficinas-contribuem-com-mais-de-42-do-total-de-oleos-recolhidos-anibal-vicente-sogilub\/\" \/>\n<meta property=\"og:site_name\" content=\"Jornal das Oficinas\" \/>\n<meta property=\"article:publisher\" content=\"https:\/\/www.facebook.com\/jornaloficinas\" \/>\n<meta property=\"article:published_time\" content=\"2020-02-20T09:30:52+00:00\" \/>\n<meta property=\"article:modified_time\" content=\"2020-02-20T09:33:27+00:00\" \/>\n<meta property=\"og:image\" content=\"https:\/\/jornaldasoficinas.com\/pt\/wp-content\/uploads\/2020\/02\/anibelsogilub.png\" \/>\n\t<meta property=\"og:image:width\" content=\"1024\" \/>\n\t<meta property=\"og:image:height\" content=\"581\" \/>\n\t<meta property=\"og:image:type\" content=\"image\/png\" \/>\n<meta name=\"author\" content=\"Reda\u00e7\u00e3o JO\" \/>\n<meta name=\"twitter:card\" content=\"summary_large_image\" \/>\n<meta name=\"twitter:creator\" content=\"@jornaloficinas\" \/>\n<meta name=\"twitter:site\" content=\"@jornaloficinas\" \/>\n<meta name=\"twitter:label1\" content=\"Escrito por\" \/>\n\t<meta name=\"twitter:data1\" content=\"Reda\u00e7\u00e3o JO\" \/>\n\t<meta name=\"twitter:label2\" content=\"Tempo estimado de leitura\" \/>\n\t<meta name=\"twitter:data2\" content=\"4 minutos\" \/>\n<script type=\"application\/ld+json\" class=\"yoast-schema-graph\">{\"@context\":\"https:\\\/\\\/schema.org\",\"@graph\":[{\"@type\":\"Article\",\"@id\":\"https:\\\/\\\/jornaldasoficinas.com\\\/pt\\\/as-oficinas-contribuem-com-mais-de-42-do-total-de-oleos-recolhidos-anibal-vicente-sogilub\\\/#article\",\"isPartOf\":{\"@id\":\"https:\\\/\\\/jornaldasoficinas.com\\\/pt\\\/as-oficinas-contribuem-com-mais-de-42-do-total-de-oleos-recolhidos-anibal-vicente-sogilub\\\/\"},\"author\":{\"name\":\"Reda\u00e7\u00e3o JO\",\"@id\":\"https:\\\/\\\/jornaldasoficinas.com\\\/pt\\\/#\\\/schema\\\/person\\\/a38eef5de2c41d9e7c9ac10141afddf3\"},\"headline\":\"\u201cAs oficinas contribuem com mais de 42% do total de o\u0301leos recolhidos\u201d, An\u00edbal Vicente, Sogilub\",\"datePublished\":\"2020-02-20T09:30:52+00:00\",\"dateModified\":\"2020-02-20T09:33:27+00:00\",\"mainEntityOfPage\":{\"@id\":\"https:\\\/\\\/jornaldasoficinas.com\\\/pt\\\/as-oficinas-contribuem-com-mais-de-42-do-total-de-oleos-recolhidos-anibal-vicente-sogilub\\\/\"},\"wordCount\":818,\"publisher\":{\"@id\":\"https:\\\/\\\/jornaldasoficinas.com\\\/pt\\\/#organization\"},\"image\":{\"@id\":\"https:\\\/\\\/jornaldasoficinas.com\\\/pt\\\/as-oficinas-contribuem-com-mais-de-42-do-total-de-oleos-recolhidos-anibal-vicente-sogilub\\\/#primaryimage\"},\"thumbnailUrl\":\"https:\\\/\\\/jornaldasoficinas.com\\\/pt\\\/wp-content\\\/uploads\\\/2020\\\/02\\\/anibelsogilub.png\",\"keywords\":[\"Ecolub\",\"Lubrificantes\",\"\u00f3leos\",\"Res\u00edduos\",\"Sociedade de Gest\u00e3o Integrada de \u00d3leos Lubrificantes Usados\",\"Sogilub\"],\"articleSection\":[\"Entrevistas\"],\"inLanguage\":\"pt-PT\"},{\"@type\":\"WebPage\",\"@id\":\"https:\\\/\\\/jornaldasoficinas.com\\\/pt\\\/as-oficinas-contribuem-com-mais-de-42-do-total-de-oleos-recolhidos-anibal-vicente-sogilub\\\/\",\"url\":\"https:\\\/\\\/jornaldasoficinas.com\\\/pt\\\/as-oficinas-contribuem-com-mais-de-42-do-total-de-oleos-recolhidos-anibal-vicente-sogilub\\\/\",\"name\":\"\u201cAs oficinas contribuem com mais de 42% do total de o\u0301leos recolhidos\u201d, An\u00edbal Vicente, Sogilub - Jornal das Oficinas\",\"isPartOf\":{\"@id\":\"https:\\\/\\\/jornaldasoficinas.com\\\/pt\\\/#website\"},\"primaryImageOfPage\":{\"@id\":\"https:\\\/\\\/jornaldasoficinas.com\\\/pt\\\/as-oficinas-contribuem-com-mais-de-42-do-total-de-oleos-recolhidos-anibal-vicente-sogilub\\\/#primaryimage\"},\"image\":{\"@id\":\"https:\\\/\\\/jornaldasoficinas.com\\\/pt\\\/as-oficinas-contribuem-com-mais-de-42-do-total-de-oleos-recolhidos-anibal-vicente-sogilub\\\/#primaryimage\"},\"thumbnailUrl\":\"https:\\\/\\\/jornaldasoficinas.com\\\/pt\\\/wp-content\\\/uploads\\\/2020\\\/02\\\/anibelsogilub.png\",\"datePublished\":\"2020-02-20T09:30:52+00:00\",\"dateModified\":\"2020-02-20T09:33:27+00:00\",\"breadcrumb\":{\"@id\":\"https:\\\/\\\/jornaldasoficinas.com\\\/pt\\\/as-oficinas-contribuem-com-mais-de-42-do-total-de-oleos-recolhidos-anibal-vicente-sogilub\\\/#breadcrumb\"},\"inLanguage\":\"pt-PT\",\"potentialAction\":[{\"@type\":\"ReadAction\",\"target\":[\"https:\\\/\\\/jornaldasoficinas.com\\\/pt\\\/as-oficinas-contribuem-com-mais-de-42-do-total-de-oleos-recolhidos-anibal-vicente-sogilub\\\/\"]}]},{\"@type\":\"ImageObject\",\"inLanguage\":\"pt-PT\",\"@id\":\"https:\\\/\\\/jornaldasoficinas.com\\\/pt\\\/as-oficinas-contribuem-com-mais-de-42-do-total-de-oleos-recolhidos-anibal-vicente-sogilub\\\/#primaryimage\",\"url\":\"https:\\\/\\\/jornaldasoficinas.com\\\/pt\\\/wp-content\\\/uploads\\\/2020\\\/02\\\/anibelsogilub.png\",\"contentUrl\":\"https:\\\/\\\/jornaldasoficinas.com\\\/pt\\\/wp-content\\\/uploads\\\/2020\\\/02\\\/anibelsogilub.png\",\"width\":1024,\"height\":581,\"caption\":\"02 - anibelsogilub\"},{\"@type\":\"BreadcrumbList\",\"@id\":\"https:\\\/\\\/jornaldasoficinas.com\\\/pt\\\/as-oficinas-contribuem-com-mais-de-42-do-total-de-oleos-recolhidos-anibal-vicente-sogilub\\\/#breadcrumb\",\"itemListElement\":[{\"@type\":\"ListItem\",\"position\":1,\"name\":\"In\u00edcio\",\"item\":\"https:\\\/\\\/jornaldasoficinas.com\\\/pt\\\/\"},{\"@type\":\"ListItem\",\"position\":2,\"name\":\"\u201cAs oficinas contribuem com mais de 42% do total de o\u0301leos recolhidos\u201d, An\u00edbal Vicente, Sogilub\"}]},{\"@type\":\"WebSite\",\"@id\":\"https:\\\/\\\/jornaldasoficinas.com\\\/pt\\\/#website\",\"url\":\"https:\\\/\\\/jornaldasoficinas.com\\\/pt\\\/\",\"name\":\"Jornal das Oficinas\",\"description\":\"Jornal independente do Aftermarket Autom\u00f3vel em Portugal\",\"publisher\":{\"@id\":\"https:\\\/\\\/jornaldasoficinas.com\\\/pt\\\/#organization\"},\"potentialAction\":[{\"@type\":\"SearchAction\",\"target\":{\"@type\":\"EntryPoint\",\"urlTemplate\":\"https:\\\/\\\/jornaldasoficinas.com\\\/pt\\\/?s={search_term_string}\"},\"query-input\":{\"@type\":\"PropertyValueSpecification\",\"valueRequired\":true,\"valueName\":\"search_term_string\"}}],\"inLanguage\":\"pt-PT\"},{\"@type\":\"Organization\",\"@id\":\"https:\\\/\\\/jornaldasoficinas.com\\\/pt\\\/#organization\",\"name\":\"Jornal das Oficinas\",\"url\":\"https:\\\/\\\/jornaldasoficinas.com\\\/pt\\\/\",\"logo\":{\"@type\":\"ImageObject\",\"inLanguage\":\"pt-PT\",\"@id\":\"https:\\\/\\\/jornaldasoficinas.com\\\/pt\\\/#\\\/schema\\\/logo\\\/image\\\/\",\"url\":\"https:\\\/\\\/jornaldasoficinas.com\\\/pt\\\/wp-content\\\/uploads\\\/logoJO-SEO.png\",\"contentUrl\":\"https:\\\/\\\/jornaldasoficinas.com\\\/pt\\\/wp-content\\\/uploads\\\/logoJO-SEO.png\",\"width\":285,\"height\":450,\"caption\":\"Jornal das Oficinas\"},\"image\":{\"@id\":\"https:\\\/\\\/jornaldasoficinas.com\\\/pt\\\/#\\\/schema\\\/logo\\\/image\\\/\"},\"sameAs\":[\"https:\\\/\\\/www.facebook.com\\\/jornaloficinas\",\"https:\\\/\\\/x.com\\\/jornaloficinas\",\"https:\\\/\\\/www.instagram.com\\\/jornal_oficinas\\\/\",\"https:\\\/\\\/www.linkedin.com\\\/company\\\/jornal-das-oficinas\\\/\",\"https:\\\/\\\/www.youtube.com\\\/channel\\\/UCbQZBqtcvV-oSQrr7RzINGg\"]},{\"@type\":\"Person\",\"@id\":\"https:\\\/\\\/jornaldasoficinas.com\\\/pt\\\/#\\\/schema\\\/person\\\/a38eef5de2c41d9e7c9ac10141afddf3\",\"name\":\"Reda\u00e7\u00e3o JO\",\"image\":{\"@type\":\"ImageObject\",\"inLanguage\":\"pt-PT\",\"@id\":\"https:\\\/\\\/secure.gravatar.com\\\/avatar\\\/71f2fa71737ad68a84fea94bc708ddac8ea5b0c4788dc2ad202f3ccb2887742f?s=96&d=wp_user_avatar&r=g\",\"url\":\"https:\\\/\\\/secure.gravatar.com\\\/avatar\\\/71f2fa71737ad68a84fea94bc708ddac8ea5b0c4788dc2ad202f3ccb2887742f?s=96&d=wp_user_avatar&r=g\",\"contentUrl\":\"https:\\\/\\\/secure.gravatar.com\\\/avatar\\\/71f2fa71737ad68a84fea94bc708ddac8ea5b0c4788dc2ad202f3ccb2887742f?s=96&d=wp_user_avatar&r=g\",\"caption\":\"Reda\u00e7\u00e3o JO\"},\"url\":\"https:\\\/\\\/jornaldasoficinas.com\\\/pt\\\/author\\\/joredacao\\\/\"}]}<\/script>\n<!-- \/ Yoast SEO plugin. -->","yoast_head_json":{"title":"\u201cAs oficinas contribuem com mais de 42% do total de o\u0301leos recolhidos\u201d, An\u00edbal Vicente, Sogilub - Jornal das Oficinas","robots":{"index":"index","follow":"follow","max-snippet":"max-snippet:-1","max-image-preview":"max-image-preview:large","max-video-preview":"max-video-preview:-1"},"canonical":"https:\/\/jornaldasoficinas.com\/pt\/as-oficinas-contribuem-com-mais-de-42-do-total-de-oleos-recolhidos-anibal-vicente-sogilub\/","og_locale":"pt_PT","og_type":"article","og_title":"\u201cAs oficinas contribuem com mais de 42% do total de o\u0301leos recolhidos\u201d, An\u00edbal Vicente, Sogilub - Jornal das Oficinas","og_description":"A Sogilub e\u0301 responsa\u0301vel por tratar,...","og_url":"https:\/\/jornaldasoficinas.com\/pt\/as-oficinas-contribuem-com-mais-de-42-do-total-de-oleos-recolhidos-anibal-vicente-sogilub\/","og_site_name":"Jornal das Oficinas","article_publisher":"https:\/\/www.facebook.com\/jornaloficinas","article_published_time":"2020-02-20T09:30:52+00:00","article_modified_time":"2020-02-20T09:33:27+00:00","og_image":[{"width":1024,"height":581,"url":"https:\/\/jornaldasoficinas.com\/pt\/wp-content\/uploads\/2020\/02\/anibelsogilub.png","type":"image\/png"}],"author":"Reda\u00e7\u00e3o JO","twitter_card":"summary_large_image","twitter_creator":"@jornaloficinas","twitter_site":"@jornaloficinas","twitter_misc":{"Escrito por":"Reda\u00e7\u00e3o JO","Tempo estimado de leitura":"4 minutos"},"schema":{"@context":"https:\/\/schema.org","@graph":[{"@type":"Article","@id":"https:\/\/jornaldasoficinas.com\/pt\/as-oficinas-contribuem-com-mais-de-42-do-total-de-oleos-recolhidos-anibal-vicente-sogilub\/#article","isPartOf":{"@id":"https:\/\/jornaldasoficinas.com\/pt\/as-oficinas-contribuem-com-mais-de-42-do-total-de-oleos-recolhidos-anibal-vicente-sogilub\/"},"author":{"name":"Reda\u00e7\u00e3o JO","@id":"https:\/\/jornaldasoficinas.com\/pt\/#\/schema\/person\/a38eef5de2c41d9e7c9ac10141afddf3"},"headline":"\u201cAs oficinas contribuem com mais de 42% do total de o\u0301leos recolhidos\u201d, An\u00edbal Vicente, Sogilub","datePublished":"2020-02-20T09:30:52+00:00","dateModified":"2020-02-20T09:33:27+00:00","mainEntityOfPage":{"@id":"https:\/\/jornaldasoficinas.com\/pt\/as-oficinas-contribuem-com-mais-de-42-do-total-de-oleos-recolhidos-anibal-vicente-sogilub\/"},"wordCount":818,"publisher":{"@id":"https:\/\/jornaldasoficinas.com\/pt\/#organization"},"image":{"@id":"https:\/\/jornaldasoficinas.com\/pt\/as-oficinas-contribuem-com-mais-de-42-do-total-de-oleos-recolhidos-anibal-vicente-sogilub\/#primaryimage"},"thumbnailUrl":"https:\/\/jornaldasoficinas.com\/pt\/wp-content\/uploads\/2020\/02\/anibelsogilub.png","keywords":["Ecolub","Lubrificantes","\u00f3leos","Res\u00edduos","Sociedade de Gest\u00e3o Integrada de \u00d3leos Lubrificantes Usados","Sogilub"],"articleSection":["Entrevistas"],"inLanguage":"pt-PT"},{"@type":"WebPage","@id":"https:\/\/jornaldasoficinas.com\/pt\/as-oficinas-contribuem-com-mais-de-42-do-total-de-oleos-recolhidos-anibal-vicente-sogilub\/","url":"https:\/\/jornaldasoficinas.com\/pt\/as-oficinas-contribuem-com-mais-de-42-do-total-de-oleos-recolhidos-anibal-vicente-sogilub\/","name":"\u201cAs oficinas contribuem com mais de 42% do total de o\u0301leos recolhidos\u201d, An\u00edbal Vicente, Sogilub - Jornal das Oficinas","isPartOf":{"@id":"https:\/\/jornaldasoficinas.com\/pt\/#website"},"primaryImageOfPage":{"@id":"https:\/\/jornaldasoficinas.com\/pt\/as-oficinas-contribuem-com-mais-de-42-do-total-de-oleos-recolhidos-anibal-vicente-sogilub\/#primaryimage"},"image":{"@id":"https:\/\/jornaldasoficinas.com\/pt\/as-oficinas-contribuem-com-mais-de-42-do-total-de-oleos-recolhidos-anibal-vicente-sogilub\/#primaryimage"},"thumbnailUrl":"https:\/\/jornaldasoficinas.com\/pt\/wp-content\/uploads\/2020\/02\/anibelsogilub.png","datePublished":"2020-02-20T09:30:52+00:00","dateModified":"2020-02-20T09:33:27+00:00","breadcrumb":{"@id":"https:\/\/jornaldasoficinas.com\/pt\/as-oficinas-contribuem-com-mais-de-42-do-total-de-oleos-recolhidos-anibal-vicente-sogilub\/#breadcrumb"},"inLanguage":"pt-PT","potentialAction":[{"@type":"ReadAction","target":["https:\/\/jornaldasoficinas.com\/pt\/as-oficinas-contribuem-com-mais-de-42-do-total-de-oleos-recolhidos-anibal-vicente-sogilub\/"]}]},{"@type":"ImageObject","inLanguage":"pt-PT","@id":"https:\/\/jornaldasoficinas.com\/pt\/as-oficinas-contribuem-com-mais-de-42-do-total-de-oleos-recolhidos-anibal-vicente-sogilub\/#primaryimage","url":"https:\/\/jornaldasoficinas.com\/pt\/wp-content\/uploads\/2020\/02\/anibelsogilub.png","contentUrl":"https:\/\/jornaldasoficinas.com\/pt\/wp-content\/uploads\/2020\/02\/anibelsogilub.png","width":1024,"height":581,"caption":"02 - anibelsogilub"},{"@type":"BreadcrumbList","@id":"https:\/\/jornaldasoficinas.com\/pt\/as-oficinas-contribuem-com-mais-de-42-do-total-de-oleos-recolhidos-anibal-vicente-sogilub\/#breadcrumb","itemListElement":[{"@type":"ListItem","position":1,"name":"In\u00edcio","item":"https:\/\/jornaldasoficinas.com\/pt\/"},{"@type":"ListItem","position":2,"name":"\u201cAs oficinas contribuem com mais de 42% do total de o\u0301leos recolhidos\u201d, An\u00edbal Vicente, Sogilub"}]},{"@type":"WebSite","@id":"https:\/\/jornaldasoficinas.com\/pt\/#website","url":"https:\/\/jornaldasoficinas.com\/pt\/","name":"Jornal das Oficinas","description":"Jornal independente do Aftermarket Autom\u00f3vel em Portugal","publisher":{"@id":"https:\/\/jornaldasoficinas.com\/pt\/#organization"},"potentialAction":[{"@type":"SearchAction","target":{"@type":"EntryPoint","urlTemplate":"https:\/\/jornaldasoficinas.com\/pt\/?s={search_term_string}"},"query-input":{"@type":"PropertyValueSpecification","valueRequired":true,"valueName":"search_term_string"}}],"inLanguage":"pt-PT"},{"@type":"Organization","@id":"https:\/\/jornaldasoficinas.com\/pt\/#organization","name":"Jornal das Oficinas","url":"https:\/\/jornaldasoficinas.com\/pt\/","logo":{"@type":"ImageObject","inLanguage":"pt-PT","@id":"https:\/\/jornaldasoficinas.com\/pt\/#\/schema\/logo\/image\/","url":"https:\/\/jornaldasoficinas.com\/pt\/wp-content\/uploads\/logoJO-SEO.png","contentUrl":"https:\/\/jornaldasoficinas.com\/pt\/wp-content\/uploads\/logoJO-SEO.png","width":285,"height":450,"caption":"Jornal das Oficinas"},"image":{"@id":"https:\/\/jornaldasoficinas.com\/pt\/#\/schema\/logo\/image\/"},"sameAs":["https:\/\/www.facebook.com\/jornaloficinas","https:\/\/x.com\/jornaloficinas","https:\/\/www.instagram.com\/jornal_oficinas\/","https:\/\/www.linkedin.com\/company\/jornal-das-oficinas\/","https:\/\/www.youtube.com\/channel\/UCbQZBqtcvV-oSQrr7RzINGg"]},{"@type":"Person","@id":"https:\/\/jornaldasoficinas.com\/pt\/#\/schema\/person\/a38eef5de2c41d9e7c9ac10141afddf3","name":"Reda\u00e7\u00e3o JO","image":{"@type":"ImageObject","inLanguage":"pt-PT","@id":"https:\/\/secure.gravatar.com\/avatar\/71f2fa71737ad68a84fea94bc708ddac8ea5b0c4788dc2ad202f3ccb2887742f?s=96&d=wp_user_avatar&r=g","url":"https:\/\/secure.gravatar.com\/avatar\/71f2fa71737ad68a84fea94bc708ddac8ea5b0c4788dc2ad202f3ccb2887742f?s=96&d=wp_user_avatar&r=g","contentUrl":"https:\/\/secure.gravatar.com\/avatar\/71f2fa71737ad68a84fea94bc708ddac8ea5b0c4788dc2ad202f3ccb2887742f?s=96&d=wp_user_avatar&r=g","caption":"Reda\u00e7\u00e3o JO"},"url":"https:\/\/jornaldasoficinas.com\/pt\/author\/joredacao\/"}]}},"_links":{"self":[{"href":"https:\/\/jornaldasoficinas.com\/pt\/wp-json\/wp\/v2\/posts\/9967","targetHints":{"allow":["GET"]}}],"collection":[{"href":"https:\/\/jornaldasoficinas.com\/pt\/wp-json\/wp\/v2\/posts"}],"about":[{"href":"https:\/\/jornaldasoficinas.com\/pt\/wp-json\/wp\/v2\/types\/post"}],"author":[{"embeddable":true,"href":"https:\/\/jornaldasoficinas.com\/pt\/wp-json\/wp\/v2\/users\/15"}],"replies":[{"embeddable":true,"href":"https:\/\/jornaldasoficinas.com\/pt\/wp-json\/wp\/v2\/comments?post=9967"}],"version-history":[{"count":0,"href":"https:\/\/jornaldasoficinas.com\/pt\/wp-json\/wp\/v2\/posts\/9967\/revisions"}],"wp:featuredmedia":[{"embeddable":true,"href":"https:\/\/jornaldasoficinas.com\/pt\/wp-json\/wp\/v2\/media\/9968"}],"wp:attachment":[{"href":"https:\/\/jornaldasoficinas.com\/pt\/wp-json\/wp\/v2\/media?parent=9967"}],"wp:term":[{"taxonomy":"category","embeddable":true,"href":"https:\/\/jornaldasoficinas.com\/pt\/wp-json\/wp\/v2\/categories?post=9967"},{"taxonomy":"post_tag","embeddable":true,"href":"https:\/\/jornaldasoficinas.com\/pt\/wp-json\/wp\/v2\/tags?post=9967"}],"curies":[{"name":"wp","href":"https:\/\/api.w.org\/{rel}","templated":true}]}}