{"id":99718,"date":"2025-03-31T18:00:12","date_gmt":"2025-03-31T17:00:12","guid":{"rendered":"https:\/\/jornaldasoficinas.com\/pt\/?p=99718"},"modified":"2025-04-27T11:07:23","modified_gmt":"2025-04-27T10:07:23","slug":"mann-filter-leva-nova-linha-de-filtros-com-lignina-a-motortec","status":"publish","type":"post","link":"https:\/\/jornaldasoficinas.com\/pt\/mann-filter-leva-nova-linha-de-filtros-com-lignina-a-motortec\/","title":{"rendered":"MANN-FILTER leva nova linha de filtros com lignina \u00e0 Motortec"},"content":{"rendered":"<p><strong><img loading=\"lazy\" decoding=\"async\" class=\"alignnone size-full wp-image-99723\" src=\"https:\/\/jornaldasoficinas.com\/pt\/wp-content\/uploads\/2025\/03\/MANN-FILTER-leva-nova-linha-de-filtros-com-lignina-ate-a-Motortec.jpg\" alt=\"03 - MANN FILTER leva nova linha de filtros com lignina ate a Motortec\" width=\"1024\" height=\"581\" srcset=\"https:\/\/jornaldasoficinas.com\/pt\/wp-content\/uploads\/2025\/03\/MANN-FILTER-leva-nova-linha-de-filtros-com-lignina-ate-a-Motortec.jpg 1024w, https:\/\/jornaldasoficinas.com\/pt\/wp-content\/uploads\/2025\/03\/MANN-FILTER-leva-nova-linha-de-filtros-com-lignina-ate-a-Motortec-300x170.jpg 300w, https:\/\/jornaldasoficinas.com\/pt\/wp-content\/uploads\/2025\/03\/MANN-FILTER-leva-nova-linha-de-filtros-com-lignina-ate-a-Motortec-150x85.jpg 150w, https:\/\/jornaldasoficinas.com\/pt\/wp-content\/uploads\/2025\/03\/MANN-FILTER-leva-nova-linha-de-filtros-com-lignina-ate-a-Motortec-768x436.jpg 768w\" sizes=\"auto, (max-width: 1024px) 100vw, 1024px\" \/><\/strong><\/p>\n<p><strong>A <a href=\"https:\/\/www.mann-filter.com\/\" target=\"_blank\" rel=\"noopener\">MANN-FILTER<\/a> vai estar na Motortec 2025 a apresentar a sua nova linha de elementos filtrantes com lignina, que reduzem a pegada de carbono dos processos de fabrico gra\u00e7as \u00e0 utiliza\u00e7\u00e3o de mat\u00e9rias-primas vegetais, energia renov\u00e1vel e embalagens recicladas<\/strong><\/p>\n<p>&#8220;N\u00e3o se trata de filtros novos, mas sim, dentro de uma sele\u00e7\u00e3o dos filtros \u00e0 base de celulose, a MANN-FILTER ir\u00e1 aplicar a lignina como um substituto renov\u00e1vel para a impregna\u00e7\u00e3o de meios filtrantes de base f\u00f3ssil&#8221;, pode ler-se no comunicado.<\/p>\n<p>At\u00e9 agora, os meios filtrantes eram submetidos a um processo de impregna\u00e7\u00e3o com resinas fen\u00f3licas (de origem f\u00f3ssil), necess\u00e1rias para conferir ao &#8220;papel&#8221; as caracter\u00edsticas necess\u00e1rias de rigidez, resist\u00eancia \u00e0 humidade e aos agentes qu\u00edmicos e at\u00e9, em alguns casos, protec\u00e7\u00e3o contra as chamas.<\/p>\n<p>A partir de agora, a MANN-FILTER vai substituir este tratamento pela lignina, uma mat\u00e9ria-prima vegetal que se encontra na madeira. A lignina proporciona estabilidade \u00e0 madeira e tamb\u00e9m pode ter o mesmo efeito nos meios filtrantes. Como resultado, a <a href=\"https:\/\/www.mann-hummel.com\/\" target=\"_blank\" rel=\"noopener\">MANN+HUMMEL<\/a> reduz a sua pegada de CO2 durante a produ\u00e7\u00e3o at\u00e9 5% em compara\u00e7\u00e3o \u00e0 impregna\u00e7\u00e3o convencional com resina fen\u00f3lica. Al\u00e9m disso, isto reduz a quantidade de petr\u00f3leo bruto utilizada para a impregna\u00e7\u00e3o em aproximadamente 27%. Gra\u00e7as \u00e0 substitui\u00e7\u00e3o de lignina, o filtro de ar MANN-FILTER C 17 237, por exemplo, permite poupar 3,93 toneladas de CO2 e mais de 4.500 litros de crude por ano, com base nos n\u00fameros de vendas de 2024. Al\u00e9m disso, o material utilizado prov\u00e9m de fontes certificadas.<\/p>\n<p>Mas n\u00e3o s\u00f3 os componentes e materiais destes filtros s\u00e3o sustent\u00e1veis, como tamb\u00e9m o seu processo de fabrico. Para reduzir ainda mais as emiss\u00f5es de CO2 durante a produ\u00e7\u00e3o, a MANN+HUMMEL utiliza apenas eletricidade proveniente de fontes renov\u00e1veis ou uma combina\u00e7\u00e3o de eletricidade verde e certificados e garantias de origem de centrais hidroel\u00e9tricas, solares ou e\u00f3licas. As fontes de energia para a gera\u00e7\u00e3o de calor de processo ser\u00e3o tamb\u00e9m neutras em CO2 a partir de 2035, visando atingir um marco significativo na produ\u00e7\u00e3o sem CO2.<\/p>\n<p>As embalagens da MANN-FILTER est\u00e3o tamb\u00e9m focadas em melhorar a pegada ecol\u00f3gica. A empresa utiliza pelo menos 90% de cart\u00e3o reciclado de mat\u00e9rias-primas certificadas, tintas \u00e0 base de \u00f3leo vegetal sem \u00f3leos minerais e adesivos e revestimentos \u00e0 base de \u00e1gua. Al\u00e9m disso, mais de 95% dos res\u00edduos gerados durante a produ\u00e7\u00e3o dos filtros s\u00e3o reciclados. seja material ou termicamente.<\/p>\n<p><strong>Mais novidades na Motortec<\/strong><\/p>\n<p>Para al\u00e9m da MANN-FILTER, a sua marca premium de sistemas de filtragem, a MANN+HUMMEL Ib\u00e9rica estar\u00e1 presente na Motortec 2025 com novidades das suas outras linhas de produtos: MANN+HUMMEL, WIX Filters e Filtron.<\/p>\n<p>Os visitantes v\u00e3o poder conhecer os \u00faltimos desenvolvimentos em filtragem para sistemas de propuls\u00e3o a hidrog\u00e9nio, como o filtro de permuta i\u00f3nica, o filtro de ar cat\u00f3dico e o separador de \u00e1gua para motores de c\u00e9lulas de combust\u00edvel, desenvolvidos pela MANN+HUMMEL.<\/p>\n<p>Da mesma forma, o stand da MANN+HUMMEL Ib\u00e9rica, localizado no Pavilh\u00e3o 3 &#8211; 3C01, na IFEMA, apresentar\u00e1 os \u00faltimos desenvolvimentos da gigante alem\u00e3 focados nos ve\u00edculos el\u00e9tricos. Isto inclui os seus sistemas de ventila\u00e7\u00e3o por bateria (unidades de ventila\u00e7\u00e3o), fabricados na f\u00e1brica de Sarago\u00e7a exclusivamente para toda a Europa, e o seu sistema de filtragem de ar de cabine CMS para ve\u00edculos el\u00e9tricos.<\/p>\n<p>O stand contar\u00e1 ainda com uma \u00e1rea dedicada \u00e0 oficina, onde ser\u00e1 realizado um concurso destinado aos profissionais do mundo autom\u00f3vel, um espa\u00e7o onde ser\u00e3o desafiados a mostrar tudo o que sabem, gra\u00e7as ao MOTOR QUIZ da MANN-FILTER, um jogo em que dois participantes tentam responder simultaneamente a diferentes quest\u00f5es mais rapidamente que o advers\u00e1rio, que surgir\u00e3o sobre o dia a dia de um profissional de oficina, pormenores espec\u00edficos sobre os sistemas de filtragem e a atualidade do mundo autom\u00f3vel em geral.<\/p>\n<p>Ser\u00e3o jogos de 90 segundos em que ganha o jogador com o maior n\u00famero de respostas corretas nesse tempo. Haver\u00e1 um vencedor em cada dia e, no final da feira, haver\u00e1 um vencedor geral.<\/p>\n","protected":false},"excerpt":{"rendered":"<p>A MANN-FILTER vai estar na Motortec&#8230;<\/p>\n","protected":false},"author":15,"featured_media":99723,"comment_status":"closed","ping_status":"closed","sticky":false,"template":"","format":"standard","meta":{"footnotes":""},"categories":[29,2840],"tags":[12342,12341,266,223,12343,11455,3871],"class_list":["post-99718","post","type-post","status-publish","format-standard","has-post-thumbnail","hentry","category-empresas","category-motortec","tag-embalagens-recicladas","tag-filtros-com-lignina","tag-mann-filter","tag-mannhummel","tag-materias-primas-vegetais","tag-motortec-2025","tag-nova-linha"],"yoast_head":"<!-- This site is optimized with the Yoast SEO plugin v27.4 - https:\/\/yoast.com\/product\/yoast-seo-wordpress\/ -->\n<title>MANN-FILTER leva nova linha de filtros com lignina \u00e0 Motortec - Jornal das Oficinas<\/title>\n<meta name=\"description\" content=\"A MANN-FILTER vai estar na Motortec 2025 a apresentar a sua nova linha de elementos filtrantes com lignina, que reduzem a pegada de carbono\" \/>\n<meta name=\"robots\" content=\"index, follow, max-snippet:-1, max-image-preview:large, max-video-preview:-1\" \/>\n<link rel=\"canonical\" href=\"https:\/\/jornaldasoficinas.com\/pt\/mann-filter-leva-nova-linha-de-filtros-com-lignina-a-motortec\/\" \/>\n<meta property=\"og:locale\" content=\"pt_PT\" \/>\n<meta property=\"og:type\" content=\"article\" \/>\n<meta property=\"og:title\" content=\"MANN-FILTER leva nova linha de filtros com lignina \u00e0 Motortec - Jornal das Oficinas\" \/>\n<meta property=\"og:description\" content=\"A MANN-FILTER vai estar na Motortec 2025 a apresentar a sua nova linha de elementos filtrantes com lignina, que reduzem a pegada de carbono\" \/>\n<meta property=\"og:url\" content=\"https:\/\/jornaldasoficinas.com\/pt\/mann-filter-leva-nova-linha-de-filtros-com-lignina-a-motortec\/\" \/>\n<meta property=\"og:site_name\" content=\"Jornal das Oficinas\" \/>\n<meta property=\"article:publisher\" content=\"https:\/\/www.facebook.com\/jornaloficinas\" \/>\n<meta property=\"article:published_time\" content=\"2025-03-31T17:00:12+00:00\" \/>\n<meta property=\"article:modified_time\" content=\"2025-04-27T10:07:23+00:00\" \/>\n<meta property=\"og:image\" content=\"https:\/\/jornaldasoficinas.com\/pt\/wp-content\/uploads\/2025\/03\/MANN-FILTER-leva-nova-linha-de-filtros-com-lignina-ate-a-Motortec.jpg\" \/>\n\t<meta property=\"og:image:width\" content=\"1024\" \/>\n\t<meta property=\"og:image:height\" content=\"581\" \/>\n\t<meta property=\"og:image:type\" content=\"image\/jpeg\" \/>\n<meta name=\"author\" content=\"Reda\u00e7\u00e3o JO\" \/>\n<meta name=\"twitter:card\" content=\"summary_large_image\" \/>\n<meta name=\"twitter:creator\" content=\"@jornaloficinas\" \/>\n<meta name=\"twitter:site\" content=\"@jornaloficinas\" \/>\n<meta name=\"twitter:label1\" content=\"Escrito por\" \/>\n\t<meta name=\"twitter:data1\" content=\"Reda\u00e7\u00e3o JO\" \/>\n\t<meta name=\"twitter:label2\" content=\"Tempo estimado de leitura\" \/>\n\t<meta name=\"twitter:data2\" content=\"4 minutos\" \/>\n<script type=\"application\/ld+json\" class=\"yoast-schema-graph\">{\"@context\":\"https:\\\/\\\/schema.org\",\"@graph\":[{\"@type\":\"Article\",\"@id\":\"https:\\\/\\\/jornaldasoficinas.com\\\/pt\\\/mann-filter-leva-nova-linha-de-filtros-com-lignina-a-motortec\\\/#article\",\"isPartOf\":{\"@id\":\"https:\\\/\\\/jornaldasoficinas.com\\\/pt\\\/mann-filter-leva-nova-linha-de-filtros-com-lignina-a-motortec\\\/\"},\"author\":{\"name\":\"Reda\u00e7\u00e3o JO\",\"@id\":\"https:\\\/\\\/jornaldasoficinas.com\\\/pt\\\/#\\\/schema\\\/person\\\/a38eef5de2c41d9e7c9ac10141afddf3\"},\"headline\":\"MANN-FILTER leva nova linha de filtros com lignina \u00e0 Motortec\",\"datePublished\":\"2025-03-31T17:00:12+00:00\",\"dateModified\":\"2025-04-27T10:07:23+00:00\",\"mainEntityOfPage\":{\"@id\":\"https:\\\/\\\/jornaldasoficinas.com\\\/pt\\\/mann-filter-leva-nova-linha-de-filtros-com-lignina-a-motortec\\\/\"},\"wordCount\":725,\"publisher\":{\"@id\":\"https:\\\/\\\/jornaldasoficinas.com\\\/pt\\\/#organization\"},\"image\":{\"@id\":\"https:\\\/\\\/jornaldasoficinas.com\\\/pt\\\/mann-filter-leva-nova-linha-de-filtros-com-lignina-a-motortec\\\/#primaryimage\"},\"thumbnailUrl\":\"https:\\\/\\\/jornaldasoficinas.com\\\/pt\\\/wp-content\\\/uploads\\\/2025\\\/03\\\/MANN-FILTER-leva-nova-linha-de-filtros-com-lignina-ate-a-Motortec.jpg\",\"keywords\":[\"embalagens recicladas\",\"filtros com lignina\",\"MANN-FILTER\",\"MANN+HUMMEL\",\"mat\u00e9rias-primas vegetais\",\"Motortec 2025\",\"Nova Linha\"],\"articleSection\":[\"Empresas\",\"Motortec\"],\"inLanguage\":\"pt-PT\"},{\"@type\":\"WebPage\",\"@id\":\"https:\\\/\\\/jornaldasoficinas.com\\\/pt\\\/mann-filter-leva-nova-linha-de-filtros-com-lignina-a-motortec\\\/\",\"url\":\"https:\\\/\\\/jornaldasoficinas.com\\\/pt\\\/mann-filter-leva-nova-linha-de-filtros-com-lignina-a-motortec\\\/\",\"name\":\"MANN-FILTER leva nova linha de filtros com lignina \u00e0 Motortec - Jornal das Oficinas\",\"isPartOf\":{\"@id\":\"https:\\\/\\\/jornaldasoficinas.com\\\/pt\\\/#website\"},\"primaryImageOfPage\":{\"@id\":\"https:\\\/\\\/jornaldasoficinas.com\\\/pt\\\/mann-filter-leva-nova-linha-de-filtros-com-lignina-a-motortec\\\/#primaryimage\"},\"image\":{\"@id\":\"https:\\\/\\\/jornaldasoficinas.com\\\/pt\\\/mann-filter-leva-nova-linha-de-filtros-com-lignina-a-motortec\\\/#primaryimage\"},\"thumbnailUrl\":\"https:\\\/\\\/jornaldasoficinas.com\\\/pt\\\/wp-content\\\/uploads\\\/2025\\\/03\\\/MANN-FILTER-leva-nova-linha-de-filtros-com-lignina-ate-a-Motortec.jpg\",\"datePublished\":\"2025-03-31T17:00:12+00:00\",\"dateModified\":\"2025-04-27T10:07:23+00:00\",\"description\":\"A MANN-FILTER vai estar na Motortec 2025 a apresentar a sua nova linha de elementos filtrantes com lignina, que reduzem a pegada de carbono\",\"breadcrumb\":{\"@id\":\"https:\\\/\\\/jornaldasoficinas.com\\\/pt\\\/mann-filter-leva-nova-linha-de-filtros-com-lignina-a-motortec\\\/#breadcrumb\"},\"inLanguage\":\"pt-PT\",\"potentialAction\":[{\"@type\":\"ReadAction\",\"target\":[\"https:\\\/\\\/jornaldasoficinas.com\\\/pt\\\/mann-filter-leva-nova-linha-de-filtros-com-lignina-a-motortec\\\/\"]}]},{\"@type\":\"ImageObject\",\"inLanguage\":\"pt-PT\",\"@id\":\"https:\\\/\\\/jornaldasoficinas.com\\\/pt\\\/mann-filter-leva-nova-linha-de-filtros-com-lignina-a-motortec\\\/#primaryimage\",\"url\":\"https:\\\/\\\/jornaldasoficinas.com\\\/pt\\\/wp-content\\\/uploads\\\/2025\\\/03\\\/MANN-FILTER-leva-nova-linha-de-filtros-com-lignina-ate-a-Motortec.jpg\",\"contentUrl\":\"https:\\\/\\\/jornaldasoficinas.com\\\/pt\\\/wp-content\\\/uploads\\\/2025\\\/03\\\/MANN-FILTER-leva-nova-linha-de-filtros-com-lignina-ate-a-Motortec.jpg\",\"width\":1024,\"height\":581,\"caption\":\"03 - MANN FILTER leva nova linha de filtros com lignina ate a Motortec\"},{\"@type\":\"BreadcrumbList\",\"@id\":\"https:\\\/\\\/jornaldasoficinas.com\\\/pt\\\/mann-filter-leva-nova-linha-de-filtros-com-lignina-a-motortec\\\/#breadcrumb\",\"itemListElement\":[{\"@type\":\"ListItem\",\"position\":1,\"name\":\"In\u00edcio\",\"item\":\"https:\\\/\\\/jornaldasoficinas.com\\\/pt\\\/\"},{\"@type\":\"ListItem\",\"position\":2,\"name\":\"MANN-FILTER leva nova linha de filtros com lignina \u00e0 Motortec\"}]},{\"@type\":\"WebSite\",\"@id\":\"https:\\\/\\\/jornaldasoficinas.com\\\/pt\\\/#website\",\"url\":\"https:\\\/\\\/jornaldasoficinas.com\\\/pt\\\/\",\"name\":\"Jornal das Oficinas\",\"description\":\"Jornal independente do Aftermarket Autom\u00f3vel em Portugal\",\"publisher\":{\"@id\":\"https:\\\/\\\/jornaldasoficinas.com\\\/pt\\\/#organization\"},\"potentialAction\":[{\"@type\":\"SearchAction\",\"target\":{\"@type\":\"EntryPoint\",\"urlTemplate\":\"https:\\\/\\\/jornaldasoficinas.com\\\/pt\\\/?s={search_term_string}\"},\"query-input\":{\"@type\":\"PropertyValueSpecification\",\"valueRequired\":true,\"valueName\":\"search_term_string\"}}],\"inLanguage\":\"pt-PT\"},{\"@type\":\"Organization\",\"@id\":\"https:\\\/\\\/jornaldasoficinas.com\\\/pt\\\/#organization\",\"name\":\"Jornal das Oficinas\",\"url\":\"https:\\\/\\\/jornaldasoficinas.com\\\/pt\\\/\",\"logo\":{\"@type\":\"ImageObject\",\"inLanguage\":\"pt-PT\",\"@id\":\"https:\\\/\\\/jornaldasoficinas.com\\\/pt\\\/#\\\/schema\\\/logo\\\/image\\\/\",\"url\":\"https:\\\/\\\/jornaldasoficinas.com\\\/pt\\\/wp-content\\\/uploads\\\/logoJO-SEO.png\",\"contentUrl\":\"https:\\\/\\\/jornaldasoficinas.com\\\/pt\\\/wp-content\\\/uploads\\\/logoJO-SEO.png\",\"width\":285,\"height\":450,\"caption\":\"Jornal das Oficinas\"},\"image\":{\"@id\":\"https:\\\/\\\/jornaldasoficinas.com\\\/pt\\\/#\\\/schema\\\/logo\\\/image\\\/\"},\"sameAs\":[\"https:\\\/\\\/www.facebook.com\\\/jornaloficinas\",\"https:\\\/\\\/x.com\\\/jornaloficinas\",\"https:\\\/\\\/www.instagram.com\\\/jornal_oficinas\\\/\",\"https:\\\/\\\/www.linkedin.com\\\/company\\\/jornal-das-oficinas\\\/\",\"https:\\\/\\\/www.youtube.com\\\/channel\\\/UCbQZBqtcvV-oSQrr7RzINGg\"]},{\"@type\":\"Person\",\"@id\":\"https:\\\/\\\/jornaldasoficinas.com\\\/pt\\\/#\\\/schema\\\/person\\\/a38eef5de2c41d9e7c9ac10141afddf3\",\"name\":\"Reda\u00e7\u00e3o JO\",\"image\":{\"@type\":\"ImageObject\",\"inLanguage\":\"pt-PT\",\"@id\":\"https:\\\/\\\/secure.gravatar.com\\\/avatar\\\/71f2fa71737ad68a84fea94bc708ddac8ea5b0c4788dc2ad202f3ccb2887742f?s=96&d=wp_user_avatar&r=g\",\"url\":\"https:\\\/\\\/secure.gravatar.com\\\/avatar\\\/71f2fa71737ad68a84fea94bc708ddac8ea5b0c4788dc2ad202f3ccb2887742f?s=96&d=wp_user_avatar&r=g\",\"contentUrl\":\"https:\\\/\\\/secure.gravatar.com\\\/avatar\\\/71f2fa71737ad68a84fea94bc708ddac8ea5b0c4788dc2ad202f3ccb2887742f?s=96&d=wp_user_avatar&r=g\",\"caption\":\"Reda\u00e7\u00e3o JO\"},\"url\":\"https:\\\/\\\/jornaldasoficinas.com\\\/pt\\\/author\\\/joredacao\\\/\"}]}<\/script>\n<!-- \/ Yoast SEO plugin. -->","yoast_head_json":{"title":"MANN-FILTER leva nova linha de filtros com lignina \u00e0 Motortec - Jornal das Oficinas","description":"A MANN-FILTER vai estar na Motortec 2025 a apresentar a sua nova linha de elementos filtrantes com lignina, que reduzem a pegada de carbono","robots":{"index":"index","follow":"follow","max-snippet":"max-snippet:-1","max-image-preview":"max-image-preview:large","max-video-preview":"max-video-preview:-1"},"canonical":"https:\/\/jornaldasoficinas.com\/pt\/mann-filter-leva-nova-linha-de-filtros-com-lignina-a-motortec\/","og_locale":"pt_PT","og_type":"article","og_title":"MANN-FILTER leva nova linha de filtros com lignina \u00e0 Motortec - Jornal das Oficinas","og_description":"A MANN-FILTER vai estar na Motortec 2025 a apresentar a sua nova linha de elementos filtrantes com lignina, que reduzem a pegada de carbono","og_url":"https:\/\/jornaldasoficinas.com\/pt\/mann-filter-leva-nova-linha-de-filtros-com-lignina-a-motortec\/","og_site_name":"Jornal das Oficinas","article_publisher":"https:\/\/www.facebook.com\/jornaloficinas","article_published_time":"2025-03-31T17:00:12+00:00","article_modified_time":"2025-04-27T10:07:23+00:00","og_image":[{"width":1024,"height":581,"url":"https:\/\/jornaldasoficinas.com\/pt\/wp-content\/uploads\/2025\/03\/MANN-FILTER-leva-nova-linha-de-filtros-com-lignina-ate-a-Motortec.jpg","type":"image\/jpeg"}],"author":"Reda\u00e7\u00e3o JO","twitter_card":"summary_large_image","twitter_creator":"@jornaloficinas","twitter_site":"@jornaloficinas","twitter_misc":{"Escrito por":"Reda\u00e7\u00e3o JO","Tempo estimado de leitura":"4 minutos"},"schema":{"@context":"https:\/\/schema.org","@graph":[{"@type":"Article","@id":"https:\/\/jornaldasoficinas.com\/pt\/mann-filter-leva-nova-linha-de-filtros-com-lignina-a-motortec\/#article","isPartOf":{"@id":"https:\/\/jornaldasoficinas.com\/pt\/mann-filter-leva-nova-linha-de-filtros-com-lignina-a-motortec\/"},"author":{"name":"Reda\u00e7\u00e3o JO","@id":"https:\/\/jornaldasoficinas.com\/pt\/#\/schema\/person\/a38eef5de2c41d9e7c9ac10141afddf3"},"headline":"MANN-FILTER leva nova linha de filtros com lignina \u00e0 Motortec","datePublished":"2025-03-31T17:00:12+00:00","dateModified":"2025-04-27T10:07:23+00:00","mainEntityOfPage":{"@id":"https:\/\/jornaldasoficinas.com\/pt\/mann-filter-leva-nova-linha-de-filtros-com-lignina-a-motortec\/"},"wordCount":725,"publisher":{"@id":"https:\/\/jornaldasoficinas.com\/pt\/#organization"},"image":{"@id":"https:\/\/jornaldasoficinas.com\/pt\/mann-filter-leva-nova-linha-de-filtros-com-lignina-a-motortec\/#primaryimage"},"thumbnailUrl":"https:\/\/jornaldasoficinas.com\/pt\/wp-content\/uploads\/2025\/03\/MANN-FILTER-leva-nova-linha-de-filtros-com-lignina-ate-a-Motortec.jpg","keywords":["embalagens recicladas","filtros com lignina","MANN-FILTER","MANN+HUMMEL","mat\u00e9rias-primas vegetais","Motortec 2025","Nova Linha"],"articleSection":["Empresas","Motortec"],"inLanguage":"pt-PT"},{"@type":"WebPage","@id":"https:\/\/jornaldasoficinas.com\/pt\/mann-filter-leva-nova-linha-de-filtros-com-lignina-a-motortec\/","url":"https:\/\/jornaldasoficinas.com\/pt\/mann-filter-leva-nova-linha-de-filtros-com-lignina-a-motortec\/","name":"MANN-FILTER leva nova linha de filtros com lignina \u00e0 Motortec - Jornal das Oficinas","isPartOf":{"@id":"https:\/\/jornaldasoficinas.com\/pt\/#website"},"primaryImageOfPage":{"@id":"https:\/\/jornaldasoficinas.com\/pt\/mann-filter-leva-nova-linha-de-filtros-com-lignina-a-motortec\/#primaryimage"},"image":{"@id":"https:\/\/jornaldasoficinas.com\/pt\/mann-filter-leva-nova-linha-de-filtros-com-lignina-a-motortec\/#primaryimage"},"thumbnailUrl":"https:\/\/jornaldasoficinas.com\/pt\/wp-content\/uploads\/2025\/03\/MANN-FILTER-leva-nova-linha-de-filtros-com-lignina-ate-a-Motortec.jpg","datePublished":"2025-03-31T17:00:12+00:00","dateModified":"2025-04-27T10:07:23+00:00","description":"A MANN-FILTER vai estar na Motortec 2025 a apresentar a sua nova linha de elementos filtrantes com lignina, que reduzem a pegada de carbono","breadcrumb":{"@id":"https:\/\/jornaldasoficinas.com\/pt\/mann-filter-leva-nova-linha-de-filtros-com-lignina-a-motortec\/#breadcrumb"},"inLanguage":"pt-PT","potentialAction":[{"@type":"ReadAction","target":["https:\/\/jornaldasoficinas.com\/pt\/mann-filter-leva-nova-linha-de-filtros-com-lignina-a-motortec\/"]}]},{"@type":"ImageObject","inLanguage":"pt-PT","@id":"https:\/\/jornaldasoficinas.com\/pt\/mann-filter-leva-nova-linha-de-filtros-com-lignina-a-motortec\/#primaryimage","url":"https:\/\/jornaldasoficinas.com\/pt\/wp-content\/uploads\/2025\/03\/MANN-FILTER-leva-nova-linha-de-filtros-com-lignina-ate-a-Motortec.jpg","contentUrl":"https:\/\/jornaldasoficinas.com\/pt\/wp-content\/uploads\/2025\/03\/MANN-FILTER-leva-nova-linha-de-filtros-com-lignina-ate-a-Motortec.jpg","width":1024,"height":581,"caption":"03 - MANN FILTER leva nova linha de filtros com lignina ate a Motortec"},{"@type":"BreadcrumbList","@id":"https:\/\/jornaldasoficinas.com\/pt\/mann-filter-leva-nova-linha-de-filtros-com-lignina-a-motortec\/#breadcrumb","itemListElement":[{"@type":"ListItem","position":1,"name":"In\u00edcio","item":"https:\/\/jornaldasoficinas.com\/pt\/"},{"@type":"ListItem","position":2,"name":"MANN-FILTER leva nova linha de filtros com lignina \u00e0 Motortec"}]},{"@type":"WebSite","@id":"https:\/\/jornaldasoficinas.com\/pt\/#website","url":"https:\/\/jornaldasoficinas.com\/pt\/","name":"Jornal das Oficinas","description":"Jornal independente do Aftermarket Autom\u00f3vel em Portugal","publisher":{"@id":"https:\/\/jornaldasoficinas.com\/pt\/#organization"},"potentialAction":[{"@type":"SearchAction","target":{"@type":"EntryPoint","urlTemplate":"https:\/\/jornaldasoficinas.com\/pt\/?s={search_term_string}"},"query-input":{"@type":"PropertyValueSpecification","valueRequired":true,"valueName":"search_term_string"}}],"inLanguage":"pt-PT"},{"@type":"Organization","@id":"https:\/\/jornaldasoficinas.com\/pt\/#organization","name":"Jornal das Oficinas","url":"https:\/\/jornaldasoficinas.com\/pt\/","logo":{"@type":"ImageObject","inLanguage":"pt-PT","@id":"https:\/\/jornaldasoficinas.com\/pt\/#\/schema\/logo\/image\/","url":"https:\/\/jornaldasoficinas.com\/pt\/wp-content\/uploads\/logoJO-SEO.png","contentUrl":"https:\/\/jornaldasoficinas.com\/pt\/wp-content\/uploads\/logoJO-SEO.png","width":285,"height":450,"caption":"Jornal das Oficinas"},"image":{"@id":"https:\/\/jornaldasoficinas.com\/pt\/#\/schema\/logo\/image\/"},"sameAs":["https:\/\/www.facebook.com\/jornaloficinas","https:\/\/x.com\/jornaloficinas","https:\/\/www.instagram.com\/jornal_oficinas\/","https:\/\/www.linkedin.com\/company\/jornal-das-oficinas\/","https:\/\/www.youtube.com\/channel\/UCbQZBqtcvV-oSQrr7RzINGg"]},{"@type":"Person","@id":"https:\/\/jornaldasoficinas.com\/pt\/#\/schema\/person\/a38eef5de2c41d9e7c9ac10141afddf3","name":"Reda\u00e7\u00e3o JO","image":{"@type":"ImageObject","inLanguage":"pt-PT","@id":"https:\/\/secure.gravatar.com\/avatar\/71f2fa71737ad68a84fea94bc708ddac8ea5b0c4788dc2ad202f3ccb2887742f?s=96&d=wp_user_avatar&r=g","url":"https:\/\/secure.gravatar.com\/avatar\/71f2fa71737ad68a84fea94bc708ddac8ea5b0c4788dc2ad202f3ccb2887742f?s=96&d=wp_user_avatar&r=g","contentUrl":"https:\/\/secure.gravatar.com\/avatar\/71f2fa71737ad68a84fea94bc708ddac8ea5b0c4788dc2ad202f3ccb2887742f?s=96&d=wp_user_avatar&r=g","caption":"Reda\u00e7\u00e3o JO"},"url":"https:\/\/jornaldasoficinas.com\/pt\/author\/joredacao\/"}]}},"_links":{"self":[{"href":"https:\/\/jornaldasoficinas.com\/pt\/wp-json\/wp\/v2\/posts\/99718","targetHints":{"allow":["GET"]}}],"collection":[{"href":"https:\/\/jornaldasoficinas.com\/pt\/wp-json\/wp\/v2\/posts"}],"about":[{"href":"https:\/\/jornaldasoficinas.com\/pt\/wp-json\/wp\/v2\/types\/post"}],"author":[{"embeddable":true,"href":"https:\/\/jornaldasoficinas.com\/pt\/wp-json\/wp\/v2\/users\/15"}],"replies":[{"embeddable":true,"href":"https:\/\/jornaldasoficinas.com\/pt\/wp-json\/wp\/v2\/comments?post=99718"}],"version-history":[{"count":6,"href":"https:\/\/jornaldasoficinas.com\/pt\/wp-json\/wp\/v2\/posts\/99718\/revisions"}],"predecessor-version":[{"id":99725,"href":"https:\/\/jornaldasoficinas.com\/pt\/wp-json\/wp\/v2\/posts\/99718\/revisions\/99725"}],"wp:featuredmedia":[{"embeddable":true,"href":"https:\/\/jornaldasoficinas.com\/pt\/wp-json\/wp\/v2\/media\/99723"}],"wp:attachment":[{"href":"https:\/\/jornaldasoficinas.com\/pt\/wp-json\/wp\/v2\/media?parent=99718"}],"wp:term":[{"taxonomy":"category","embeddable":true,"href":"https:\/\/jornaldasoficinas.com\/pt\/wp-json\/wp\/v2\/categories?post=99718"},{"taxonomy":"post_tag","embeddable":true,"href":"https:\/\/jornaldasoficinas.com\/pt\/wp-json\/wp\/v2\/tags?post=99718"}],"curies":[{"name":"wp","href":"https:\/\/api.w.org\/{rel}","templated":true}]}}