{"id":99873,"date":"2025-04-04T08:00:19","date_gmt":"2025-04-04T07:00:19","guid":{"rendered":"https:\/\/jornaldasoficinas.com\/pt\/?p=99873"},"modified":"2025-04-03T17:11:25","modified_gmt":"2025-04-03T16:11:25","slug":"industria-automovel-enfrenta-vaga-de-ciberataques","status":"publish","type":"post","link":"https:\/\/jornaldasoficinas.com\/pt\/industria-automovel-enfrenta-vaga-de-ciberataques\/","title":{"rendered":"Ind\u00fastria Autom\u00f3vel enfrenta vaga de ciberataques"},"content":{"rendered":"<p style=\"font-weight: 400;\"><strong><img loading=\"lazy\" decoding=\"async\" class=\"alignnone size-full wp-image-99885\" src=\"https:\/\/jornaldasoficinas.com\/pt\/wp-content\/uploads\/2025\/04\/Industria-Automovel-enfrenta-vaga-de-ciberataques.jpg\" alt=\"04 - Industria Automovel enfrenta vaga de ciberataques\" width=\"1024\" height=\"581\" srcset=\"https:\/\/jornaldasoficinas.com\/pt\/wp-content\/uploads\/2025\/04\/Industria-Automovel-enfrenta-vaga-de-ciberataques.jpg 1024w, https:\/\/jornaldasoficinas.com\/pt\/wp-content\/uploads\/2025\/04\/Industria-Automovel-enfrenta-vaga-de-ciberataques-300x170.jpg 300w, https:\/\/jornaldasoficinas.com\/pt\/wp-content\/uploads\/2025\/04\/Industria-Automovel-enfrenta-vaga-de-ciberataques-150x85.jpg 150w, https:\/\/jornaldasoficinas.com\/pt\/wp-content\/uploads\/2025\/04\/Industria-Automovel-enfrenta-vaga-de-ciberataques-768x436.jpg 768w\" sizes=\"auto, (max-width: 1024px) 100vw, 1024px\" \/><\/strong><\/p>\n<p style=\"font-weight: 400;\"><strong>Em 2024, a <a href=\"https:\/\/www.google.com\/url?sa=t&amp;source=web&amp;rct=j&amp;opi=89978449&amp;url=https:\/\/www.cipher.com\/&amp;ved=2ahUKEwiGzKL6g7qMAxWnRKQEHaE7OtEQFnoECBYQAQ&amp;usg=AOvVaw1hvx7kDnrH25k7AsWZOhma\">Cipher<\/a> registou 960 ciberataques dirigidos \u00e0 ind\u00fastria autom\u00f3vel, o que <\/strong><strong>significa um aumento de 63% face ao ano anterior<\/strong><\/p>\n<p style=\"font-weight: 400;\">A Cipher, divis\u00e3o de ciberseguran\u00e7a do <a href=\"https:\/\/www.google.com\/url?sa=t&amp;source=web&amp;rct=j&amp;opi=89978449&amp;url=https:\/\/www.prosegur.pt\/&amp;ved=2ahUKEwj715iYhLqMAxU4K_sDHXU1AB8QFnoECAsQAQ&amp;usg=AOvVaw2G7WZC3oVYSWCXfB4tWTOy\">Grupo Prosegur<\/a>, alerta para a crescente amea\u00e7a de ciberataques ao setor autom\u00f3vel. De acordo com a unidade de ciberintelig\u00eancia x63 Unit, o n\u00famero de incidentes aumentou 63% em 2024, totalizando 960 ataques globais.<\/p>\n<p style=\"font-weight: 400;\">Os cibercriminosos t\u00eam explorado vulnerabilidades atrav\u00e9s de ransomware, com destaque para grupos como Lockbit3, Ransomhub, Alphv, Bianlian e Akira, que recorrem a extors\u00e3o dupla para maximizar os danos. O impacto \u00e9 alarmante: s\u00f3 nos EUA registaram-se 533 ataques, seguidos do Reino Unido (62) e Canad\u00e1 (47).<\/p>\n<p style=\"font-weight: 400;\"><strong>Vulnerabilidades cr\u00edticas: o ponto fraco do setor<\/strong><\/p>\n<p style=\"font-weight: 400;\">A ind\u00fastria autom\u00f3vel tem sido um alvo preferencial dos cibercriminosos, com mais de 440 vulnerabilidades exploradas em empresas como Toyota, Volkswagen e Mazda. Muitas destas falhas decorrem da falta de atualiza\u00e7\u00f5es de seguran\u00e7a, permitindo que os atacantes se infiltrem em sistemas cr\u00edticos.<\/p>\n<p style=\"font-weight: 400;\"><strong>T\u00e1ticas dos cibercriminosos<\/strong><\/p>\n<p style=\"font-weight: 400;\">Atualmente, o panorama da ciberseguran\u00e7a na ind\u00fastria autom\u00f3vel enfrenta um cen\u00e1rio de amea\u00e7as diversificado, protagonizada principalmente por parte de cibercriminosos organizados, sem excluir os grupos de espionagem patrocinados por distintos Estados. Entre os agentes mais comuns detetados pela Unidade x63 da Cipher est\u00e3o o Threat Ator 888, especializado em despejo de credenciais, ou o GhostEmperor, que se concentra na espionagem e na explora\u00e7\u00e3o de protocolos de comunica\u00e7\u00e3o inseguros. Relativamente \u00e0s t\u00e9cnicas mais utilizadas, destaca-se o uso de malware utilizado atrav\u00e9s de ferramentas como o Clop, OtterCookie, CAPSAICIN e FICORA.<\/p>\n<p style=\"font-weight: 400;\"><strong>Impacto dos ataques: um golpe milion\u00e1rio para a ind\u00fastria autom\u00f3vel<\/strong><\/p>\n<p style=\"font-weight: 400;\">As consequ\u00eancias para o setor de um ataque bem-sucedido \u00e0 ciberseguran\u00e7a podem ser devastadoras. Uma falha no sistema devido \u00e0 pirataria inform\u00e1tica por um cibercriminoso significa um golpe econ\u00f3mico e de reputa\u00e7\u00e3o. Como mostra o estudo realizado pela x63 Unit, as consequ\u00eancias destas amea\u00e7as digitais podem resultar na interrup\u00e7\u00e3o da produ\u00e7\u00e3o e da cadeia de abastecimento, em perdas financeiras na ordem dos milh\u00f5es e\/ou na exposi\u00e7\u00e3o de dados sens\u00edveis de clientes, fornecedores e funcion\u00e1rios, entre outros.<\/p>\n<p style=\"font-weight: 400;\"><strong>Como reduzir o risco?<\/strong><\/p>\n<p style=\"font-weight: 400;\">Os respons\u00e1veis da x63 Unit consideram que, para tentar reduzir o impacto dos ciberataques, as empresas devem agir com a maior rapidez e agilidade poss\u00edvel, aplicando atualiza\u00e7\u00f5es de seguran\u00e7a regulares. Para tentar reduzir o impacto dos ciberataques, as empresas devem agir com a maior rapidez e agilidade poss\u00edvel, aplicando atualiza\u00e7\u00f5es de seguran\u00e7a sem demora. Al\u00e9m disso, com o surgimento da intelig\u00eancia artificial, os ataques cibern\u00e9ticos s\u00e3o mais imprevis\u00edveis e as empresas est\u00e3o cada vez mais desprotegidas. Por conseguinte, \u00e9 essencial implementar medidas avan\u00e7adas de ciberseguran\u00e7a para impedir o acesso n\u00e3o autorizado e pol\u00edticas rigorosas para evitar contas comprometidas.<\/p>\n<p style=\"font-weight: 400;\">A x63 Unit destaca ainda a import\u00e2ncia da implementa\u00e7\u00e3o de solu\u00e7\u00f5es que permitam atuar em tempo real, bem como da forma\u00e7\u00e3o cont\u00ednua para colaboradores sobre os riscos digitais. No entanto, mesmo o melhor modelo de seguran\u00e7a digital pode n\u00e3o funcionar. \u00c9 por isso que as organiza\u00e7\u00f5es devem ter planos de resposta a incidentes, ou seja, estrat\u00e9gias claras para minimizar o impacto dos ciberataques.<\/p>\n<p style=\"font-weight: 400;\">A crescente sofistica\u00e7\u00e3o dos ataques, impulsionada por intelig\u00eancia artificial, torna essencial refor\u00e7ar as defesas digitais. A solu\u00e7\u00e3o xMDR da Cipher oferece prote\u00e7\u00e3o avan\u00e7ada, cobrindo 92,86% das t\u00e1ticas MITRE ATT&amp;CK e utilizando mais de 400 processos automatizados para dete\u00e7\u00e3o e resposta a amea\u00e7as. A seguran\u00e7a digital no setor autom\u00f3vel \u00e9 urgente. Agir agora pode fazer a diferen\u00e7a.<\/p>\n","protected":false},"excerpt":{"rendered":"<p>Em 2024, a Cipher registou 960&#8230;<\/p>\n","protected":false},"author":15,"featured_media":99885,"comment_status":"closed","ping_status":"closed","sticky":false,"template":"","format":"standard","meta":{"footnotes":""},"categories":[29],"tags":[12381,5312,12378,12377,12376,12379,3194,12380],"class_list":["post-99873","post","type-post","status-publish","format-standard","has-post-thumbnail","hentry","category-empresas","tag-aumento-criminalidade","tag-ciberataques","tag-cibercriminosos","tag-ciberinteligencia","tag-cipher","tag-grupo-prosegur","tag-industria-automovel","tag-panorama-da-ciberseguranca"],"yoast_head":"<!-- This site is optimized with the Yoast SEO plugin v27.4 - https:\/\/yoast.com\/product\/yoast-seo-wordpress\/ -->\n<title>Ind\u00fastria Autom\u00f3vel enfrenta vaga de ciberataques - Jornal das Oficinas<\/title>\n<meta name=\"description\" content=\"Em 2024, a Cipher registou 960 ciberataques dirigidos \u00e0 ind\u00fastria autom\u00f3vel, o que significa um aumento de 63% face ao ano anterior\" \/>\n<meta name=\"robots\" content=\"index, follow, max-snippet:-1, max-image-preview:large, max-video-preview:-1\" \/>\n<link rel=\"canonical\" href=\"https:\/\/jornaldasoficinas.com\/pt\/industria-automovel-enfrenta-vaga-de-ciberataques\/\" \/>\n<meta property=\"og:locale\" content=\"pt_PT\" \/>\n<meta property=\"og:type\" content=\"article\" \/>\n<meta property=\"og:title\" content=\"Ind\u00fastria Autom\u00f3vel enfrenta vaga de ciberataques - Jornal das Oficinas\" \/>\n<meta property=\"og:description\" content=\"Em 2024, a Cipher registou 960 ciberataques dirigidos \u00e0 ind\u00fastria autom\u00f3vel, o que significa um aumento de 63% face ao ano anterior\" \/>\n<meta property=\"og:url\" content=\"https:\/\/jornaldasoficinas.com\/pt\/industria-automovel-enfrenta-vaga-de-ciberataques\/\" \/>\n<meta property=\"og:site_name\" content=\"Jornal das Oficinas\" \/>\n<meta property=\"article:publisher\" content=\"https:\/\/www.facebook.com\/jornaloficinas\" \/>\n<meta property=\"article:published_time\" content=\"2025-04-04T07:00:19+00:00\" \/>\n<meta property=\"og:image\" content=\"https:\/\/jornaldasoficinas.com\/pt\/wp-content\/uploads\/2025\/04\/Industria-Automovel-enfrenta-vaga-de-ciberataques.jpg\" \/>\n\t<meta property=\"og:image:width\" content=\"1024\" \/>\n\t<meta property=\"og:image:height\" content=\"581\" \/>\n\t<meta property=\"og:image:type\" content=\"image\/jpeg\" \/>\n<meta name=\"author\" content=\"Reda\u00e7\u00e3o JO\" \/>\n<meta name=\"twitter:card\" content=\"summary_large_image\" \/>\n<meta name=\"twitter:creator\" content=\"@jornaloficinas\" \/>\n<meta name=\"twitter:site\" content=\"@jornaloficinas\" \/>\n<meta name=\"twitter:label1\" content=\"Escrito por\" \/>\n\t<meta name=\"twitter:data1\" content=\"Reda\u00e7\u00e3o JO\" \/>\n\t<meta name=\"twitter:label2\" content=\"Tempo estimado de leitura\" \/>\n\t<meta name=\"twitter:data2\" content=\"4 minutos\" \/>\n<script type=\"application\/ld+json\" class=\"yoast-schema-graph\">{\"@context\":\"https:\\\/\\\/schema.org\",\"@graph\":[{\"@type\":\"Article\",\"@id\":\"https:\\\/\\\/jornaldasoficinas.com\\\/pt\\\/industria-automovel-enfrenta-vaga-de-ciberataques\\\/#article\",\"isPartOf\":{\"@id\":\"https:\\\/\\\/jornaldasoficinas.com\\\/pt\\\/industria-automovel-enfrenta-vaga-de-ciberataques\\\/\"},\"author\":{\"name\":\"Reda\u00e7\u00e3o JO\",\"@id\":\"https:\\\/\\\/jornaldasoficinas.com\\\/pt\\\/#\\\/schema\\\/person\\\/a38eef5de2c41d9e7c9ac10141afddf3\"},\"headline\":\"Ind\u00fastria Autom\u00f3vel enfrenta vaga de ciberataques\",\"datePublished\":\"2025-04-04T07:00:19+00:00\",\"mainEntityOfPage\":{\"@id\":\"https:\\\/\\\/jornaldasoficinas.com\\\/pt\\\/industria-automovel-enfrenta-vaga-de-ciberataques\\\/\"},\"wordCount\":628,\"publisher\":{\"@id\":\"https:\\\/\\\/jornaldasoficinas.com\\\/pt\\\/#organization\"},\"image\":{\"@id\":\"https:\\\/\\\/jornaldasoficinas.com\\\/pt\\\/industria-automovel-enfrenta-vaga-de-ciberataques\\\/#primaryimage\"},\"thumbnailUrl\":\"https:\\\/\\\/jornaldasoficinas.com\\\/pt\\\/wp-content\\\/uploads\\\/2025\\\/04\\\/Industria-Automovel-enfrenta-vaga-de-ciberataques.jpg\",\"keywords\":[\"aumento criminalidade\",\"Ciberataques\",\"cibercriminosos\",\"ciberintelig\u00eancia\",\"Cipher\",\"Grupo Prosegur\",\"Ind\u00fastria autom\u00f3vel\",\"panorama da ciberseguran\u00e7a\"],\"articleSection\":[\"Empresas\"],\"inLanguage\":\"pt-PT\"},{\"@type\":\"WebPage\",\"@id\":\"https:\\\/\\\/jornaldasoficinas.com\\\/pt\\\/industria-automovel-enfrenta-vaga-de-ciberataques\\\/\",\"url\":\"https:\\\/\\\/jornaldasoficinas.com\\\/pt\\\/industria-automovel-enfrenta-vaga-de-ciberataques\\\/\",\"name\":\"Ind\u00fastria Autom\u00f3vel enfrenta vaga de ciberataques - Jornal das Oficinas\",\"isPartOf\":{\"@id\":\"https:\\\/\\\/jornaldasoficinas.com\\\/pt\\\/#website\"},\"primaryImageOfPage\":{\"@id\":\"https:\\\/\\\/jornaldasoficinas.com\\\/pt\\\/industria-automovel-enfrenta-vaga-de-ciberataques\\\/#primaryimage\"},\"image\":{\"@id\":\"https:\\\/\\\/jornaldasoficinas.com\\\/pt\\\/industria-automovel-enfrenta-vaga-de-ciberataques\\\/#primaryimage\"},\"thumbnailUrl\":\"https:\\\/\\\/jornaldasoficinas.com\\\/pt\\\/wp-content\\\/uploads\\\/2025\\\/04\\\/Industria-Automovel-enfrenta-vaga-de-ciberataques.jpg\",\"datePublished\":\"2025-04-04T07:00:19+00:00\",\"description\":\"Em 2024, a Cipher registou 960 ciberataques dirigidos \u00e0 ind\u00fastria autom\u00f3vel, o que significa um aumento de 63% face ao ano anterior\",\"breadcrumb\":{\"@id\":\"https:\\\/\\\/jornaldasoficinas.com\\\/pt\\\/industria-automovel-enfrenta-vaga-de-ciberataques\\\/#breadcrumb\"},\"inLanguage\":\"pt-PT\",\"potentialAction\":[{\"@type\":\"ReadAction\",\"target\":[\"https:\\\/\\\/jornaldasoficinas.com\\\/pt\\\/industria-automovel-enfrenta-vaga-de-ciberataques\\\/\"]}]},{\"@type\":\"ImageObject\",\"inLanguage\":\"pt-PT\",\"@id\":\"https:\\\/\\\/jornaldasoficinas.com\\\/pt\\\/industria-automovel-enfrenta-vaga-de-ciberataques\\\/#primaryimage\",\"url\":\"https:\\\/\\\/jornaldasoficinas.com\\\/pt\\\/wp-content\\\/uploads\\\/2025\\\/04\\\/Industria-Automovel-enfrenta-vaga-de-ciberataques.jpg\",\"contentUrl\":\"https:\\\/\\\/jornaldasoficinas.com\\\/pt\\\/wp-content\\\/uploads\\\/2025\\\/04\\\/Industria-Automovel-enfrenta-vaga-de-ciberataques.jpg\",\"width\":1024,\"height\":581,\"caption\":\"04 - Industria Automovel enfrenta vaga de ciberataques\"},{\"@type\":\"BreadcrumbList\",\"@id\":\"https:\\\/\\\/jornaldasoficinas.com\\\/pt\\\/industria-automovel-enfrenta-vaga-de-ciberataques\\\/#breadcrumb\",\"itemListElement\":[{\"@type\":\"ListItem\",\"position\":1,\"name\":\"In\u00edcio\",\"item\":\"https:\\\/\\\/jornaldasoficinas.com\\\/pt\\\/\"},{\"@type\":\"ListItem\",\"position\":2,\"name\":\"Ind\u00fastria Autom\u00f3vel enfrenta vaga de ciberataques\"}]},{\"@type\":\"WebSite\",\"@id\":\"https:\\\/\\\/jornaldasoficinas.com\\\/pt\\\/#website\",\"url\":\"https:\\\/\\\/jornaldasoficinas.com\\\/pt\\\/\",\"name\":\"Jornal das Oficinas\",\"description\":\"Jornal independente do Aftermarket Autom\u00f3vel em Portugal\",\"publisher\":{\"@id\":\"https:\\\/\\\/jornaldasoficinas.com\\\/pt\\\/#organization\"},\"potentialAction\":[{\"@type\":\"SearchAction\",\"target\":{\"@type\":\"EntryPoint\",\"urlTemplate\":\"https:\\\/\\\/jornaldasoficinas.com\\\/pt\\\/?s={search_term_string}\"},\"query-input\":{\"@type\":\"PropertyValueSpecification\",\"valueRequired\":true,\"valueName\":\"search_term_string\"}}],\"inLanguage\":\"pt-PT\"},{\"@type\":\"Organization\",\"@id\":\"https:\\\/\\\/jornaldasoficinas.com\\\/pt\\\/#organization\",\"name\":\"Jornal das Oficinas\",\"url\":\"https:\\\/\\\/jornaldasoficinas.com\\\/pt\\\/\",\"logo\":{\"@type\":\"ImageObject\",\"inLanguage\":\"pt-PT\",\"@id\":\"https:\\\/\\\/jornaldasoficinas.com\\\/pt\\\/#\\\/schema\\\/logo\\\/image\\\/\",\"url\":\"https:\\\/\\\/jornaldasoficinas.com\\\/pt\\\/wp-content\\\/uploads\\\/logoJO-SEO.png\",\"contentUrl\":\"https:\\\/\\\/jornaldasoficinas.com\\\/pt\\\/wp-content\\\/uploads\\\/logoJO-SEO.png\",\"width\":285,\"height\":450,\"caption\":\"Jornal das Oficinas\"},\"image\":{\"@id\":\"https:\\\/\\\/jornaldasoficinas.com\\\/pt\\\/#\\\/schema\\\/logo\\\/image\\\/\"},\"sameAs\":[\"https:\\\/\\\/www.facebook.com\\\/jornaloficinas\",\"https:\\\/\\\/x.com\\\/jornaloficinas\",\"https:\\\/\\\/www.instagram.com\\\/jornal_oficinas\\\/\",\"https:\\\/\\\/www.linkedin.com\\\/company\\\/jornal-das-oficinas\\\/\",\"https:\\\/\\\/www.youtube.com\\\/channel\\\/UCbQZBqtcvV-oSQrr7RzINGg\"]},{\"@type\":\"Person\",\"@id\":\"https:\\\/\\\/jornaldasoficinas.com\\\/pt\\\/#\\\/schema\\\/person\\\/a38eef5de2c41d9e7c9ac10141afddf3\",\"name\":\"Reda\u00e7\u00e3o JO\",\"image\":{\"@type\":\"ImageObject\",\"inLanguage\":\"pt-PT\",\"@id\":\"https:\\\/\\\/secure.gravatar.com\\\/avatar\\\/71f2fa71737ad68a84fea94bc708ddac8ea5b0c4788dc2ad202f3ccb2887742f?s=96&d=wp_user_avatar&r=g\",\"url\":\"https:\\\/\\\/secure.gravatar.com\\\/avatar\\\/71f2fa71737ad68a84fea94bc708ddac8ea5b0c4788dc2ad202f3ccb2887742f?s=96&d=wp_user_avatar&r=g\",\"contentUrl\":\"https:\\\/\\\/secure.gravatar.com\\\/avatar\\\/71f2fa71737ad68a84fea94bc708ddac8ea5b0c4788dc2ad202f3ccb2887742f?s=96&d=wp_user_avatar&r=g\",\"caption\":\"Reda\u00e7\u00e3o JO\"},\"url\":\"https:\\\/\\\/jornaldasoficinas.com\\\/pt\\\/author\\\/joredacao\\\/\"}]}<\/script>\n<!-- \/ Yoast SEO plugin. -->","yoast_head_json":{"title":"Ind\u00fastria Autom\u00f3vel enfrenta vaga de ciberataques - Jornal das Oficinas","description":"Em 2024, a Cipher registou 960 ciberataques dirigidos \u00e0 ind\u00fastria autom\u00f3vel, o que significa um aumento de 63% face ao ano anterior","robots":{"index":"index","follow":"follow","max-snippet":"max-snippet:-1","max-image-preview":"max-image-preview:large","max-video-preview":"max-video-preview:-1"},"canonical":"https:\/\/jornaldasoficinas.com\/pt\/industria-automovel-enfrenta-vaga-de-ciberataques\/","og_locale":"pt_PT","og_type":"article","og_title":"Ind\u00fastria Autom\u00f3vel enfrenta vaga de ciberataques - Jornal das Oficinas","og_description":"Em 2024, a Cipher registou 960 ciberataques dirigidos \u00e0 ind\u00fastria autom\u00f3vel, o que significa um aumento de 63% face ao ano anterior","og_url":"https:\/\/jornaldasoficinas.com\/pt\/industria-automovel-enfrenta-vaga-de-ciberataques\/","og_site_name":"Jornal das Oficinas","article_publisher":"https:\/\/www.facebook.com\/jornaloficinas","article_published_time":"2025-04-04T07:00:19+00:00","og_image":[{"width":1024,"height":581,"url":"https:\/\/jornaldasoficinas.com\/pt\/wp-content\/uploads\/2025\/04\/Industria-Automovel-enfrenta-vaga-de-ciberataques.jpg","type":"image\/jpeg"}],"author":"Reda\u00e7\u00e3o JO","twitter_card":"summary_large_image","twitter_creator":"@jornaloficinas","twitter_site":"@jornaloficinas","twitter_misc":{"Escrito por":"Reda\u00e7\u00e3o JO","Tempo estimado de leitura":"4 minutos"},"schema":{"@context":"https:\/\/schema.org","@graph":[{"@type":"Article","@id":"https:\/\/jornaldasoficinas.com\/pt\/industria-automovel-enfrenta-vaga-de-ciberataques\/#article","isPartOf":{"@id":"https:\/\/jornaldasoficinas.com\/pt\/industria-automovel-enfrenta-vaga-de-ciberataques\/"},"author":{"name":"Reda\u00e7\u00e3o JO","@id":"https:\/\/jornaldasoficinas.com\/pt\/#\/schema\/person\/a38eef5de2c41d9e7c9ac10141afddf3"},"headline":"Ind\u00fastria Autom\u00f3vel enfrenta vaga de ciberataques","datePublished":"2025-04-04T07:00:19+00:00","mainEntityOfPage":{"@id":"https:\/\/jornaldasoficinas.com\/pt\/industria-automovel-enfrenta-vaga-de-ciberataques\/"},"wordCount":628,"publisher":{"@id":"https:\/\/jornaldasoficinas.com\/pt\/#organization"},"image":{"@id":"https:\/\/jornaldasoficinas.com\/pt\/industria-automovel-enfrenta-vaga-de-ciberataques\/#primaryimage"},"thumbnailUrl":"https:\/\/jornaldasoficinas.com\/pt\/wp-content\/uploads\/2025\/04\/Industria-Automovel-enfrenta-vaga-de-ciberataques.jpg","keywords":["aumento criminalidade","Ciberataques","cibercriminosos","ciberintelig\u00eancia","Cipher","Grupo Prosegur","Ind\u00fastria autom\u00f3vel","panorama da ciberseguran\u00e7a"],"articleSection":["Empresas"],"inLanguage":"pt-PT"},{"@type":"WebPage","@id":"https:\/\/jornaldasoficinas.com\/pt\/industria-automovel-enfrenta-vaga-de-ciberataques\/","url":"https:\/\/jornaldasoficinas.com\/pt\/industria-automovel-enfrenta-vaga-de-ciberataques\/","name":"Ind\u00fastria Autom\u00f3vel enfrenta vaga de ciberataques - Jornal das Oficinas","isPartOf":{"@id":"https:\/\/jornaldasoficinas.com\/pt\/#website"},"primaryImageOfPage":{"@id":"https:\/\/jornaldasoficinas.com\/pt\/industria-automovel-enfrenta-vaga-de-ciberataques\/#primaryimage"},"image":{"@id":"https:\/\/jornaldasoficinas.com\/pt\/industria-automovel-enfrenta-vaga-de-ciberataques\/#primaryimage"},"thumbnailUrl":"https:\/\/jornaldasoficinas.com\/pt\/wp-content\/uploads\/2025\/04\/Industria-Automovel-enfrenta-vaga-de-ciberataques.jpg","datePublished":"2025-04-04T07:00:19+00:00","description":"Em 2024, a Cipher registou 960 ciberataques dirigidos \u00e0 ind\u00fastria autom\u00f3vel, o que significa um aumento de 63% face ao ano anterior","breadcrumb":{"@id":"https:\/\/jornaldasoficinas.com\/pt\/industria-automovel-enfrenta-vaga-de-ciberataques\/#breadcrumb"},"inLanguage":"pt-PT","potentialAction":[{"@type":"ReadAction","target":["https:\/\/jornaldasoficinas.com\/pt\/industria-automovel-enfrenta-vaga-de-ciberataques\/"]}]},{"@type":"ImageObject","inLanguage":"pt-PT","@id":"https:\/\/jornaldasoficinas.com\/pt\/industria-automovel-enfrenta-vaga-de-ciberataques\/#primaryimage","url":"https:\/\/jornaldasoficinas.com\/pt\/wp-content\/uploads\/2025\/04\/Industria-Automovel-enfrenta-vaga-de-ciberataques.jpg","contentUrl":"https:\/\/jornaldasoficinas.com\/pt\/wp-content\/uploads\/2025\/04\/Industria-Automovel-enfrenta-vaga-de-ciberataques.jpg","width":1024,"height":581,"caption":"04 - Industria Automovel enfrenta vaga de ciberataques"},{"@type":"BreadcrumbList","@id":"https:\/\/jornaldasoficinas.com\/pt\/industria-automovel-enfrenta-vaga-de-ciberataques\/#breadcrumb","itemListElement":[{"@type":"ListItem","position":1,"name":"In\u00edcio","item":"https:\/\/jornaldasoficinas.com\/pt\/"},{"@type":"ListItem","position":2,"name":"Ind\u00fastria Autom\u00f3vel enfrenta vaga de ciberataques"}]},{"@type":"WebSite","@id":"https:\/\/jornaldasoficinas.com\/pt\/#website","url":"https:\/\/jornaldasoficinas.com\/pt\/","name":"Jornal das Oficinas","description":"Jornal independente do Aftermarket Autom\u00f3vel em Portugal","publisher":{"@id":"https:\/\/jornaldasoficinas.com\/pt\/#organization"},"potentialAction":[{"@type":"SearchAction","target":{"@type":"EntryPoint","urlTemplate":"https:\/\/jornaldasoficinas.com\/pt\/?s={search_term_string}"},"query-input":{"@type":"PropertyValueSpecification","valueRequired":true,"valueName":"search_term_string"}}],"inLanguage":"pt-PT"},{"@type":"Organization","@id":"https:\/\/jornaldasoficinas.com\/pt\/#organization","name":"Jornal das Oficinas","url":"https:\/\/jornaldasoficinas.com\/pt\/","logo":{"@type":"ImageObject","inLanguage":"pt-PT","@id":"https:\/\/jornaldasoficinas.com\/pt\/#\/schema\/logo\/image\/","url":"https:\/\/jornaldasoficinas.com\/pt\/wp-content\/uploads\/logoJO-SEO.png","contentUrl":"https:\/\/jornaldasoficinas.com\/pt\/wp-content\/uploads\/logoJO-SEO.png","width":285,"height":450,"caption":"Jornal das Oficinas"},"image":{"@id":"https:\/\/jornaldasoficinas.com\/pt\/#\/schema\/logo\/image\/"},"sameAs":["https:\/\/www.facebook.com\/jornaloficinas","https:\/\/x.com\/jornaloficinas","https:\/\/www.instagram.com\/jornal_oficinas\/","https:\/\/www.linkedin.com\/company\/jornal-das-oficinas\/","https:\/\/www.youtube.com\/channel\/UCbQZBqtcvV-oSQrr7RzINGg"]},{"@type":"Person","@id":"https:\/\/jornaldasoficinas.com\/pt\/#\/schema\/person\/a38eef5de2c41d9e7c9ac10141afddf3","name":"Reda\u00e7\u00e3o JO","image":{"@type":"ImageObject","inLanguage":"pt-PT","@id":"https:\/\/secure.gravatar.com\/avatar\/71f2fa71737ad68a84fea94bc708ddac8ea5b0c4788dc2ad202f3ccb2887742f?s=96&d=wp_user_avatar&r=g","url":"https:\/\/secure.gravatar.com\/avatar\/71f2fa71737ad68a84fea94bc708ddac8ea5b0c4788dc2ad202f3ccb2887742f?s=96&d=wp_user_avatar&r=g","contentUrl":"https:\/\/secure.gravatar.com\/avatar\/71f2fa71737ad68a84fea94bc708ddac8ea5b0c4788dc2ad202f3ccb2887742f?s=96&d=wp_user_avatar&r=g","caption":"Reda\u00e7\u00e3o JO"},"url":"https:\/\/jornaldasoficinas.com\/pt\/author\/joredacao\/"}]}},"_links":{"self":[{"href":"https:\/\/jornaldasoficinas.com\/pt\/wp-json\/wp\/v2\/posts\/99873","targetHints":{"allow":["GET"]}}],"collection":[{"href":"https:\/\/jornaldasoficinas.com\/pt\/wp-json\/wp\/v2\/posts"}],"about":[{"href":"https:\/\/jornaldasoficinas.com\/pt\/wp-json\/wp\/v2\/types\/post"}],"author":[{"embeddable":true,"href":"https:\/\/jornaldasoficinas.com\/pt\/wp-json\/wp\/v2\/users\/15"}],"replies":[{"embeddable":true,"href":"https:\/\/jornaldasoficinas.com\/pt\/wp-json\/wp\/v2\/comments?post=99873"}],"version-history":[{"count":2,"href":"https:\/\/jornaldasoficinas.com\/pt\/wp-json\/wp\/v2\/posts\/99873\/revisions"}],"predecessor-version":[{"id":99886,"href":"https:\/\/jornaldasoficinas.com\/pt\/wp-json\/wp\/v2\/posts\/99873\/revisions\/99886"}],"wp:featuredmedia":[{"embeddable":true,"href":"https:\/\/jornaldasoficinas.com\/pt\/wp-json\/wp\/v2\/media\/99885"}],"wp:attachment":[{"href":"https:\/\/jornaldasoficinas.com\/pt\/wp-json\/wp\/v2\/media?parent=99873"}],"wp:term":[{"taxonomy":"category","embeddable":true,"href":"https:\/\/jornaldasoficinas.com\/pt\/wp-json\/wp\/v2\/categories?post=99873"},{"taxonomy":"post_tag","embeddable":true,"href":"https:\/\/jornaldasoficinas.com\/pt\/wp-json\/wp\/v2\/tags?post=99873"}],"curies":[{"name":"wp","href":"https:\/\/api.w.org\/{rel}","templated":true}]}}