{"id":99877,"date":"2025-04-04T18:00:14","date_gmt":"2025-04-04T17:00:14","guid":{"rendered":"https:\/\/jornaldasoficinas.com\/pt\/?p=99877"},"modified":"2025-04-02T22:15:23","modified_gmt":"2025-04-02T21:15:23","slug":"ingo-lindner-a-frente-das-exportacoes-da-liqui-moly","status":"publish","type":"post","link":"https:\/\/jornaldasoficinas.com\/pt\/ingo-lindner-a-frente-das-exportacoes-da-liqui-moly\/","title":{"rendered":"Ingo Lindner \u00e0 frente das exporta\u00e7\u00f5es da LIQUI MOLY"},"content":{"rendered":"<div>\n<p><strong><img loading=\"lazy\" decoding=\"async\" class=\"alignnone size-full wp-image-99887\" src=\"https:\/\/jornaldasoficinas.com\/pt\/wp-content\/uploads\/2025\/04\/Ingo-Lindner-a-frente-das-exportacoes-da-LIQUI-MOLY.jpg\" alt=\"04 - Ingo Lindner a frente das exportacoes da LIQUI MOLY\" width=\"1024\" height=\"581\" srcset=\"https:\/\/jornaldasoficinas.com\/pt\/wp-content\/uploads\/2025\/04\/Ingo-Lindner-a-frente-das-exportacoes-da-LIQUI-MOLY.jpg 1024w, https:\/\/jornaldasoficinas.com\/pt\/wp-content\/uploads\/2025\/04\/Ingo-Lindner-a-frente-das-exportacoes-da-LIQUI-MOLY-300x170.jpg 300w, https:\/\/jornaldasoficinas.com\/pt\/wp-content\/uploads\/2025\/04\/Ingo-Lindner-a-frente-das-exportacoes-da-LIQUI-MOLY-150x85.jpg 150w, https:\/\/jornaldasoficinas.com\/pt\/wp-content\/uploads\/2025\/04\/Ingo-Lindner-a-frente-das-exportacoes-da-LIQUI-MOLY-768x436.jpg 768w\" sizes=\"auto, (max-width: 1024px) 100vw, 1024px\" \/><\/strong><\/p>\n<p><strong>Ingo Lindner foi promovido a diretor de exporta\u00e7\u00f5es da <a href=\"https:\/\/www.google.com\/url?sa=t&amp;source=web&amp;rct=j&amp;opi=89978449&amp;url=https:\/\/www.liqui-moly.com\/pt\/pt\/%3Fsrsltid%3DAfmBOopt2Tl8KAeiFhJFbpfs6aB3cNj27D7hTVbiny3kDeJFT6O2i-vg&amp;ved=2ahUKEwiI796ymrqMAxUo-QIHHekJO-EQFnoECAsQAQ&amp;usg=AOvVaw2h8yj4GsoG1XC2g-fiTWvI\">LIQUI MOLY<\/a><\/strong><strong> para<\/strong><strong> continuar a impulsionar o desenvolvimento bem-sucedido da empresa no estrangeiro<\/strong><\/p>\n<\/div>\n<div>\n<p>Como diretor de exporta\u00e7\u00f5es, Ingo Lindner \u00e9 respons\u00e1vel pelo desenvolvimento e implementa\u00e7\u00e3o de uma estrat\u00e9gia para todos os pa\u00edses onde a LIQUI MOLY n\u00e3o est\u00e1 presente com uma filial pr\u00f3pria. Ir\u00e1 coordenar as atividades de exporta\u00e7\u00e3o da empresa de forma abrangente aos pa\u00edses e identificar novas oportunidades de neg\u00f3cio no estrangeiro.<\/p>\n<\/div>\n<div>\n<p>H\u00e1 16 anos que Ingo Lindner trabalha na \u00e1rea de exporta\u00e7\u00f5es da LIQUI MOLY. Como Export Area Manager, foi inicialmente respons\u00e1vel pela Escandin\u00e1via e pelo M\u00e9dio Oriente, seguindo-se ent\u00e3o o Benelux, a Su\u00ed\u00e7a e Espanha. Depois da sua atividade de vendedor, coordenou, a partir de 2020, como Director International Trade Groups (ITG), o trabalho com os grupos de compras que atuam a n\u00edvel mundial no mercado de p\u00f3s-venda autom\u00f3vel. Al\u00e9m disso, como Sales Director, foi respons\u00e1vel pelos mercados da Europa Ocidental, bem como da Am\u00e9rica Central e do Sul, sendo diretor adjunto de exporta\u00e7\u00f5es da empresa desde 2022.<\/p>\n<\/div>\n<div>\n<p>A LIQUI MOLY persegue um curso de internacionaliza\u00e7\u00e3o: a empresa vende os seus produtos em cerca de 150 pa\u00edses e obt\u00e9m dois ter\u00e7os do volume de neg\u00f3cios no estrangeiro. \u201cO setor das exporta\u00e7\u00f5es ganhou import\u00e2ncia para a LIQUI MOLY nos \u00faltimos anos e continuamos a ver potencial. Estou ansioso por assumir a responsabilidade por esta importante \u00e1rea t\u00e9cnica, prosseguindo a trajet\u00f3ria de crescimento junto com a equipa\u201d, sublinhou Ingo Lindner.<\/p>\n<\/div>\n<div>\n<p>Ingo Lindner substitui Salvatore Coniglio no cargo de diretor de exporta\u00e7\u00f5es, que se tornou o terceiro diretor-geral da LIQUI MOLY em setembro de 2024. \u201cEstou muito feliz por passar a dire\u00e7\u00e3o das exporta\u00e7\u00f5es para o meu antigo adjunto. Com a sua longa experi\u00eancia, o seu profundo conhecimento do mercado e o seu excelente trabalho nos \u00faltimos anos, Ingo Lindner estava predestinado para esta fun\u00e7\u00e3o. Continuar\u00e1 a gerir as exporta\u00e7\u00f5es com \u00eaxito e segundo os princ\u00edpios da empresa\u201d, afirmou Salvatore Coniglio, com convic\u00e7\u00e3o. Ele pr\u00f3prio vai manter-se respons\u00e1vel pelas oito filiais da empresa como \u00e9 o caso da LIQUI MOLY Iberia, al\u00e9m de \u00c1ustria, \u00c1frica do Sul, Austr\u00e1lia, It\u00e1lia, Fran\u00e7a, EUA e Reino Unido.<\/p>\n<\/div>\n","protected":false},"excerpt":{"rendered":"<p>Ingo Lindner foi promovido a diretor&#8230;<\/p>\n","protected":false},"author":15,"featured_media":99887,"comment_status":"closed","ping_status":"closed","sticky":false,"template":"","format":"standard","meta":{"footnotes":""},"categories":[29],"tags":[12386,12385,8189,272,3465],"class_list":["post-99877","post","type-post","status-publish","format-standard","has-post-thumbnail","hentry","category-empresas","tag-diretor-de-exportacoes","tag-ingo-lindner","tag-internacionalizacao","tag-liqui-moly","tag-novo-cargo"],"yoast_head":"<!-- This site is optimized with the Yoast SEO plugin v27.4 - https:\/\/yoast.com\/product\/yoast-seo-wordpress\/ -->\n<title>Ingo Lindner \u00e0 frente das exporta\u00e7\u00f5es da LIQUI MOLY - Jornal das Oficinas<\/title>\n<meta name=\"description\" content=\"Ingo Lindner \u00e9 o novo diretor de exporta\u00e7\u00f5es da LIQUI MOLY para continuar a impulsionar o desenvolvimento da empresa no estrangeiro\" \/>\n<meta name=\"robots\" content=\"index, follow, max-snippet:-1, max-image-preview:large, max-video-preview:-1\" \/>\n<link rel=\"canonical\" href=\"https:\/\/jornaldasoficinas.com\/pt\/ingo-lindner-a-frente-das-exportacoes-da-liqui-moly\/\" \/>\n<meta property=\"og:locale\" content=\"pt_PT\" \/>\n<meta property=\"og:type\" content=\"article\" \/>\n<meta property=\"og:title\" content=\"Ingo Lindner \u00e0 frente das exporta\u00e7\u00f5es da LIQUI MOLY - Jornal das Oficinas\" \/>\n<meta property=\"og:description\" content=\"Ingo Lindner \u00e9 o novo diretor de exporta\u00e7\u00f5es da LIQUI MOLY para continuar a impulsionar o desenvolvimento da empresa no estrangeiro\" \/>\n<meta property=\"og:url\" content=\"https:\/\/jornaldasoficinas.com\/pt\/ingo-lindner-a-frente-das-exportacoes-da-liqui-moly\/\" \/>\n<meta property=\"og:site_name\" content=\"Jornal das Oficinas\" \/>\n<meta property=\"article:publisher\" content=\"https:\/\/www.facebook.com\/jornaloficinas\" \/>\n<meta property=\"article:published_time\" content=\"2025-04-04T17:00:14+00:00\" \/>\n<meta property=\"og:image\" content=\"https:\/\/jornaldasoficinas.com\/pt\/wp-content\/uploads\/2025\/04\/Ingo-Lindner-a-frente-das-exportacoes-da-LIQUI-MOLY.jpg\" \/>\n\t<meta property=\"og:image:width\" content=\"1024\" \/>\n\t<meta property=\"og:image:height\" content=\"581\" \/>\n\t<meta property=\"og:image:type\" content=\"image\/jpeg\" \/>\n<meta name=\"author\" content=\"Reda\u00e7\u00e3o JO\" \/>\n<meta name=\"twitter:card\" content=\"summary_large_image\" \/>\n<meta name=\"twitter:creator\" content=\"@jornaloficinas\" \/>\n<meta name=\"twitter:site\" content=\"@jornaloficinas\" \/>\n<meta name=\"twitter:label1\" content=\"Escrito por\" \/>\n\t<meta name=\"twitter:data1\" content=\"Reda\u00e7\u00e3o JO\" \/>\n\t<meta name=\"twitter:label2\" content=\"Tempo estimado de leitura\" \/>\n\t<meta name=\"twitter:data2\" content=\"2 minutos\" \/>\n<script type=\"application\/ld+json\" class=\"yoast-schema-graph\">{\"@context\":\"https:\\\/\\\/schema.org\",\"@graph\":[{\"@type\":\"Article\",\"@id\":\"https:\\\/\\\/jornaldasoficinas.com\\\/pt\\\/ingo-lindner-a-frente-das-exportacoes-da-liqui-moly\\\/#article\",\"isPartOf\":{\"@id\":\"https:\\\/\\\/jornaldasoficinas.com\\\/pt\\\/ingo-lindner-a-frente-das-exportacoes-da-liqui-moly\\\/\"},\"author\":{\"name\":\"Reda\u00e7\u00e3o JO\",\"@id\":\"https:\\\/\\\/jornaldasoficinas.com\\\/pt\\\/#\\\/schema\\\/person\\\/a38eef5de2c41d9e7c9ac10141afddf3\"},\"headline\":\"Ingo Lindner \u00e0 frente das exporta\u00e7\u00f5es da LIQUI MOLY\",\"datePublished\":\"2025-04-04T17:00:14+00:00\",\"mainEntityOfPage\":{\"@id\":\"https:\\\/\\\/jornaldasoficinas.com\\\/pt\\\/ingo-lindner-a-frente-das-exportacoes-da-liqui-moly\\\/\"},\"wordCount\":403,\"publisher\":{\"@id\":\"https:\\\/\\\/jornaldasoficinas.com\\\/pt\\\/#organization\"},\"image\":{\"@id\":\"https:\\\/\\\/jornaldasoficinas.com\\\/pt\\\/ingo-lindner-a-frente-das-exportacoes-da-liqui-moly\\\/#primaryimage\"},\"thumbnailUrl\":\"https:\\\/\\\/jornaldasoficinas.com\\\/pt\\\/wp-content\\\/uploads\\\/2025\\\/04\\\/Ingo-Lindner-a-frente-das-exportacoes-da-LIQUI-MOLY.jpg\",\"keywords\":[\"diretor de exporta\u00e7\u00f5es\",\"Ingo Lindner\",\"internacionaliza\u00e7\u00e3o\",\"LIQUI MOLY\",\"Novo Cargo\"],\"articleSection\":[\"Empresas\"],\"inLanguage\":\"pt-PT\"},{\"@type\":\"WebPage\",\"@id\":\"https:\\\/\\\/jornaldasoficinas.com\\\/pt\\\/ingo-lindner-a-frente-das-exportacoes-da-liqui-moly\\\/\",\"url\":\"https:\\\/\\\/jornaldasoficinas.com\\\/pt\\\/ingo-lindner-a-frente-das-exportacoes-da-liqui-moly\\\/\",\"name\":\"Ingo Lindner \u00e0 frente das exporta\u00e7\u00f5es da LIQUI MOLY - Jornal das Oficinas\",\"isPartOf\":{\"@id\":\"https:\\\/\\\/jornaldasoficinas.com\\\/pt\\\/#website\"},\"primaryImageOfPage\":{\"@id\":\"https:\\\/\\\/jornaldasoficinas.com\\\/pt\\\/ingo-lindner-a-frente-das-exportacoes-da-liqui-moly\\\/#primaryimage\"},\"image\":{\"@id\":\"https:\\\/\\\/jornaldasoficinas.com\\\/pt\\\/ingo-lindner-a-frente-das-exportacoes-da-liqui-moly\\\/#primaryimage\"},\"thumbnailUrl\":\"https:\\\/\\\/jornaldasoficinas.com\\\/pt\\\/wp-content\\\/uploads\\\/2025\\\/04\\\/Ingo-Lindner-a-frente-das-exportacoes-da-LIQUI-MOLY.jpg\",\"datePublished\":\"2025-04-04T17:00:14+00:00\",\"description\":\"Ingo Lindner \u00e9 o novo diretor de exporta\u00e7\u00f5es da LIQUI MOLY para continuar a impulsionar o desenvolvimento da empresa no estrangeiro\",\"breadcrumb\":{\"@id\":\"https:\\\/\\\/jornaldasoficinas.com\\\/pt\\\/ingo-lindner-a-frente-das-exportacoes-da-liqui-moly\\\/#breadcrumb\"},\"inLanguage\":\"pt-PT\",\"potentialAction\":[{\"@type\":\"ReadAction\",\"target\":[\"https:\\\/\\\/jornaldasoficinas.com\\\/pt\\\/ingo-lindner-a-frente-das-exportacoes-da-liqui-moly\\\/\"]}]},{\"@type\":\"ImageObject\",\"inLanguage\":\"pt-PT\",\"@id\":\"https:\\\/\\\/jornaldasoficinas.com\\\/pt\\\/ingo-lindner-a-frente-das-exportacoes-da-liqui-moly\\\/#primaryimage\",\"url\":\"https:\\\/\\\/jornaldasoficinas.com\\\/pt\\\/wp-content\\\/uploads\\\/2025\\\/04\\\/Ingo-Lindner-a-frente-das-exportacoes-da-LIQUI-MOLY.jpg\",\"contentUrl\":\"https:\\\/\\\/jornaldasoficinas.com\\\/pt\\\/wp-content\\\/uploads\\\/2025\\\/04\\\/Ingo-Lindner-a-frente-das-exportacoes-da-LIQUI-MOLY.jpg\",\"width\":1024,\"height\":581,\"caption\":\"04 - Ingo Lindner a frente das exportacoes da LIQUI MOLY\"},{\"@type\":\"BreadcrumbList\",\"@id\":\"https:\\\/\\\/jornaldasoficinas.com\\\/pt\\\/ingo-lindner-a-frente-das-exportacoes-da-liqui-moly\\\/#breadcrumb\",\"itemListElement\":[{\"@type\":\"ListItem\",\"position\":1,\"name\":\"In\u00edcio\",\"item\":\"https:\\\/\\\/jornaldasoficinas.com\\\/pt\\\/\"},{\"@type\":\"ListItem\",\"position\":2,\"name\":\"Ingo Lindner \u00e0 frente das exporta\u00e7\u00f5es da LIQUI MOLY\"}]},{\"@type\":\"WebSite\",\"@id\":\"https:\\\/\\\/jornaldasoficinas.com\\\/pt\\\/#website\",\"url\":\"https:\\\/\\\/jornaldasoficinas.com\\\/pt\\\/\",\"name\":\"Jornal das Oficinas\",\"description\":\"Jornal independente do Aftermarket Autom\u00f3vel em Portugal\",\"publisher\":{\"@id\":\"https:\\\/\\\/jornaldasoficinas.com\\\/pt\\\/#organization\"},\"potentialAction\":[{\"@type\":\"SearchAction\",\"target\":{\"@type\":\"EntryPoint\",\"urlTemplate\":\"https:\\\/\\\/jornaldasoficinas.com\\\/pt\\\/?s={search_term_string}\"},\"query-input\":{\"@type\":\"PropertyValueSpecification\",\"valueRequired\":true,\"valueName\":\"search_term_string\"}}],\"inLanguage\":\"pt-PT\"},{\"@type\":\"Organization\",\"@id\":\"https:\\\/\\\/jornaldasoficinas.com\\\/pt\\\/#organization\",\"name\":\"Jornal das Oficinas\",\"url\":\"https:\\\/\\\/jornaldasoficinas.com\\\/pt\\\/\",\"logo\":{\"@type\":\"ImageObject\",\"inLanguage\":\"pt-PT\",\"@id\":\"https:\\\/\\\/jornaldasoficinas.com\\\/pt\\\/#\\\/schema\\\/logo\\\/image\\\/\",\"url\":\"https:\\\/\\\/jornaldasoficinas.com\\\/pt\\\/wp-content\\\/uploads\\\/logoJO-SEO.png\",\"contentUrl\":\"https:\\\/\\\/jornaldasoficinas.com\\\/pt\\\/wp-content\\\/uploads\\\/logoJO-SEO.png\",\"width\":285,\"height\":450,\"caption\":\"Jornal das Oficinas\"},\"image\":{\"@id\":\"https:\\\/\\\/jornaldasoficinas.com\\\/pt\\\/#\\\/schema\\\/logo\\\/image\\\/\"},\"sameAs\":[\"https:\\\/\\\/www.facebook.com\\\/jornaloficinas\",\"https:\\\/\\\/x.com\\\/jornaloficinas\",\"https:\\\/\\\/www.instagram.com\\\/jornal_oficinas\\\/\",\"https:\\\/\\\/www.linkedin.com\\\/company\\\/jornal-das-oficinas\\\/\",\"https:\\\/\\\/www.youtube.com\\\/channel\\\/UCbQZBqtcvV-oSQrr7RzINGg\"]},{\"@type\":\"Person\",\"@id\":\"https:\\\/\\\/jornaldasoficinas.com\\\/pt\\\/#\\\/schema\\\/person\\\/a38eef5de2c41d9e7c9ac10141afddf3\",\"name\":\"Reda\u00e7\u00e3o JO\",\"image\":{\"@type\":\"ImageObject\",\"inLanguage\":\"pt-PT\",\"@id\":\"https:\\\/\\\/secure.gravatar.com\\\/avatar\\\/71f2fa71737ad68a84fea94bc708ddac8ea5b0c4788dc2ad202f3ccb2887742f?s=96&d=wp_user_avatar&r=g\",\"url\":\"https:\\\/\\\/secure.gravatar.com\\\/avatar\\\/71f2fa71737ad68a84fea94bc708ddac8ea5b0c4788dc2ad202f3ccb2887742f?s=96&d=wp_user_avatar&r=g\",\"contentUrl\":\"https:\\\/\\\/secure.gravatar.com\\\/avatar\\\/71f2fa71737ad68a84fea94bc708ddac8ea5b0c4788dc2ad202f3ccb2887742f?s=96&d=wp_user_avatar&r=g\",\"caption\":\"Reda\u00e7\u00e3o JO\"},\"url\":\"https:\\\/\\\/jornaldasoficinas.com\\\/pt\\\/author\\\/joredacao\\\/\"}]}<\/script>\n<!-- \/ Yoast SEO plugin. -->","yoast_head_json":{"title":"Ingo Lindner \u00e0 frente das exporta\u00e7\u00f5es da LIQUI MOLY - Jornal das Oficinas","description":"Ingo Lindner \u00e9 o novo diretor de exporta\u00e7\u00f5es da LIQUI MOLY para continuar a impulsionar o desenvolvimento da empresa no estrangeiro","robots":{"index":"index","follow":"follow","max-snippet":"max-snippet:-1","max-image-preview":"max-image-preview:large","max-video-preview":"max-video-preview:-1"},"canonical":"https:\/\/jornaldasoficinas.com\/pt\/ingo-lindner-a-frente-das-exportacoes-da-liqui-moly\/","og_locale":"pt_PT","og_type":"article","og_title":"Ingo Lindner \u00e0 frente das exporta\u00e7\u00f5es da LIQUI MOLY - Jornal das Oficinas","og_description":"Ingo Lindner \u00e9 o novo diretor de exporta\u00e7\u00f5es da LIQUI MOLY para continuar a impulsionar o desenvolvimento da empresa no estrangeiro","og_url":"https:\/\/jornaldasoficinas.com\/pt\/ingo-lindner-a-frente-das-exportacoes-da-liqui-moly\/","og_site_name":"Jornal das Oficinas","article_publisher":"https:\/\/www.facebook.com\/jornaloficinas","article_published_time":"2025-04-04T17:00:14+00:00","og_image":[{"width":1024,"height":581,"url":"https:\/\/jornaldasoficinas.com\/pt\/wp-content\/uploads\/2025\/04\/Ingo-Lindner-a-frente-das-exportacoes-da-LIQUI-MOLY.jpg","type":"image\/jpeg"}],"author":"Reda\u00e7\u00e3o JO","twitter_card":"summary_large_image","twitter_creator":"@jornaloficinas","twitter_site":"@jornaloficinas","twitter_misc":{"Escrito por":"Reda\u00e7\u00e3o JO","Tempo estimado de leitura":"2 minutos"},"schema":{"@context":"https:\/\/schema.org","@graph":[{"@type":"Article","@id":"https:\/\/jornaldasoficinas.com\/pt\/ingo-lindner-a-frente-das-exportacoes-da-liqui-moly\/#article","isPartOf":{"@id":"https:\/\/jornaldasoficinas.com\/pt\/ingo-lindner-a-frente-das-exportacoes-da-liqui-moly\/"},"author":{"name":"Reda\u00e7\u00e3o JO","@id":"https:\/\/jornaldasoficinas.com\/pt\/#\/schema\/person\/a38eef5de2c41d9e7c9ac10141afddf3"},"headline":"Ingo Lindner \u00e0 frente das exporta\u00e7\u00f5es da LIQUI MOLY","datePublished":"2025-04-04T17:00:14+00:00","mainEntityOfPage":{"@id":"https:\/\/jornaldasoficinas.com\/pt\/ingo-lindner-a-frente-das-exportacoes-da-liqui-moly\/"},"wordCount":403,"publisher":{"@id":"https:\/\/jornaldasoficinas.com\/pt\/#organization"},"image":{"@id":"https:\/\/jornaldasoficinas.com\/pt\/ingo-lindner-a-frente-das-exportacoes-da-liqui-moly\/#primaryimage"},"thumbnailUrl":"https:\/\/jornaldasoficinas.com\/pt\/wp-content\/uploads\/2025\/04\/Ingo-Lindner-a-frente-das-exportacoes-da-LIQUI-MOLY.jpg","keywords":["diretor de exporta\u00e7\u00f5es","Ingo Lindner","internacionaliza\u00e7\u00e3o","LIQUI MOLY","Novo Cargo"],"articleSection":["Empresas"],"inLanguage":"pt-PT"},{"@type":"WebPage","@id":"https:\/\/jornaldasoficinas.com\/pt\/ingo-lindner-a-frente-das-exportacoes-da-liqui-moly\/","url":"https:\/\/jornaldasoficinas.com\/pt\/ingo-lindner-a-frente-das-exportacoes-da-liqui-moly\/","name":"Ingo Lindner \u00e0 frente das exporta\u00e7\u00f5es da LIQUI MOLY - Jornal das Oficinas","isPartOf":{"@id":"https:\/\/jornaldasoficinas.com\/pt\/#website"},"primaryImageOfPage":{"@id":"https:\/\/jornaldasoficinas.com\/pt\/ingo-lindner-a-frente-das-exportacoes-da-liqui-moly\/#primaryimage"},"image":{"@id":"https:\/\/jornaldasoficinas.com\/pt\/ingo-lindner-a-frente-das-exportacoes-da-liqui-moly\/#primaryimage"},"thumbnailUrl":"https:\/\/jornaldasoficinas.com\/pt\/wp-content\/uploads\/2025\/04\/Ingo-Lindner-a-frente-das-exportacoes-da-LIQUI-MOLY.jpg","datePublished":"2025-04-04T17:00:14+00:00","description":"Ingo Lindner \u00e9 o novo diretor de exporta\u00e7\u00f5es da LIQUI MOLY para continuar a impulsionar o desenvolvimento da empresa no estrangeiro","breadcrumb":{"@id":"https:\/\/jornaldasoficinas.com\/pt\/ingo-lindner-a-frente-das-exportacoes-da-liqui-moly\/#breadcrumb"},"inLanguage":"pt-PT","potentialAction":[{"@type":"ReadAction","target":["https:\/\/jornaldasoficinas.com\/pt\/ingo-lindner-a-frente-das-exportacoes-da-liqui-moly\/"]}]},{"@type":"ImageObject","inLanguage":"pt-PT","@id":"https:\/\/jornaldasoficinas.com\/pt\/ingo-lindner-a-frente-das-exportacoes-da-liqui-moly\/#primaryimage","url":"https:\/\/jornaldasoficinas.com\/pt\/wp-content\/uploads\/2025\/04\/Ingo-Lindner-a-frente-das-exportacoes-da-LIQUI-MOLY.jpg","contentUrl":"https:\/\/jornaldasoficinas.com\/pt\/wp-content\/uploads\/2025\/04\/Ingo-Lindner-a-frente-das-exportacoes-da-LIQUI-MOLY.jpg","width":1024,"height":581,"caption":"04 - Ingo Lindner a frente das exportacoes da LIQUI MOLY"},{"@type":"BreadcrumbList","@id":"https:\/\/jornaldasoficinas.com\/pt\/ingo-lindner-a-frente-das-exportacoes-da-liqui-moly\/#breadcrumb","itemListElement":[{"@type":"ListItem","position":1,"name":"In\u00edcio","item":"https:\/\/jornaldasoficinas.com\/pt\/"},{"@type":"ListItem","position":2,"name":"Ingo Lindner \u00e0 frente das exporta\u00e7\u00f5es da LIQUI MOLY"}]},{"@type":"WebSite","@id":"https:\/\/jornaldasoficinas.com\/pt\/#website","url":"https:\/\/jornaldasoficinas.com\/pt\/","name":"Jornal das Oficinas","description":"Jornal independente do Aftermarket Autom\u00f3vel em Portugal","publisher":{"@id":"https:\/\/jornaldasoficinas.com\/pt\/#organization"},"potentialAction":[{"@type":"SearchAction","target":{"@type":"EntryPoint","urlTemplate":"https:\/\/jornaldasoficinas.com\/pt\/?s={search_term_string}"},"query-input":{"@type":"PropertyValueSpecification","valueRequired":true,"valueName":"search_term_string"}}],"inLanguage":"pt-PT"},{"@type":"Organization","@id":"https:\/\/jornaldasoficinas.com\/pt\/#organization","name":"Jornal das Oficinas","url":"https:\/\/jornaldasoficinas.com\/pt\/","logo":{"@type":"ImageObject","inLanguage":"pt-PT","@id":"https:\/\/jornaldasoficinas.com\/pt\/#\/schema\/logo\/image\/","url":"https:\/\/jornaldasoficinas.com\/pt\/wp-content\/uploads\/logoJO-SEO.png","contentUrl":"https:\/\/jornaldasoficinas.com\/pt\/wp-content\/uploads\/logoJO-SEO.png","width":285,"height":450,"caption":"Jornal das Oficinas"},"image":{"@id":"https:\/\/jornaldasoficinas.com\/pt\/#\/schema\/logo\/image\/"},"sameAs":["https:\/\/www.facebook.com\/jornaloficinas","https:\/\/x.com\/jornaloficinas","https:\/\/www.instagram.com\/jornal_oficinas\/","https:\/\/www.linkedin.com\/company\/jornal-das-oficinas\/","https:\/\/www.youtube.com\/channel\/UCbQZBqtcvV-oSQrr7RzINGg"]},{"@type":"Person","@id":"https:\/\/jornaldasoficinas.com\/pt\/#\/schema\/person\/a38eef5de2c41d9e7c9ac10141afddf3","name":"Reda\u00e7\u00e3o JO","image":{"@type":"ImageObject","inLanguage":"pt-PT","@id":"https:\/\/secure.gravatar.com\/avatar\/71f2fa71737ad68a84fea94bc708ddac8ea5b0c4788dc2ad202f3ccb2887742f?s=96&d=wp_user_avatar&r=g","url":"https:\/\/secure.gravatar.com\/avatar\/71f2fa71737ad68a84fea94bc708ddac8ea5b0c4788dc2ad202f3ccb2887742f?s=96&d=wp_user_avatar&r=g","contentUrl":"https:\/\/secure.gravatar.com\/avatar\/71f2fa71737ad68a84fea94bc708ddac8ea5b0c4788dc2ad202f3ccb2887742f?s=96&d=wp_user_avatar&r=g","caption":"Reda\u00e7\u00e3o JO"},"url":"https:\/\/jornaldasoficinas.com\/pt\/author\/joredacao\/"}]}},"_links":{"self":[{"href":"https:\/\/jornaldasoficinas.com\/pt\/wp-json\/wp\/v2\/posts\/99877","targetHints":{"allow":["GET"]}}],"collection":[{"href":"https:\/\/jornaldasoficinas.com\/pt\/wp-json\/wp\/v2\/posts"}],"about":[{"href":"https:\/\/jornaldasoficinas.com\/pt\/wp-json\/wp\/v2\/types\/post"}],"author":[{"embeddable":true,"href":"https:\/\/jornaldasoficinas.com\/pt\/wp-json\/wp\/v2\/users\/15"}],"replies":[{"embeddable":true,"href":"https:\/\/jornaldasoficinas.com\/pt\/wp-json\/wp\/v2\/comments?post=99877"}],"version-history":[{"count":2,"href":"https:\/\/jornaldasoficinas.com\/pt\/wp-json\/wp\/v2\/posts\/99877\/revisions"}],"predecessor-version":[{"id":99888,"href":"https:\/\/jornaldasoficinas.com\/pt\/wp-json\/wp\/v2\/posts\/99877\/revisions\/99888"}],"wp:featuredmedia":[{"embeddable":true,"href":"https:\/\/jornaldasoficinas.com\/pt\/wp-json\/wp\/v2\/media\/99887"}],"wp:attachment":[{"href":"https:\/\/jornaldasoficinas.com\/pt\/wp-json\/wp\/v2\/media?parent=99877"}],"wp:term":[{"taxonomy":"category","embeddable":true,"href":"https:\/\/jornaldasoficinas.com\/pt\/wp-json\/wp\/v2\/categories?post=99877"},{"taxonomy":"post_tag","embeddable":true,"href":"https:\/\/jornaldasoficinas.com\/pt\/wp-json\/wp\/v2\/tags?post=99877"}],"curies":[{"name":"wp","href":"https:\/\/api.w.org\/{rel}","templated":true}]}}