{"id":99935,"date":"2025-04-06T20:30:34","date_gmt":"2025-04-06T19:30:34","guid":{"rendered":"https:\/\/jornaldasoficinas.com\/pt\/?p=99935"},"modified":"2025-04-03T18:26:48","modified_gmt":"2025-04-03T17:26:48","slug":"perspetivas-para-o-setor-automovel-em-2040","status":"publish","type":"post","link":"https:\/\/jornaldasoficinas.com\/pt\/perspetivas-para-o-setor-automovel-em-2040\/","title":{"rendered":"Perspetivas para o setor autom\u00f3vel em 2040 \u2028"},"content":{"rendered":"<p><img loading=\"lazy\" decoding=\"async\" class=\"size-full wp-image-99933\" src=\"https:\/\/jornaldasoficinas.com\/pt\/wp-content\/uploads\/2025\/04\/setor-automovel-em-2040.jpeg\" alt=\"04 - setor automovel em 2040\" width=\"1024\" height=\"581\" srcset=\"https:\/\/jornaldasoficinas.com\/pt\/wp-content\/uploads\/2025\/04\/setor-automovel-em-2040.jpeg 1024w, https:\/\/jornaldasoficinas.com\/pt\/wp-content\/uploads\/2025\/04\/setor-automovel-em-2040-300x170.jpeg 300w, https:\/\/jornaldasoficinas.com\/pt\/wp-content\/uploads\/2025\/04\/setor-automovel-em-2040-150x85.jpeg 150w, https:\/\/jornaldasoficinas.com\/pt\/wp-content\/uploads\/2025\/04\/setor-automovel-em-2040-768x436.jpeg 768w\" sizes=\"auto, (max-width: 1024px) 100vw, 1024px\" \/><\/p>\n<p><strong>A ind\u00fastria autom\u00f3vel est\u00e1 no meio de um grande per\u00edodo de perturba\u00e7\u00e3o, uma tempestade que n\u00e3o dever\u00e1 diminuir t\u00e3o cedo. As novas tecnologias e os acontecimentos geopol\u00edticos ir\u00e3o transformar radicalmente os mercados e perturbar as cadeias de fornecimento durante a pr\u00f3xima d\u00e9cada e meia, exigindo novos conhecimentos na \u00e1rea da estrat\u00e9gia.\u00a0O centro de gravidade da ind\u00fastria vai mudar &#8211; mas n\u00e3o se sabe bem em que dire\u00e7\u00e3o. Ser\u00e1 a \u00c1sia a dar as cartas em 2040, ou as empresas ocidentais conseguir\u00e3o encenar um regresso eficaz?<\/strong><\/p>\n<p>Uma an\u00e1lise dos dados publicados pela consultora <a href=\"https:\/\/www.google.com\/url?sa=t&amp;source=web&amp;rct=j&amp;opi=89978449&amp;url=https:\/\/www.rolandberger.com\/en\/&amp;ved=2ahUKEwjTzafmr7yMAxVsRqQEHU_TEkcQFnoECBwQAQ&amp;usg=AOvVaw0saS2Mi6Ad65sjViVeLc5H\">Roland Berger<\/a>, que inclui entrevistas com especialistas da ind\u00fastria em todo o mundo e inqu\u00e9ritos exaustivos \u00e0s partes interessadas ao longo da cadeia de valor autom\u00f3vel identificam quatro dire\u00e7\u00f5es de mudan\u00e7a que se destacam das muitas tend\u00eancias do mercado.<\/p>\n<p>Quatro mega-tend\u00eancias que ir\u00e3o moldar a transforma\u00e7\u00e3o cont\u00ednua da ind\u00fastria autom\u00f3vel at\u00e9 2040. As suas iniciais formam a palavra PACE &#8211; o mundo autom\u00f3vel est\u00e1 a tornar-se Polarizado, Automatizado, Conectado e Eletrificado. Os fabricantes e fornecedores de autom\u00f3veis precisam de compreender urgentemente estas tend\u00eancias da ind\u00fastria e as suas implica\u00e7\u00f5es para o seu neg\u00f3cio. Mas, mais do que isso, t\u00eam de as incorporar no seu planeamento estrat\u00e9gico para os pr\u00f3ximos 15 anos e mais al\u00e9m.<\/p>\n<p>Estas s\u00e3o as quatro megatend\u00eancias que ir\u00e3o moldar a transforma\u00e7\u00e3o da ind\u00fastria at\u00e9 2040:<\/p>\n<p><strong>Polarizado<\/strong> &#8211; O mundo autom\u00f3vel est\u00e1 a tornar-se mais polarizado, com as nuances regionais e a complexidade acrescida a tornarem a globaliza\u00e7\u00e3o mais desafiante, obrigando os intervenientes a fazer escolhas.<\/p>\n<p><strong>Automatiza\u00e7\u00e3o<\/strong> &#8211; A automatiza\u00e7\u00e3o est\u00e1 a crescer, com o aumento dos ve\u00edculos aut\u00f3nomos e a utiliza\u00e7\u00e3o de IA (intelig\u00eancia artificial) ao longo de toda a cadeia de valor.<\/p>\n<p><strong>Conectados<\/strong> &#8211; Os ve\u00edculos est\u00e3o cada vez mais conectados e digitalizados, otimizando o seu desempenho e permitindo que novas funcionalidades e carater\u00edsticas sejam continuamente implementadas.<\/p>\n<p><strong>Eletrificados<\/strong> &#8211; A eletrifica\u00e7\u00e3o continua a bom ritmo. O cen\u00e1rio pressup\u00f5e uma quota de ve\u00edculos el\u00e9tricos a bateria de 71% em 2040, ao passo que o nosso cen\u00e1rio descendente pressup\u00f5e uma quota de 64%, sujeita a varia\u00e7\u00f5es regionais.<\/p>\n<p>Embora todos os intervenientes da ind\u00fastria estejam preparados para enfrentar desafios significativos nos pr\u00f3ximos anos, \u00e9 evidente que o sector autom\u00f3vel continuar\u00e1 a ser um dos campos mais din\u00e2micos e excitantes. O centro de gravidade da ind\u00fastria autom\u00f3vel ir\u00e1 mudar, a tecnologia ir\u00e1 evoluir, as estruturas organizacionais ser\u00e3o transformadas e surgir\u00e3o modelos de neg\u00f3cio inovadores.<\/p>\n<p>&nbsp;<\/p>\n","protected":false},"excerpt":{"rendered":"<p>A ind\u00fastria autom\u00f3vel est\u00e1 no meio&#8230;<\/p>\n","protected":false},"author":15,"featured_media":99933,"comment_status":"closed","ping_status":"closed","sticky":false,"template":"","format":"standard","meta":{"footnotes":""},"categories":[37],"tags":[12404,336,1100,5524,3194,4915,12393,2395],"class_list":["post-99935","post","type-post","status-publish","format-standard","has-post-thumbnail","hentry","category-mercado","tag-acontecimentos-geopoliticos","tag-digitalizacao","tag-eletrificacao","tag-globalizacao","tag-industria-automovel","tag-novas-tecnologias","tag-perspetivas-para-o-setor-automovel","tag-roland-berger"],"yoast_head":"<!-- This site is optimized with the Yoast SEO plugin v27.4 - https:\/\/yoast.com\/product\/yoast-seo-wordpress\/ -->\n<title>Perspetivas para o setor autom\u00f3vel em 2040 \u2028 - Jornal das Oficinas<\/title>\n<meta name=\"description\" content=\"A ind\u00fastria autom\u00f3vel est\u00e1 no meio de um grande per\u00edodo de perturba\u00e7\u00e3o, uma tempestade que n\u00e3o dever\u00e1 diminuir t\u00e3o cedo\" \/>\n<meta name=\"robots\" content=\"index, follow, max-snippet:-1, max-image-preview:large, max-video-preview:-1\" \/>\n<link rel=\"canonical\" href=\"https:\/\/jornaldasoficinas.com\/pt\/perspetivas-para-o-setor-automovel-em-2040\/\" \/>\n<meta property=\"og:locale\" content=\"pt_PT\" \/>\n<meta property=\"og:type\" content=\"article\" \/>\n<meta property=\"og:title\" content=\"Perspetivas para o setor autom\u00f3vel em 2040 \u2028 - Jornal das Oficinas\" \/>\n<meta property=\"og:description\" content=\"A ind\u00fastria autom\u00f3vel est\u00e1 no meio de um grande per\u00edodo de perturba\u00e7\u00e3o, uma tempestade que n\u00e3o dever\u00e1 diminuir t\u00e3o cedo\" \/>\n<meta property=\"og:url\" content=\"https:\/\/jornaldasoficinas.com\/pt\/perspetivas-para-o-setor-automovel-em-2040\/\" \/>\n<meta property=\"og:site_name\" content=\"Jornal das Oficinas\" \/>\n<meta property=\"article:publisher\" content=\"https:\/\/www.facebook.com\/jornaloficinas\" \/>\n<meta property=\"article:published_time\" content=\"2025-04-06T19:30:34+00:00\" \/>\n<meta property=\"og:image\" content=\"https:\/\/jornaldasoficinas.com\/pt\/wp-content\/uploads\/2025\/04\/setor-automovel-em-2040.jpeg\" \/>\n\t<meta property=\"og:image:width\" content=\"1024\" \/>\n\t<meta property=\"og:image:height\" content=\"581\" \/>\n\t<meta property=\"og:image:type\" content=\"image\/jpeg\" \/>\n<meta name=\"author\" content=\"Reda\u00e7\u00e3o JO\" \/>\n<meta name=\"twitter:card\" content=\"summary_large_image\" \/>\n<meta name=\"twitter:creator\" content=\"@jornaloficinas\" \/>\n<meta name=\"twitter:site\" content=\"@jornaloficinas\" \/>\n<meta name=\"twitter:label1\" content=\"Escrito por\" \/>\n\t<meta name=\"twitter:data1\" content=\"Reda\u00e7\u00e3o JO\" \/>\n\t<meta name=\"twitter:label2\" content=\"Tempo estimado de leitura\" \/>\n\t<meta name=\"twitter:data2\" content=\"3 minutos\" \/>\n<script type=\"application\/ld+json\" class=\"yoast-schema-graph\">{\"@context\":\"https:\\\/\\\/schema.org\",\"@graph\":[{\"@type\":\"Article\",\"@id\":\"https:\\\/\\\/jornaldasoficinas.com\\\/pt\\\/perspetivas-para-o-setor-automovel-em-2040\\\/#article\",\"isPartOf\":{\"@id\":\"https:\\\/\\\/jornaldasoficinas.com\\\/pt\\\/perspetivas-para-o-setor-automovel-em-2040\\\/\"},\"author\":{\"name\":\"Reda\u00e7\u00e3o JO\",\"@id\":\"https:\\\/\\\/jornaldasoficinas.com\\\/pt\\\/#\\\/schema\\\/person\\\/a38eef5de2c41d9e7c9ac10141afddf3\"},\"headline\":\"Perspetivas para o setor autom\u00f3vel em 2040 \\u2028\",\"datePublished\":\"2025-04-06T19:30:34+00:00\",\"mainEntityOfPage\":{\"@id\":\"https:\\\/\\\/jornaldasoficinas.com\\\/pt\\\/perspetivas-para-o-setor-automovel-em-2040\\\/\"},\"wordCount\":468,\"publisher\":{\"@id\":\"https:\\\/\\\/jornaldasoficinas.com\\\/pt\\\/#organization\"},\"image\":{\"@id\":\"https:\\\/\\\/jornaldasoficinas.com\\\/pt\\\/perspetivas-para-o-setor-automovel-em-2040\\\/#primaryimage\"},\"thumbnailUrl\":\"https:\\\/\\\/jornaldasoficinas.com\\\/pt\\\/wp-content\\\/uploads\\\/2025\\\/04\\\/setor-automovel-em-2040.jpeg\",\"keywords\":[\"acontecimentos geopol\u00edticos\",\"Digitaliza\u00e7\u00e3o\",\"Eletrifica\u00e7\u00e3o\",\"globaliza\u00e7\u00e3o\",\"Ind\u00fastria autom\u00f3vel\",\"novas tecnologias\",\"Perspetivas para o setor autom\u00f3vel\",\"Roland Berger\"],\"articleSection\":[\"Mercado\"],\"inLanguage\":\"pt-PT\"},{\"@type\":\"WebPage\",\"@id\":\"https:\\\/\\\/jornaldasoficinas.com\\\/pt\\\/perspetivas-para-o-setor-automovel-em-2040\\\/\",\"url\":\"https:\\\/\\\/jornaldasoficinas.com\\\/pt\\\/perspetivas-para-o-setor-automovel-em-2040\\\/\",\"name\":\"Perspetivas para o setor autom\u00f3vel em 2040 \\u2028 - Jornal das Oficinas\",\"isPartOf\":{\"@id\":\"https:\\\/\\\/jornaldasoficinas.com\\\/pt\\\/#website\"},\"primaryImageOfPage\":{\"@id\":\"https:\\\/\\\/jornaldasoficinas.com\\\/pt\\\/perspetivas-para-o-setor-automovel-em-2040\\\/#primaryimage\"},\"image\":{\"@id\":\"https:\\\/\\\/jornaldasoficinas.com\\\/pt\\\/perspetivas-para-o-setor-automovel-em-2040\\\/#primaryimage\"},\"thumbnailUrl\":\"https:\\\/\\\/jornaldasoficinas.com\\\/pt\\\/wp-content\\\/uploads\\\/2025\\\/04\\\/setor-automovel-em-2040.jpeg\",\"datePublished\":\"2025-04-06T19:30:34+00:00\",\"description\":\"A ind\u00fastria autom\u00f3vel est\u00e1 no meio de um grande per\u00edodo de perturba\u00e7\u00e3o, uma tempestade que n\u00e3o dever\u00e1 diminuir t\u00e3o cedo\",\"breadcrumb\":{\"@id\":\"https:\\\/\\\/jornaldasoficinas.com\\\/pt\\\/perspetivas-para-o-setor-automovel-em-2040\\\/#breadcrumb\"},\"inLanguage\":\"pt-PT\",\"potentialAction\":[{\"@type\":\"ReadAction\",\"target\":[\"https:\\\/\\\/jornaldasoficinas.com\\\/pt\\\/perspetivas-para-o-setor-automovel-em-2040\\\/\"]}]},{\"@type\":\"ImageObject\",\"inLanguage\":\"pt-PT\",\"@id\":\"https:\\\/\\\/jornaldasoficinas.com\\\/pt\\\/perspetivas-para-o-setor-automovel-em-2040\\\/#primaryimage\",\"url\":\"https:\\\/\\\/jornaldasoficinas.com\\\/pt\\\/wp-content\\\/uploads\\\/2025\\\/04\\\/setor-automovel-em-2040.jpeg\",\"contentUrl\":\"https:\\\/\\\/jornaldasoficinas.com\\\/pt\\\/wp-content\\\/uploads\\\/2025\\\/04\\\/setor-automovel-em-2040.jpeg\",\"width\":1024,\"height\":581,\"caption\":\"Mercedes-Benz Innovationen und Zukunftstechnologien. Vision von St\u00e4dten der Zukunft. Shenzhen 2040+: Hypermodern \u2013 vertikal \u2013 digital vernetzt. Mercedes-Benz innovations and future technologies. Vision of future cities. Shenzhen 2040+: hypermodern \u2013 vertical \u2013 digitally connected.\"},{\"@type\":\"BreadcrumbList\",\"@id\":\"https:\\\/\\\/jornaldasoficinas.com\\\/pt\\\/perspetivas-para-o-setor-automovel-em-2040\\\/#breadcrumb\",\"itemListElement\":[{\"@type\":\"ListItem\",\"position\":1,\"name\":\"In\u00edcio\",\"item\":\"https:\\\/\\\/jornaldasoficinas.com\\\/pt\\\/\"},{\"@type\":\"ListItem\",\"position\":2,\"name\":\"Perspetivas para o setor autom\u00f3vel em 2040 \\u2028\"}]},{\"@type\":\"WebSite\",\"@id\":\"https:\\\/\\\/jornaldasoficinas.com\\\/pt\\\/#website\",\"url\":\"https:\\\/\\\/jornaldasoficinas.com\\\/pt\\\/\",\"name\":\"Jornal das Oficinas\",\"description\":\"Jornal independente do Aftermarket Autom\u00f3vel em Portugal\",\"publisher\":{\"@id\":\"https:\\\/\\\/jornaldasoficinas.com\\\/pt\\\/#organization\"},\"potentialAction\":[{\"@type\":\"SearchAction\",\"target\":{\"@type\":\"EntryPoint\",\"urlTemplate\":\"https:\\\/\\\/jornaldasoficinas.com\\\/pt\\\/?s={search_term_string}\"},\"query-input\":{\"@type\":\"PropertyValueSpecification\",\"valueRequired\":true,\"valueName\":\"search_term_string\"}}],\"inLanguage\":\"pt-PT\"},{\"@type\":\"Organization\",\"@id\":\"https:\\\/\\\/jornaldasoficinas.com\\\/pt\\\/#organization\",\"name\":\"Jornal das Oficinas\",\"url\":\"https:\\\/\\\/jornaldasoficinas.com\\\/pt\\\/\",\"logo\":{\"@type\":\"ImageObject\",\"inLanguage\":\"pt-PT\",\"@id\":\"https:\\\/\\\/jornaldasoficinas.com\\\/pt\\\/#\\\/schema\\\/logo\\\/image\\\/\",\"url\":\"https:\\\/\\\/jornaldasoficinas.com\\\/pt\\\/wp-content\\\/uploads\\\/logoJO-SEO.png\",\"contentUrl\":\"https:\\\/\\\/jornaldasoficinas.com\\\/pt\\\/wp-content\\\/uploads\\\/logoJO-SEO.png\",\"width\":285,\"height\":450,\"caption\":\"Jornal das Oficinas\"},\"image\":{\"@id\":\"https:\\\/\\\/jornaldasoficinas.com\\\/pt\\\/#\\\/schema\\\/logo\\\/image\\\/\"},\"sameAs\":[\"https:\\\/\\\/www.facebook.com\\\/jornaloficinas\",\"https:\\\/\\\/x.com\\\/jornaloficinas\",\"https:\\\/\\\/www.instagram.com\\\/jornal_oficinas\\\/\",\"https:\\\/\\\/www.linkedin.com\\\/company\\\/jornal-das-oficinas\\\/\",\"https:\\\/\\\/www.youtube.com\\\/channel\\\/UCbQZBqtcvV-oSQrr7RzINGg\"]},{\"@type\":\"Person\",\"@id\":\"https:\\\/\\\/jornaldasoficinas.com\\\/pt\\\/#\\\/schema\\\/person\\\/a38eef5de2c41d9e7c9ac10141afddf3\",\"name\":\"Reda\u00e7\u00e3o JO\",\"image\":{\"@type\":\"ImageObject\",\"inLanguage\":\"pt-PT\",\"@id\":\"https:\\\/\\\/secure.gravatar.com\\\/avatar\\\/71f2fa71737ad68a84fea94bc708ddac8ea5b0c4788dc2ad202f3ccb2887742f?s=96&d=wp_user_avatar&r=g\",\"url\":\"https:\\\/\\\/secure.gravatar.com\\\/avatar\\\/71f2fa71737ad68a84fea94bc708ddac8ea5b0c4788dc2ad202f3ccb2887742f?s=96&d=wp_user_avatar&r=g\",\"contentUrl\":\"https:\\\/\\\/secure.gravatar.com\\\/avatar\\\/71f2fa71737ad68a84fea94bc708ddac8ea5b0c4788dc2ad202f3ccb2887742f?s=96&d=wp_user_avatar&r=g\",\"caption\":\"Reda\u00e7\u00e3o JO\"},\"url\":\"https:\\\/\\\/jornaldasoficinas.com\\\/pt\\\/author\\\/joredacao\\\/\"}]}<\/script>\n<!-- \/ Yoast SEO plugin. -->","yoast_head_json":{"title":"Perspetivas para o setor autom\u00f3vel em 2040 \u2028 - Jornal das Oficinas","description":"A ind\u00fastria autom\u00f3vel est\u00e1 no meio de um grande per\u00edodo de perturba\u00e7\u00e3o, uma tempestade que n\u00e3o dever\u00e1 diminuir t\u00e3o cedo","robots":{"index":"index","follow":"follow","max-snippet":"max-snippet:-1","max-image-preview":"max-image-preview:large","max-video-preview":"max-video-preview:-1"},"canonical":"https:\/\/jornaldasoficinas.com\/pt\/perspetivas-para-o-setor-automovel-em-2040\/","og_locale":"pt_PT","og_type":"article","og_title":"Perspetivas para o setor autom\u00f3vel em 2040 \u2028 - Jornal das Oficinas","og_description":"A ind\u00fastria autom\u00f3vel est\u00e1 no meio de um grande per\u00edodo de perturba\u00e7\u00e3o, uma tempestade que n\u00e3o dever\u00e1 diminuir t\u00e3o cedo","og_url":"https:\/\/jornaldasoficinas.com\/pt\/perspetivas-para-o-setor-automovel-em-2040\/","og_site_name":"Jornal das Oficinas","article_publisher":"https:\/\/www.facebook.com\/jornaloficinas","article_published_time":"2025-04-06T19:30:34+00:00","og_image":[{"width":1024,"height":581,"url":"https:\/\/jornaldasoficinas.com\/pt\/wp-content\/uploads\/2025\/04\/setor-automovel-em-2040.jpeg","type":"image\/jpeg"}],"author":"Reda\u00e7\u00e3o JO","twitter_card":"summary_large_image","twitter_creator":"@jornaloficinas","twitter_site":"@jornaloficinas","twitter_misc":{"Escrito por":"Reda\u00e7\u00e3o JO","Tempo estimado de leitura":"3 minutos"},"schema":{"@context":"https:\/\/schema.org","@graph":[{"@type":"Article","@id":"https:\/\/jornaldasoficinas.com\/pt\/perspetivas-para-o-setor-automovel-em-2040\/#article","isPartOf":{"@id":"https:\/\/jornaldasoficinas.com\/pt\/perspetivas-para-o-setor-automovel-em-2040\/"},"author":{"name":"Reda\u00e7\u00e3o JO","@id":"https:\/\/jornaldasoficinas.com\/pt\/#\/schema\/person\/a38eef5de2c41d9e7c9ac10141afddf3"},"headline":"Perspetivas para o setor autom\u00f3vel em 2040 \u2028","datePublished":"2025-04-06T19:30:34+00:00","mainEntityOfPage":{"@id":"https:\/\/jornaldasoficinas.com\/pt\/perspetivas-para-o-setor-automovel-em-2040\/"},"wordCount":468,"publisher":{"@id":"https:\/\/jornaldasoficinas.com\/pt\/#organization"},"image":{"@id":"https:\/\/jornaldasoficinas.com\/pt\/perspetivas-para-o-setor-automovel-em-2040\/#primaryimage"},"thumbnailUrl":"https:\/\/jornaldasoficinas.com\/pt\/wp-content\/uploads\/2025\/04\/setor-automovel-em-2040.jpeg","keywords":["acontecimentos geopol\u00edticos","Digitaliza\u00e7\u00e3o","Eletrifica\u00e7\u00e3o","globaliza\u00e7\u00e3o","Ind\u00fastria autom\u00f3vel","novas tecnologias","Perspetivas para o setor autom\u00f3vel","Roland Berger"],"articleSection":["Mercado"],"inLanguage":"pt-PT"},{"@type":"WebPage","@id":"https:\/\/jornaldasoficinas.com\/pt\/perspetivas-para-o-setor-automovel-em-2040\/","url":"https:\/\/jornaldasoficinas.com\/pt\/perspetivas-para-o-setor-automovel-em-2040\/","name":"Perspetivas para o setor autom\u00f3vel em 2040 \u2028 - Jornal das Oficinas","isPartOf":{"@id":"https:\/\/jornaldasoficinas.com\/pt\/#website"},"primaryImageOfPage":{"@id":"https:\/\/jornaldasoficinas.com\/pt\/perspetivas-para-o-setor-automovel-em-2040\/#primaryimage"},"image":{"@id":"https:\/\/jornaldasoficinas.com\/pt\/perspetivas-para-o-setor-automovel-em-2040\/#primaryimage"},"thumbnailUrl":"https:\/\/jornaldasoficinas.com\/pt\/wp-content\/uploads\/2025\/04\/setor-automovel-em-2040.jpeg","datePublished":"2025-04-06T19:30:34+00:00","description":"A ind\u00fastria autom\u00f3vel est\u00e1 no meio de um grande per\u00edodo de perturba\u00e7\u00e3o, uma tempestade que n\u00e3o dever\u00e1 diminuir t\u00e3o cedo","breadcrumb":{"@id":"https:\/\/jornaldasoficinas.com\/pt\/perspetivas-para-o-setor-automovel-em-2040\/#breadcrumb"},"inLanguage":"pt-PT","potentialAction":[{"@type":"ReadAction","target":["https:\/\/jornaldasoficinas.com\/pt\/perspetivas-para-o-setor-automovel-em-2040\/"]}]},{"@type":"ImageObject","inLanguage":"pt-PT","@id":"https:\/\/jornaldasoficinas.com\/pt\/perspetivas-para-o-setor-automovel-em-2040\/#primaryimage","url":"https:\/\/jornaldasoficinas.com\/pt\/wp-content\/uploads\/2025\/04\/setor-automovel-em-2040.jpeg","contentUrl":"https:\/\/jornaldasoficinas.com\/pt\/wp-content\/uploads\/2025\/04\/setor-automovel-em-2040.jpeg","width":1024,"height":581,"caption":"Mercedes-Benz Innovationen und Zukunftstechnologien. Vision von St\u00e4dten der Zukunft. Shenzhen 2040+: Hypermodern \u2013 vertikal \u2013 digital vernetzt. Mercedes-Benz innovations and future technologies. Vision of future cities. Shenzhen 2040+: hypermodern \u2013 vertical \u2013 digitally connected."},{"@type":"BreadcrumbList","@id":"https:\/\/jornaldasoficinas.com\/pt\/perspetivas-para-o-setor-automovel-em-2040\/#breadcrumb","itemListElement":[{"@type":"ListItem","position":1,"name":"In\u00edcio","item":"https:\/\/jornaldasoficinas.com\/pt\/"},{"@type":"ListItem","position":2,"name":"Perspetivas para o setor autom\u00f3vel em 2040 \u2028"}]},{"@type":"WebSite","@id":"https:\/\/jornaldasoficinas.com\/pt\/#website","url":"https:\/\/jornaldasoficinas.com\/pt\/","name":"Jornal das Oficinas","description":"Jornal independente do Aftermarket Autom\u00f3vel em Portugal","publisher":{"@id":"https:\/\/jornaldasoficinas.com\/pt\/#organization"},"potentialAction":[{"@type":"SearchAction","target":{"@type":"EntryPoint","urlTemplate":"https:\/\/jornaldasoficinas.com\/pt\/?s={search_term_string}"},"query-input":{"@type":"PropertyValueSpecification","valueRequired":true,"valueName":"search_term_string"}}],"inLanguage":"pt-PT"},{"@type":"Organization","@id":"https:\/\/jornaldasoficinas.com\/pt\/#organization","name":"Jornal das Oficinas","url":"https:\/\/jornaldasoficinas.com\/pt\/","logo":{"@type":"ImageObject","inLanguage":"pt-PT","@id":"https:\/\/jornaldasoficinas.com\/pt\/#\/schema\/logo\/image\/","url":"https:\/\/jornaldasoficinas.com\/pt\/wp-content\/uploads\/logoJO-SEO.png","contentUrl":"https:\/\/jornaldasoficinas.com\/pt\/wp-content\/uploads\/logoJO-SEO.png","width":285,"height":450,"caption":"Jornal das Oficinas"},"image":{"@id":"https:\/\/jornaldasoficinas.com\/pt\/#\/schema\/logo\/image\/"},"sameAs":["https:\/\/www.facebook.com\/jornaloficinas","https:\/\/x.com\/jornaloficinas","https:\/\/www.instagram.com\/jornal_oficinas\/","https:\/\/www.linkedin.com\/company\/jornal-das-oficinas\/","https:\/\/www.youtube.com\/channel\/UCbQZBqtcvV-oSQrr7RzINGg"]},{"@type":"Person","@id":"https:\/\/jornaldasoficinas.com\/pt\/#\/schema\/person\/a38eef5de2c41d9e7c9ac10141afddf3","name":"Reda\u00e7\u00e3o JO","image":{"@type":"ImageObject","inLanguage":"pt-PT","@id":"https:\/\/secure.gravatar.com\/avatar\/71f2fa71737ad68a84fea94bc708ddac8ea5b0c4788dc2ad202f3ccb2887742f?s=96&d=wp_user_avatar&r=g","url":"https:\/\/secure.gravatar.com\/avatar\/71f2fa71737ad68a84fea94bc708ddac8ea5b0c4788dc2ad202f3ccb2887742f?s=96&d=wp_user_avatar&r=g","contentUrl":"https:\/\/secure.gravatar.com\/avatar\/71f2fa71737ad68a84fea94bc708ddac8ea5b0c4788dc2ad202f3ccb2887742f?s=96&d=wp_user_avatar&r=g","caption":"Reda\u00e7\u00e3o JO"},"url":"https:\/\/jornaldasoficinas.com\/pt\/author\/joredacao\/"}]}},"_links":{"self":[{"href":"https:\/\/jornaldasoficinas.com\/pt\/wp-json\/wp\/v2\/posts\/99935","targetHints":{"allow":["GET"]}}],"collection":[{"href":"https:\/\/jornaldasoficinas.com\/pt\/wp-json\/wp\/v2\/posts"}],"about":[{"href":"https:\/\/jornaldasoficinas.com\/pt\/wp-json\/wp\/v2\/types\/post"}],"author":[{"embeddable":true,"href":"https:\/\/jornaldasoficinas.com\/pt\/wp-json\/wp\/v2\/users\/15"}],"replies":[{"embeddable":true,"href":"https:\/\/jornaldasoficinas.com\/pt\/wp-json\/wp\/v2\/comments?post=99935"}],"version-history":[{"count":9,"href":"https:\/\/jornaldasoficinas.com\/pt\/wp-json\/wp\/v2\/posts\/99935\/revisions"}],"predecessor-version":[{"id":99957,"href":"https:\/\/jornaldasoficinas.com\/pt\/wp-json\/wp\/v2\/posts\/99935\/revisions\/99957"}],"wp:featuredmedia":[{"embeddable":true,"href":"https:\/\/jornaldasoficinas.com\/pt\/wp-json\/wp\/v2\/media\/99933"}],"wp:attachment":[{"href":"https:\/\/jornaldasoficinas.com\/pt\/wp-json\/wp\/v2\/media?parent=99935"}],"wp:term":[{"taxonomy":"category","embeddable":true,"href":"https:\/\/jornaldasoficinas.com\/pt\/wp-json\/wp\/v2\/categories?post=99935"},{"taxonomy":"post_tag","embeddable":true,"href":"https:\/\/jornaldasoficinas.com\/pt\/wp-json\/wp\/v2\/tags?post=99935"}],"curies":[{"name":"wp","href":"https:\/\/api.w.org\/{rel}","templated":true}]}}