{"id":99943,"date":"2025-04-06T21:00:26","date_gmt":"2025-04-06T20:00:26","guid":{"rendered":"https:\/\/jornaldasoficinas.com\/pt\/?p=99943"},"modified":"2025-04-03T18:32:42","modified_gmt":"2025-04-03T17:32:42","slug":"vejo-crescimento-para-os-proximos-10-anos-nexus-automotive-international","status":"publish","type":"post","link":"https:\/\/jornaldasoficinas.com\/pt\/vejo-crescimento-para-os-proximos-10-anos-nexus-automotive-international\/","title":{"rendered":"&#8220;Vejo crescimento para os pr\u00f3ximos 10 anos&#8221;, Nexus Automotive International"},"content":{"rendered":"<p><img loading=\"lazy\" decoding=\"async\" class=\"alignnone size-full wp-image-99932\" src=\"https:\/\/jornaldasoficinas.com\/pt\/wp-content\/uploads\/2025\/04\/Gael-Escribe.jpeg\" alt=\"04 - Gael Escribe\" width=\"1024\" height=\"581\" srcset=\"https:\/\/jornaldasoficinas.com\/pt\/wp-content\/uploads\/2025\/04\/Gael-Escribe.jpeg 1024w, https:\/\/jornaldasoficinas.com\/pt\/wp-content\/uploads\/2025\/04\/Gael-Escribe-300x170.jpeg 300w, https:\/\/jornaldasoficinas.com\/pt\/wp-content\/uploads\/2025\/04\/Gael-Escribe-150x85.jpeg 150w, https:\/\/jornaldasoficinas.com\/pt\/wp-content\/uploads\/2025\/04\/Gael-Escribe-768x436.jpeg 768w\" sizes=\"auto, (max-width: 1024px) 100vw, 1024px\" \/><\/p>\n<p><strong>Criado h\u00e1 onze anos, o <a href=\"https:\/\/www.nexusgroup.com\/\" target=\"_blank\" rel=\"noopener\">Nexus Group<\/a> \u00e9 atualmente o maior grupo internacional de compras do mundo, com um volume de neg\u00f3cios cifrado em 45 milhares de milh\u00f5es de d\u00f3lares. Ao longo dos anos t\u00eam vindo a diversificar o neg\u00f3cio e consideram que t\u00eam todos os ingredientes para fazer parte da transforma\u00e7\u00e3o do aftermarket automotivo, que se avizinha para os pr\u00f3ximos anos. O Jornal das Oficinas falou <\/strong><strong>com Gael Escribe, fundador e CEO da <a href=\"https:\/\/www.nexusautomotiveinternational.eu\/en\" target=\"_blank\" rel=\"noopener\">Nexus Automotive International<\/a>, que nos mostrou a sua vis\u00e3o sobre o futuro do p\u00f3s-venda autom\u00f3vel, sempre com uma t\u00f3nica positiva<\/strong><\/p>\n<p>O neg\u00f3cio principal do Nexus Group, enquanto grupo internacional de compras, \u00e9 fazer a ponte entre os fabricantes e os distribuidores, promovendo mais de 100 fornecedores a n\u00edvel mundial \u2013 japoneses inclu\u00eddos \u2013 mas a empresa sentiu necessidade de evoluir e apostou em v\u00e1rias atividades adicionais. Atrav\u00e9s da empresa Mobilion compra start-ups no setor da mobilidade; criou a marca Drive Plus para fazer face ao envelhecimento do parque autom\u00f3vel, que \u00e9 desenvolvida pela empresa <a href=\"https:\/\/www.smallpartsinc.com\/\" target=\"_blank\" rel=\"noopener\">Small Parts<\/a> e, em paralelo, det\u00e9m ainda a empresa Autoparts United, com o objetivo de adquirir distribuidores pelo mundo, por forma a consolidar o grupo Nexus. Gael Escribe, fundador e CEO da Nexus Automotive International aceitou falar connosco para nos contar os projetos atuais do grupo, mas tamb\u00e9m a perspetiva sobre o que poder\u00e1 esperar este setor. O CEO explica que \u201cinvestimos, temos a nossa marca pr\u00f3pria, estamos ativos na consolida\u00e7\u00e3o, o que nos permitiu construir um verdadeiro grupo, tendo o nosso core business nas compras e, diversificando, cri\u00e1mos um grupo que ter\u00e1, espero, um papel de lideran\u00e7a na transforma\u00e7\u00e3o do aftermarket automotivo\u201d.<\/p>\n<p><strong>El\u00e9tricos n\u00e3o s\u00e3o a solu\u00e7\u00e3o<\/strong><br \/>\nO respons\u00e1vel m\u00e1ximo do grupo Nexus mostra-se atento \u00e0 r\u00e1pida evolu\u00e7\u00e3o do setor, mas n\u00e3o teme o advento dos ve\u00edculos el\u00e9tricos, que, antev\u00ea, n\u00e3o ser\u00e3o o \u00fanico caminho para a evolu\u00e7\u00e3o dos transportes. Defende que estes s\u00e3o j\u00e1 uma parte do parque autom\u00f3vel, para a qual devem estar preparados, mas diz-se \u201cmuito c\u00e9tico\u201d que esta seja a solu\u00e7\u00e3o para o futuro. Assinala que \u201ca infraestrutura atual n\u00e3o \u00e9 suficiente, nem se est\u00e1 a desenvolver suficientemente para ir ao encontro de um parque autom\u00f3vel que seja predominantemente feito de ve\u00edculos el\u00e9tricos\u201d e relembra que o pre\u00e7o destes autom\u00f3veis continua a ser uma barreira importante, especialmente no hemisf\u00e9rio sul do globo, como a Am\u00e9rica do Sul, a Am\u00e9rica Latina, \u00c1frica ou o M\u00e9dio Oriente. \u201cNo hemisf\u00e9rio norte, penso que haver\u00e1 alguma resist\u00eancia ao crescimento. A China capitalizou os ve\u00edculos el\u00e9tricos e, por isso, \u00e9 prov\u00e1vel que prossiga o seu desenvolvimento. A Am\u00e9rica do Norte n\u00e3o est\u00e1, definitivamente, muito entusiasmada com a implanta\u00e7\u00e3o de ve\u00edculos el\u00e9tricos\u201d, diz opiando que \u201ca din\u00e2mica que nos era apresentada antes do Covid-19 mudou e a avenida de sentido \u00fanico de que falavam n\u00e3o vai acontecer de certeza. Toda a gente previa um decl\u00ednio do p\u00f3s-venda autom\u00f3vel e isso \u00e9 exatamente o oposto do que est\u00e1 a acontecer devido ao envelhecimento do parque. Estamos num neg\u00f3cio ativo e um neg\u00f3cio ativo atrai investidores, ao contr\u00e1rio do que aconteceu h\u00e1 quatro anos, quando as previs\u00f5es os fizeram sair em debandada. Eu estou otimista, vejo crescimento pelo menos para os pr\u00f3ximos 10 anos\u201d.<\/p>\n<p>Por outro lado, numa altura em que \u00e9 poss\u00edvel remanufaturar ou reutilizar 70% das pe\u00e7as de um carro, Gael Escribe acredita que estas ocupar\u00e3o um lugar cada vez maior no neg\u00f3cio do aftermarket automotivo. Embora nas \u00faltimas d\u00e9cadas este setor tenha registado um decl\u00ednio, o CEO do grupo Nexus afirma que \u201cdesenvolver pe\u00e7as remanufaturadas \u00e9 algo que est\u00e1 nos nossos projetos e queremos ter mais refer\u00eancias, pois penso que essas pe\u00e7as ocupar\u00e3o mais espa\u00e7o nos pr\u00f3ximos dez anos\u201d.<\/p>\n<p><strong>Fabricantes multimarca<\/strong><br \/>\nA chegada ao mercado dos fabricantes multimarca, com qualidade comprovada e pre\u00e7os competitivos, traz altera\u00e7\u00f5es ao neg\u00f3cio. Escribe entende que, perante um parque autom\u00f3vel em que metade dos carros tem uma idade superior a dez anos, este segmento s\u00f3 poder\u00e1 tender a evoluir: \u201cO consumidor procura uma solu\u00e7\u00e3o mais econ\u00f3mica, mas com qualidade, porque as pessoas querem manter os seus carros por mais tempo. Nesta incerteza, os consumidores preferem investir menos, mas numa solu\u00e7\u00e3o de qualidade\u201d. Foi isto, diz, que fez a Nexus optar por criar a j\u00e1 mencionada Small Parts, para promover as suas marcas pr\u00f3prias e \u201cdesenvolv\u00ea-las em coopera\u00e7\u00e3o com os fabricantes, porque n\u00e3o \u00e9 uma perda para eles. Simplesmente, estes ter\u00e3o de se adaptar a uma segmenta\u00e7\u00e3o diferente de produto no futuro\u201d.<br \/>\nTamb\u00e9m a distribui\u00e7\u00e3o ser\u00e1 diferente num futuro a m\u00e9dio prazo, pois \u00e9 necess\u00e1rio ter processos de abastecimento mais simples, \u201ce porque n\u00e3o abastecer diretamente da f\u00e1brica?\u201d, deixa a quest\u00e3o no ar. \u201cSe formos capazes de prever e trabalhar lado a lado com os fabricantes, conseguiremos de certeza ter um melhor servi\u00e7o por parte deles e poderemos reduzir o stock. \u00c9 a\u00ed que est\u00e1 o futuro\u201d, considera.<\/p>\n<p><strong>\u201cA consolida\u00e7\u00e3o \u00e9 inevit\u00e1vel\u201d<\/strong><br \/>\nGael Escribe analisa o fen\u00f3meno da consolida\u00e7\u00e3o no aftermarket automotivo com muita clareza, salientando que mesmo que os resultados das grandes empresas n\u00e3o sejam os melhores, esta \u00e9 uma tend\u00eancia que se est\u00e1 a tornar \u201cinevit\u00e1vel na nossa ind\u00fastria\u201d. O fundador do grupo Nexus comenta que \u201colhando para os resultados das grandes empresas como a LKQ ou a GPC, na primeira metade do ano, v\u00ea-se que n\u00e3o s\u00e3o espetaculares e que as empresas m\u00e9dias t\u00eam hoje, geralmente, mais crescimento do que as grandes consolidadoras. As que referi at\u00e9 deca\u00edram, no segundo trimestre. Na nossa ind\u00fastria ainda h\u00e1 uma necessidade de proximidade, agilidade e de servi\u00e7o, em que, provavelmente, as empresas m\u00e9dias s\u00e3o mais eficientes do que as grandes. De forma ideal, se pud\u00e9ssemos ter um projeto de consolida\u00e7\u00e3o e manter o esp\u00edrito das empresas de m\u00e9dia dimens\u00e3o, seria uma vit\u00f3ria dupla\u201d.<\/p>\n<p>Na opini\u00e3o do nosso interlocutor, as pe\u00e7as impressas em 3D \u201cj\u00e1 s\u00e3o uma realidade, pelo que t\u00eam de ser incorporadas no neg\u00f3cio\u201d. No entanto, Gael Escribe aponta a intelig\u00eancia artificial como o tema que est\u00e1 agora a provocar debates e n\u00e3o tem d\u00favidas de que \u201ca inova\u00e7\u00e3o tem de fazer parte das estrat\u00e9gias dos l\u00edderes do aftermarket autom\u00f3vel. Essa \u00e9 a raz\u00e3o pela qual a Nexus tem um Comit\u00e9 de Inova\u00e7\u00e3o e a raz\u00e3o pela qual investimos em start-ups. Acredito que a intelig\u00eancia artificial ser\u00e1, talvez, a maior revolu\u00e7\u00e3o que iremos incorporar nos pr\u00f3ximos 5 a 10 anos\u201d.<\/p>\n<p>Questionado sobre a forma como o grupo Nexus v\u00ea o futuro deste neg\u00f3cio, o CEO diz-nos &#8230; saiba a resposta na edi\u00e7\u00e3o impressa ou online do Jornal das Oficinas n\u00ba221, <a href=\"https:\/\/www.yumpu.com\/pt\/document\/read\/70048933\/jornal-das-oficinas-221\/30\">aqui<\/a>.<\/p>\n","protected":false},"excerpt":{"rendered":"<p>Criado h\u00e1 onze anos, o Nexus&#8230;<\/p>\n","protected":false},"author":15,"featured_media":99932,"comment_status":"closed","ping_status":"closed","sticky":false,"template":"","format":"standard","meta":{"footnotes":""},"categories":[38],"tags":[2781,3860,11785,7827,12395,3930,12396],"class_list":["post-99943","post","type-post","status-publish","format-standard","has-post-thumbnail","hentry","category-entrevistas","tag-crescimento","tag-futuro","tag-gael-escribe","tag-nexus-automotive-international","tag-nexus-group","tag-pos-venda-automovel","tag-small-parts"],"yoast_head":"<!-- This site is optimized with the Yoast SEO plugin v27.4 - https:\/\/yoast.com\/product\/yoast-seo-wordpress\/ -->\n<title>&quot;Vejo crescimento para os pr\u00f3ximos 10 anos&quot;, Nexus Automotive International - Jornal das Oficinas<\/title>\n<meta name=\"description\" content=\"O JO falou com Gael Escribe, CEO da Nexus Automotive International, que nos mostrou a sua vis\u00e3o sobre o futuro do p\u00f3s-venda autom\u00f3vel\" \/>\n<meta name=\"robots\" content=\"index, follow, max-snippet:-1, max-image-preview:large, max-video-preview:-1\" \/>\n<link rel=\"canonical\" href=\"https:\/\/jornaldasoficinas.com\/pt\/vejo-crescimento-para-os-proximos-10-anos-nexus-automotive-international\/\" \/>\n<meta property=\"og:locale\" content=\"pt_PT\" \/>\n<meta property=\"og:type\" content=\"article\" \/>\n<meta property=\"og:title\" content=\"&quot;Vejo crescimento para os pr\u00f3ximos 10 anos&quot;, Nexus Automotive International - Jornal das Oficinas\" \/>\n<meta property=\"og:description\" content=\"O JO falou com Gael Escribe, CEO da Nexus Automotive International, que nos mostrou a sua vis\u00e3o sobre o futuro do p\u00f3s-venda autom\u00f3vel\" \/>\n<meta property=\"og:url\" content=\"https:\/\/jornaldasoficinas.com\/pt\/vejo-crescimento-para-os-proximos-10-anos-nexus-automotive-international\/\" \/>\n<meta property=\"og:site_name\" content=\"Jornal das Oficinas\" \/>\n<meta property=\"article:publisher\" content=\"https:\/\/www.facebook.com\/jornaloficinas\" \/>\n<meta property=\"article:published_time\" content=\"2025-04-06T20:00:26+00:00\" \/>\n<meta property=\"og:image\" content=\"https:\/\/jornaldasoficinas.com\/pt\/wp-content\/uploads\/2025\/04\/Gael-Escribe.jpeg\" \/>\n\t<meta property=\"og:image:width\" content=\"1024\" \/>\n\t<meta property=\"og:image:height\" content=\"581\" \/>\n\t<meta property=\"og:image:type\" content=\"image\/jpeg\" \/>\n<meta name=\"author\" content=\"Reda\u00e7\u00e3o JO\" \/>\n<meta name=\"twitter:card\" content=\"summary_large_image\" \/>\n<meta name=\"twitter:creator\" content=\"@jornaloficinas\" \/>\n<meta name=\"twitter:site\" content=\"@jornaloficinas\" \/>\n<meta name=\"twitter:label1\" content=\"Escrito por\" \/>\n\t<meta name=\"twitter:data1\" content=\"Reda\u00e7\u00e3o JO\" \/>\n\t<meta name=\"twitter:label2\" content=\"Tempo estimado de leitura\" \/>\n\t<meta name=\"twitter:data2\" content=\"7 minutos\" \/>\n<script type=\"application\/ld+json\" class=\"yoast-schema-graph\">{\"@context\":\"https:\\\/\\\/schema.org\",\"@graph\":[{\"@type\":\"Article\",\"@id\":\"https:\\\/\\\/jornaldasoficinas.com\\\/pt\\\/vejo-crescimento-para-os-proximos-10-anos-nexus-automotive-international\\\/#article\",\"isPartOf\":{\"@id\":\"https:\\\/\\\/jornaldasoficinas.com\\\/pt\\\/vejo-crescimento-para-os-proximos-10-anos-nexus-automotive-international\\\/\"},\"author\":{\"name\":\"Reda\u00e7\u00e3o JO\",\"@id\":\"https:\\\/\\\/jornaldasoficinas.com\\\/pt\\\/#\\\/schema\\\/person\\\/a38eef5de2c41d9e7c9ac10141afddf3\"},\"headline\":\"&#8220;Vejo crescimento para os pr\u00f3ximos 10 anos&#8221;, Nexus Automotive International\",\"datePublished\":\"2025-04-06T20:00:26+00:00\",\"mainEntityOfPage\":{\"@id\":\"https:\\\/\\\/jornaldasoficinas.com\\\/pt\\\/vejo-crescimento-para-os-proximos-10-anos-nexus-automotive-international\\\/\"},\"wordCount\":1210,\"publisher\":{\"@id\":\"https:\\\/\\\/jornaldasoficinas.com\\\/pt\\\/#organization\"},\"image\":{\"@id\":\"https:\\\/\\\/jornaldasoficinas.com\\\/pt\\\/vejo-crescimento-para-os-proximos-10-anos-nexus-automotive-international\\\/#primaryimage\"},\"thumbnailUrl\":\"https:\\\/\\\/jornaldasoficinas.com\\\/pt\\\/wp-content\\\/uploads\\\/2025\\\/04\\\/Gael-Escribe.jpeg\",\"keywords\":[\"Crescimento\",\"Futuro\",\"Gael Escribe\",\"NEXUS Automotive International\",\"Nexus Group\",\"p\u00f3s-venda autom\u00f3vel\",\"Small Parts\"],\"articleSection\":[\"Entrevistas\"],\"inLanguage\":\"pt-PT\"},{\"@type\":\"WebPage\",\"@id\":\"https:\\\/\\\/jornaldasoficinas.com\\\/pt\\\/vejo-crescimento-para-os-proximos-10-anos-nexus-automotive-international\\\/\",\"url\":\"https:\\\/\\\/jornaldasoficinas.com\\\/pt\\\/vejo-crescimento-para-os-proximos-10-anos-nexus-automotive-international\\\/\",\"name\":\"\\\"Vejo crescimento para os pr\u00f3ximos 10 anos\\\", Nexus Automotive International - Jornal das Oficinas\",\"isPartOf\":{\"@id\":\"https:\\\/\\\/jornaldasoficinas.com\\\/pt\\\/#website\"},\"primaryImageOfPage\":{\"@id\":\"https:\\\/\\\/jornaldasoficinas.com\\\/pt\\\/vejo-crescimento-para-os-proximos-10-anos-nexus-automotive-international\\\/#primaryimage\"},\"image\":{\"@id\":\"https:\\\/\\\/jornaldasoficinas.com\\\/pt\\\/vejo-crescimento-para-os-proximos-10-anos-nexus-automotive-international\\\/#primaryimage\"},\"thumbnailUrl\":\"https:\\\/\\\/jornaldasoficinas.com\\\/pt\\\/wp-content\\\/uploads\\\/2025\\\/04\\\/Gael-Escribe.jpeg\",\"datePublished\":\"2025-04-06T20:00:26+00:00\",\"description\":\"O JO falou com Gael Escribe, CEO da Nexus Automotive International, que nos mostrou a sua vis\u00e3o sobre o futuro do p\u00f3s-venda autom\u00f3vel\",\"breadcrumb\":{\"@id\":\"https:\\\/\\\/jornaldasoficinas.com\\\/pt\\\/vejo-crescimento-para-os-proximos-10-anos-nexus-automotive-international\\\/#breadcrumb\"},\"inLanguage\":\"pt-PT\",\"potentialAction\":[{\"@type\":\"ReadAction\",\"target\":[\"https:\\\/\\\/jornaldasoficinas.com\\\/pt\\\/vejo-crescimento-para-os-proximos-10-anos-nexus-automotive-international\\\/\"]}]},{\"@type\":\"ImageObject\",\"inLanguage\":\"pt-PT\",\"@id\":\"https:\\\/\\\/jornaldasoficinas.com\\\/pt\\\/vejo-crescimento-para-os-proximos-10-anos-nexus-automotive-international\\\/#primaryimage\",\"url\":\"https:\\\/\\\/jornaldasoficinas.com\\\/pt\\\/wp-content\\\/uploads\\\/2025\\\/04\\\/Gael-Escribe.jpeg\",\"contentUrl\":\"https:\\\/\\\/jornaldasoficinas.com\\\/pt\\\/wp-content\\\/uploads\\\/2025\\\/04\\\/Gael-Escribe.jpeg\",\"width\":1024,\"height\":581,\"caption\":\"04 - Gael Escribe\"},{\"@type\":\"BreadcrumbList\",\"@id\":\"https:\\\/\\\/jornaldasoficinas.com\\\/pt\\\/vejo-crescimento-para-os-proximos-10-anos-nexus-automotive-international\\\/#breadcrumb\",\"itemListElement\":[{\"@type\":\"ListItem\",\"position\":1,\"name\":\"In\u00edcio\",\"item\":\"https:\\\/\\\/jornaldasoficinas.com\\\/pt\\\/\"},{\"@type\":\"ListItem\",\"position\":2,\"name\":\"&#8220;Vejo crescimento para os pr\u00f3ximos 10 anos&#8221;, Nexus Automotive International\"}]},{\"@type\":\"WebSite\",\"@id\":\"https:\\\/\\\/jornaldasoficinas.com\\\/pt\\\/#website\",\"url\":\"https:\\\/\\\/jornaldasoficinas.com\\\/pt\\\/\",\"name\":\"Jornal das Oficinas\",\"description\":\"Jornal independente do Aftermarket Autom\u00f3vel em Portugal\",\"publisher\":{\"@id\":\"https:\\\/\\\/jornaldasoficinas.com\\\/pt\\\/#organization\"},\"potentialAction\":[{\"@type\":\"SearchAction\",\"target\":{\"@type\":\"EntryPoint\",\"urlTemplate\":\"https:\\\/\\\/jornaldasoficinas.com\\\/pt\\\/?s={search_term_string}\"},\"query-input\":{\"@type\":\"PropertyValueSpecification\",\"valueRequired\":true,\"valueName\":\"search_term_string\"}}],\"inLanguage\":\"pt-PT\"},{\"@type\":\"Organization\",\"@id\":\"https:\\\/\\\/jornaldasoficinas.com\\\/pt\\\/#organization\",\"name\":\"Jornal das Oficinas\",\"url\":\"https:\\\/\\\/jornaldasoficinas.com\\\/pt\\\/\",\"logo\":{\"@type\":\"ImageObject\",\"inLanguage\":\"pt-PT\",\"@id\":\"https:\\\/\\\/jornaldasoficinas.com\\\/pt\\\/#\\\/schema\\\/logo\\\/image\\\/\",\"url\":\"https:\\\/\\\/jornaldasoficinas.com\\\/pt\\\/wp-content\\\/uploads\\\/logoJO-SEO.png\",\"contentUrl\":\"https:\\\/\\\/jornaldasoficinas.com\\\/pt\\\/wp-content\\\/uploads\\\/logoJO-SEO.png\",\"width\":285,\"height\":450,\"caption\":\"Jornal das Oficinas\"},\"image\":{\"@id\":\"https:\\\/\\\/jornaldasoficinas.com\\\/pt\\\/#\\\/schema\\\/logo\\\/image\\\/\"},\"sameAs\":[\"https:\\\/\\\/www.facebook.com\\\/jornaloficinas\",\"https:\\\/\\\/x.com\\\/jornaloficinas\",\"https:\\\/\\\/www.instagram.com\\\/jornal_oficinas\\\/\",\"https:\\\/\\\/www.linkedin.com\\\/company\\\/jornal-das-oficinas\\\/\",\"https:\\\/\\\/www.youtube.com\\\/channel\\\/UCbQZBqtcvV-oSQrr7RzINGg\"]},{\"@type\":\"Person\",\"@id\":\"https:\\\/\\\/jornaldasoficinas.com\\\/pt\\\/#\\\/schema\\\/person\\\/a38eef5de2c41d9e7c9ac10141afddf3\",\"name\":\"Reda\u00e7\u00e3o JO\",\"image\":{\"@type\":\"ImageObject\",\"inLanguage\":\"pt-PT\",\"@id\":\"https:\\\/\\\/secure.gravatar.com\\\/avatar\\\/71f2fa71737ad68a84fea94bc708ddac8ea5b0c4788dc2ad202f3ccb2887742f?s=96&d=wp_user_avatar&r=g\",\"url\":\"https:\\\/\\\/secure.gravatar.com\\\/avatar\\\/71f2fa71737ad68a84fea94bc708ddac8ea5b0c4788dc2ad202f3ccb2887742f?s=96&d=wp_user_avatar&r=g\",\"contentUrl\":\"https:\\\/\\\/secure.gravatar.com\\\/avatar\\\/71f2fa71737ad68a84fea94bc708ddac8ea5b0c4788dc2ad202f3ccb2887742f?s=96&d=wp_user_avatar&r=g\",\"caption\":\"Reda\u00e7\u00e3o JO\"},\"url\":\"https:\\\/\\\/jornaldasoficinas.com\\\/pt\\\/author\\\/joredacao\\\/\"}]}<\/script>\n<!-- \/ Yoast SEO plugin. -->","yoast_head_json":{"title":"\"Vejo crescimento para os pr\u00f3ximos 10 anos\", Nexus Automotive International - Jornal das Oficinas","description":"O JO falou com Gael Escribe, CEO da Nexus Automotive International, que nos mostrou a sua vis\u00e3o sobre o futuro do p\u00f3s-venda autom\u00f3vel","robots":{"index":"index","follow":"follow","max-snippet":"max-snippet:-1","max-image-preview":"max-image-preview:large","max-video-preview":"max-video-preview:-1"},"canonical":"https:\/\/jornaldasoficinas.com\/pt\/vejo-crescimento-para-os-proximos-10-anos-nexus-automotive-international\/","og_locale":"pt_PT","og_type":"article","og_title":"\"Vejo crescimento para os pr\u00f3ximos 10 anos\", Nexus Automotive International - Jornal das Oficinas","og_description":"O JO falou com Gael Escribe, CEO da Nexus Automotive International, que nos mostrou a sua vis\u00e3o sobre o futuro do p\u00f3s-venda autom\u00f3vel","og_url":"https:\/\/jornaldasoficinas.com\/pt\/vejo-crescimento-para-os-proximos-10-anos-nexus-automotive-international\/","og_site_name":"Jornal das Oficinas","article_publisher":"https:\/\/www.facebook.com\/jornaloficinas","article_published_time":"2025-04-06T20:00:26+00:00","og_image":[{"width":1024,"height":581,"url":"https:\/\/jornaldasoficinas.com\/pt\/wp-content\/uploads\/2025\/04\/Gael-Escribe.jpeg","type":"image\/jpeg"}],"author":"Reda\u00e7\u00e3o JO","twitter_card":"summary_large_image","twitter_creator":"@jornaloficinas","twitter_site":"@jornaloficinas","twitter_misc":{"Escrito por":"Reda\u00e7\u00e3o JO","Tempo estimado de leitura":"7 minutos"},"schema":{"@context":"https:\/\/schema.org","@graph":[{"@type":"Article","@id":"https:\/\/jornaldasoficinas.com\/pt\/vejo-crescimento-para-os-proximos-10-anos-nexus-automotive-international\/#article","isPartOf":{"@id":"https:\/\/jornaldasoficinas.com\/pt\/vejo-crescimento-para-os-proximos-10-anos-nexus-automotive-international\/"},"author":{"name":"Reda\u00e7\u00e3o JO","@id":"https:\/\/jornaldasoficinas.com\/pt\/#\/schema\/person\/a38eef5de2c41d9e7c9ac10141afddf3"},"headline":"&#8220;Vejo crescimento para os pr\u00f3ximos 10 anos&#8221;, Nexus Automotive International","datePublished":"2025-04-06T20:00:26+00:00","mainEntityOfPage":{"@id":"https:\/\/jornaldasoficinas.com\/pt\/vejo-crescimento-para-os-proximos-10-anos-nexus-automotive-international\/"},"wordCount":1210,"publisher":{"@id":"https:\/\/jornaldasoficinas.com\/pt\/#organization"},"image":{"@id":"https:\/\/jornaldasoficinas.com\/pt\/vejo-crescimento-para-os-proximos-10-anos-nexus-automotive-international\/#primaryimage"},"thumbnailUrl":"https:\/\/jornaldasoficinas.com\/pt\/wp-content\/uploads\/2025\/04\/Gael-Escribe.jpeg","keywords":["Crescimento","Futuro","Gael Escribe","NEXUS Automotive International","Nexus Group","p\u00f3s-venda autom\u00f3vel","Small Parts"],"articleSection":["Entrevistas"],"inLanguage":"pt-PT"},{"@type":"WebPage","@id":"https:\/\/jornaldasoficinas.com\/pt\/vejo-crescimento-para-os-proximos-10-anos-nexus-automotive-international\/","url":"https:\/\/jornaldasoficinas.com\/pt\/vejo-crescimento-para-os-proximos-10-anos-nexus-automotive-international\/","name":"\"Vejo crescimento para os pr\u00f3ximos 10 anos\", Nexus Automotive International - Jornal das Oficinas","isPartOf":{"@id":"https:\/\/jornaldasoficinas.com\/pt\/#website"},"primaryImageOfPage":{"@id":"https:\/\/jornaldasoficinas.com\/pt\/vejo-crescimento-para-os-proximos-10-anos-nexus-automotive-international\/#primaryimage"},"image":{"@id":"https:\/\/jornaldasoficinas.com\/pt\/vejo-crescimento-para-os-proximos-10-anos-nexus-automotive-international\/#primaryimage"},"thumbnailUrl":"https:\/\/jornaldasoficinas.com\/pt\/wp-content\/uploads\/2025\/04\/Gael-Escribe.jpeg","datePublished":"2025-04-06T20:00:26+00:00","description":"O JO falou com Gael Escribe, CEO da Nexus Automotive International, que nos mostrou a sua vis\u00e3o sobre o futuro do p\u00f3s-venda autom\u00f3vel","breadcrumb":{"@id":"https:\/\/jornaldasoficinas.com\/pt\/vejo-crescimento-para-os-proximos-10-anos-nexus-automotive-international\/#breadcrumb"},"inLanguage":"pt-PT","potentialAction":[{"@type":"ReadAction","target":["https:\/\/jornaldasoficinas.com\/pt\/vejo-crescimento-para-os-proximos-10-anos-nexus-automotive-international\/"]}]},{"@type":"ImageObject","inLanguage":"pt-PT","@id":"https:\/\/jornaldasoficinas.com\/pt\/vejo-crescimento-para-os-proximos-10-anos-nexus-automotive-international\/#primaryimage","url":"https:\/\/jornaldasoficinas.com\/pt\/wp-content\/uploads\/2025\/04\/Gael-Escribe.jpeg","contentUrl":"https:\/\/jornaldasoficinas.com\/pt\/wp-content\/uploads\/2025\/04\/Gael-Escribe.jpeg","width":1024,"height":581,"caption":"04 - Gael Escribe"},{"@type":"BreadcrumbList","@id":"https:\/\/jornaldasoficinas.com\/pt\/vejo-crescimento-para-os-proximos-10-anos-nexus-automotive-international\/#breadcrumb","itemListElement":[{"@type":"ListItem","position":1,"name":"In\u00edcio","item":"https:\/\/jornaldasoficinas.com\/pt\/"},{"@type":"ListItem","position":2,"name":"&#8220;Vejo crescimento para os pr\u00f3ximos 10 anos&#8221;, Nexus Automotive International"}]},{"@type":"WebSite","@id":"https:\/\/jornaldasoficinas.com\/pt\/#website","url":"https:\/\/jornaldasoficinas.com\/pt\/","name":"Jornal das Oficinas","description":"Jornal independente do Aftermarket Autom\u00f3vel em Portugal","publisher":{"@id":"https:\/\/jornaldasoficinas.com\/pt\/#organization"},"potentialAction":[{"@type":"SearchAction","target":{"@type":"EntryPoint","urlTemplate":"https:\/\/jornaldasoficinas.com\/pt\/?s={search_term_string}"},"query-input":{"@type":"PropertyValueSpecification","valueRequired":true,"valueName":"search_term_string"}}],"inLanguage":"pt-PT"},{"@type":"Organization","@id":"https:\/\/jornaldasoficinas.com\/pt\/#organization","name":"Jornal das Oficinas","url":"https:\/\/jornaldasoficinas.com\/pt\/","logo":{"@type":"ImageObject","inLanguage":"pt-PT","@id":"https:\/\/jornaldasoficinas.com\/pt\/#\/schema\/logo\/image\/","url":"https:\/\/jornaldasoficinas.com\/pt\/wp-content\/uploads\/logoJO-SEO.png","contentUrl":"https:\/\/jornaldasoficinas.com\/pt\/wp-content\/uploads\/logoJO-SEO.png","width":285,"height":450,"caption":"Jornal das Oficinas"},"image":{"@id":"https:\/\/jornaldasoficinas.com\/pt\/#\/schema\/logo\/image\/"},"sameAs":["https:\/\/www.facebook.com\/jornaloficinas","https:\/\/x.com\/jornaloficinas","https:\/\/www.instagram.com\/jornal_oficinas\/","https:\/\/www.linkedin.com\/company\/jornal-das-oficinas\/","https:\/\/www.youtube.com\/channel\/UCbQZBqtcvV-oSQrr7RzINGg"]},{"@type":"Person","@id":"https:\/\/jornaldasoficinas.com\/pt\/#\/schema\/person\/a38eef5de2c41d9e7c9ac10141afddf3","name":"Reda\u00e7\u00e3o JO","image":{"@type":"ImageObject","inLanguage":"pt-PT","@id":"https:\/\/secure.gravatar.com\/avatar\/71f2fa71737ad68a84fea94bc708ddac8ea5b0c4788dc2ad202f3ccb2887742f?s=96&d=wp_user_avatar&r=g","url":"https:\/\/secure.gravatar.com\/avatar\/71f2fa71737ad68a84fea94bc708ddac8ea5b0c4788dc2ad202f3ccb2887742f?s=96&d=wp_user_avatar&r=g","contentUrl":"https:\/\/secure.gravatar.com\/avatar\/71f2fa71737ad68a84fea94bc708ddac8ea5b0c4788dc2ad202f3ccb2887742f?s=96&d=wp_user_avatar&r=g","caption":"Reda\u00e7\u00e3o JO"},"url":"https:\/\/jornaldasoficinas.com\/pt\/author\/joredacao\/"}]}},"_links":{"self":[{"href":"https:\/\/jornaldasoficinas.com\/pt\/wp-json\/wp\/v2\/posts\/99943","targetHints":{"allow":["GET"]}}],"collection":[{"href":"https:\/\/jornaldasoficinas.com\/pt\/wp-json\/wp\/v2\/posts"}],"about":[{"href":"https:\/\/jornaldasoficinas.com\/pt\/wp-json\/wp\/v2\/types\/post"}],"author":[{"embeddable":true,"href":"https:\/\/jornaldasoficinas.com\/pt\/wp-json\/wp\/v2\/users\/15"}],"replies":[{"embeddable":true,"href":"https:\/\/jornaldasoficinas.com\/pt\/wp-json\/wp\/v2\/comments?post=99943"}],"version-history":[{"count":6,"href":"https:\/\/jornaldasoficinas.com\/pt\/wp-json\/wp\/v2\/posts\/99943\/revisions"}],"predecessor-version":[{"id":99959,"href":"https:\/\/jornaldasoficinas.com\/pt\/wp-json\/wp\/v2\/posts\/99943\/revisions\/99959"}],"wp:featuredmedia":[{"embeddable":true,"href":"https:\/\/jornaldasoficinas.com\/pt\/wp-json\/wp\/v2\/media\/99932"}],"wp:attachment":[{"href":"https:\/\/jornaldasoficinas.com\/pt\/wp-json\/wp\/v2\/media?parent=99943"}],"wp:term":[{"taxonomy":"category","embeddable":true,"href":"https:\/\/jornaldasoficinas.com\/pt\/wp-json\/wp\/v2\/categories?post=99943"},{"taxonomy":"post_tag","embeddable":true,"href":"https:\/\/jornaldasoficinas.com\/pt\/wp-json\/wp\/v2\/tags?post=99943"}],"curies":[{"name":"wp","href":"https:\/\/api.w.org\/{rel}","templated":true}]}}