{"id":99991,"date":"2025-04-09T08:00:37","date_gmt":"2025-04-09T07:00:37","guid":{"rendered":"https:\/\/jornaldasoficinas.com\/pt\/?p=99991"},"modified":"2025-04-04T13:23:12","modified_gmt":"2025-04-04T12:23:12","slug":"glassdrive-inaugura-novo-centro-no-porto","status":"publish","type":"post","link":"https:\/\/jornaldasoficinas.com\/pt\/glassdrive-inaugura-novo-centro-no-porto\/","title":{"rendered":"Glassdrive inaugura novo Centro no Porto"},"content":{"rendered":"<p style=\"font-weight: 400;\"><strong><img loading=\"lazy\" decoding=\"async\" class=\"alignnone size-full wp-image-99997\" src=\"https:\/\/jornaldasoficinas.com\/pt\/wp-content\/uploads\/2025\/04\/Glassdrive-inaugura-novo-Centro-no-Porto.jpg\" alt=\"04 - Glassdrive inaugura novo Centro no Porto\" width=\"1024\" height=\"581\" srcset=\"https:\/\/jornaldasoficinas.com\/pt\/wp-content\/uploads\/2025\/04\/Glassdrive-inaugura-novo-Centro-no-Porto.jpg 1024w, https:\/\/jornaldasoficinas.com\/pt\/wp-content\/uploads\/2025\/04\/Glassdrive-inaugura-novo-Centro-no-Porto-300x170.jpg 300w, https:\/\/jornaldasoficinas.com\/pt\/wp-content\/uploads\/2025\/04\/Glassdrive-inaugura-novo-Centro-no-Porto-150x85.jpg 150w, https:\/\/jornaldasoficinas.com\/pt\/wp-content\/uploads\/2025\/04\/Glassdrive-inaugura-novo-Centro-no-Porto-768x436.jpg 768w\" sizes=\"auto, (max-width: 1024px) 100vw, 1024px\" \/><\/strong><\/p>\n<p style=\"font-weight: 400;\"><strong>A <a href=\"https:\/\/www.google.com\/url?sa=t&amp;source=web&amp;rct=j&amp;opi=89978449&amp;url=https:\/\/www.glassdrive.pt\/&amp;ved=2ahUKEwjY0rafp76MAxUJBfsDHYKsAlkQFnoECA4QAQ&amp;usg=AOvVaw1OYwf1E9NoXuy9gKC18bmU\">Glassdrive,<\/a>\u00a0acaba de inaugurar o novo centro modelo no Porto que integra todos os servi\u00e7os de repara\u00e7\u00e3o e substitui\u00e7\u00e3o autom\u00f3vel, calibra\u00e7\u00e3o ADAS, polimento de \u00f3ticas, substitui\u00e7\u00e3o de escovas limpa para-brisas e, ainda, o servi\u00e7o de lavagem e aspira\u00e7\u00e3o<\/strong><\/p>\n<p style=\"font-weight: 400;\">A nova abertura refor\u00e7a a estrat\u00e9gia de consolida\u00e7\u00e3o do posicionamento da marca como a maior rede nacional de repara\u00e7\u00e3o e substitui\u00e7\u00e3o de vidro em todo o tipo de viaturas. A Glassdrive Porto Zona Industrial refor\u00e7a o posicionamento da marca nesta regi\u00e3o e visa servir os clientes, bem como o grande n\u00famero de viaturas que diariamente circulam nesta \u00e1rea.<\/p>\n<p style=\"font-weight: 400;\">Em linha com as preocupa\u00e7\u00f5es ambientais da marca, o novo centro apresenta eletricidade verde, foco na reciclagem, disponibiliza panos reutiliz\u00e1veis para a realiza\u00e7\u00e3o dos servi\u00e7os em substitui\u00e7\u00e3o do papel, capas reutiliz\u00e1veis, separador de hidrocarbonetos, entre outras medidas.<\/p>\n<p style=\"font-weight: 400;\">O Diretor-Geral da Glassdrive e da Sekurit Service Portugal, Lucas Const\u00e2ncio, refere \u201cEsta nova abertura reflete a aposta e a import\u00e2ncia do mercado portugu\u00eas para a Glassdrive. Estamos comprometidos com a melhoria da experi\u00eancia do cliente e acreditamos que o novo centro Glassdrive Porto Zona Industrial ser\u00e1 um \u00f3timo canal para chegar \u00e0 popula\u00e7\u00e3o da regi\u00e3o e oferecer as melhores solu\u00e7\u00f5es para as viaturas que circulam na regi\u00e3o.\u201d<\/p>\n<p style=\"font-weight: 400;\">Com foco na melhoria cont\u00ednua da experi\u00eancia do consumidor, a Glassdrive d\u00e1 continuidade \u00e0 estrat\u00e9gia de expans\u00e3o ao disponibilizar aos portugueses os servi\u00e7os e produtos de excel\u00eancia, alinhados ao objetivo da Saint-Gobain para atingir a neutralidade carb\u00f3nica at\u00e9 2050.<\/p>\n<p style=\"font-weight: 400;\">\n","protected":false},"excerpt":{"rendered":"<p>A Glassdrive,\u00a0acaba de inaugurar o novo&#8230;<\/p>\n","protected":false},"author":15,"featured_media":99997,"comment_status":"closed","ping_status":"closed","sticky":false,"template":"","format":"standard","meta":{"footnotes":""},"categories":[29],"tags":[344,12422,12419,9957,2311,3501,1096,12423,12421,12420],"class_list":["post-99991","post","type-post","status-publish","format-standard","has-post-thumbnail","hentry","category-empresas","tag-adas","tag-aspiracao","tag-centro-modelo-porto","tag-escovas-limpa-para-brisas","tag-glassdrive","tag-inauguracao","tag-lavagem","tag-lucas-constancio","tag-polimento-de-oticas","tag-reparacao-e-substituicao-automovel"],"yoast_head":"<!-- This site is optimized with the Yoast SEO plugin v27.4 - https:\/\/yoast.com\/product\/yoast-seo-wordpress\/ -->\n<title>Glassdrive inaugura novo Centro no Porto - Jornal das Oficinas<\/title>\n<meta name=\"description\" content=\"A Glassdrive Portugal, acaba de inaugurar o novo centro modelo no Porto que integra todos os servi\u00e7os de repara\u00e7\u00e3o e substitui\u00e7\u00e3o autom\u00f3vel\" \/>\n<meta name=\"robots\" content=\"index, follow, max-snippet:-1, max-image-preview:large, max-video-preview:-1\" \/>\n<link rel=\"canonical\" href=\"https:\/\/jornaldasoficinas.com\/pt\/glassdrive-inaugura-novo-centro-no-porto\/\" \/>\n<meta property=\"og:locale\" content=\"pt_PT\" \/>\n<meta property=\"og:type\" content=\"article\" \/>\n<meta property=\"og:title\" content=\"Glassdrive inaugura novo Centro no Porto - Jornal das Oficinas\" \/>\n<meta property=\"og:description\" content=\"A Glassdrive Portugal, acaba de inaugurar o novo centro modelo no Porto que integra todos os servi\u00e7os de repara\u00e7\u00e3o e substitui\u00e7\u00e3o autom\u00f3vel\" \/>\n<meta property=\"og:url\" content=\"https:\/\/jornaldasoficinas.com\/pt\/glassdrive-inaugura-novo-centro-no-porto\/\" \/>\n<meta property=\"og:site_name\" content=\"Jornal das Oficinas\" \/>\n<meta property=\"article:publisher\" content=\"https:\/\/www.facebook.com\/jornaloficinas\" \/>\n<meta property=\"article:published_time\" content=\"2025-04-09T07:00:37+00:00\" \/>\n<meta property=\"og:image\" content=\"https:\/\/jornaldasoficinas.com\/pt\/wp-content\/uploads\/2025\/04\/Glassdrive-inaugura-novo-Centro-no-Porto.jpg\" \/>\n\t<meta property=\"og:image:width\" content=\"1024\" \/>\n\t<meta property=\"og:image:height\" content=\"581\" \/>\n\t<meta property=\"og:image:type\" content=\"image\/jpeg\" \/>\n<meta name=\"author\" content=\"Reda\u00e7\u00e3o JO\" \/>\n<meta name=\"twitter:card\" content=\"summary_large_image\" \/>\n<meta name=\"twitter:creator\" content=\"@jornaloficinas\" \/>\n<meta name=\"twitter:site\" content=\"@jornaloficinas\" \/>\n<meta name=\"twitter:label1\" content=\"Escrito por\" \/>\n\t<meta name=\"twitter:data1\" content=\"Reda\u00e7\u00e3o JO\" \/>\n\t<meta name=\"twitter:label2\" content=\"Tempo estimado de leitura\" \/>\n\t<meta name=\"twitter:data2\" content=\"2 minutos\" \/>\n<script type=\"application\/ld+json\" class=\"yoast-schema-graph\">{\"@context\":\"https:\\\/\\\/schema.org\",\"@graph\":[{\"@type\":\"Article\",\"@id\":\"https:\\\/\\\/jornaldasoficinas.com\\\/pt\\\/glassdrive-inaugura-novo-centro-no-porto\\\/#article\",\"isPartOf\":{\"@id\":\"https:\\\/\\\/jornaldasoficinas.com\\\/pt\\\/glassdrive-inaugura-novo-centro-no-porto\\\/\"},\"author\":{\"name\":\"Reda\u00e7\u00e3o JO\",\"@id\":\"https:\\\/\\\/jornaldasoficinas.com\\\/pt\\\/#\\\/schema\\\/person\\\/a38eef5de2c41d9e7c9ac10141afddf3\"},\"headline\":\"Glassdrive inaugura novo Centro no Porto\",\"datePublished\":\"2025-04-09T07:00:37+00:00\",\"mainEntityOfPage\":{\"@id\":\"https:\\\/\\\/jornaldasoficinas.com\\\/pt\\\/glassdrive-inaugura-novo-centro-no-porto\\\/\"},\"wordCount\":281,\"publisher\":{\"@id\":\"https:\\\/\\\/jornaldasoficinas.com\\\/pt\\\/#organization\"},\"image\":{\"@id\":\"https:\\\/\\\/jornaldasoficinas.com\\\/pt\\\/glassdrive-inaugura-novo-centro-no-porto\\\/#primaryimage\"},\"thumbnailUrl\":\"https:\\\/\\\/jornaldasoficinas.com\\\/pt\\\/wp-content\\\/uploads\\\/2025\\\/04\\\/Glassdrive-inaugura-novo-Centro-no-Porto.jpg\",\"keywords\":[\"ADAS\",\"aspira\u00e7\u00e3o\",\"Centro modelo Porto\",\"escovas limpa-para-brisas\",\"Glassdrive\",\"Inaugura\u00e7\u00e3o\",\"Lavagem\",\"Lucas Const\u00e2ncio\",\"polimento de \u00f3ticas\",\"repara\u00e7\u00e3o e substitui\u00e7\u00e3o autom\u00f3vel\"],\"articleSection\":[\"Empresas\"],\"inLanguage\":\"pt-PT\"},{\"@type\":\"WebPage\",\"@id\":\"https:\\\/\\\/jornaldasoficinas.com\\\/pt\\\/glassdrive-inaugura-novo-centro-no-porto\\\/\",\"url\":\"https:\\\/\\\/jornaldasoficinas.com\\\/pt\\\/glassdrive-inaugura-novo-centro-no-porto\\\/\",\"name\":\"Glassdrive inaugura novo Centro no Porto - Jornal das Oficinas\",\"isPartOf\":{\"@id\":\"https:\\\/\\\/jornaldasoficinas.com\\\/pt\\\/#website\"},\"primaryImageOfPage\":{\"@id\":\"https:\\\/\\\/jornaldasoficinas.com\\\/pt\\\/glassdrive-inaugura-novo-centro-no-porto\\\/#primaryimage\"},\"image\":{\"@id\":\"https:\\\/\\\/jornaldasoficinas.com\\\/pt\\\/glassdrive-inaugura-novo-centro-no-porto\\\/#primaryimage\"},\"thumbnailUrl\":\"https:\\\/\\\/jornaldasoficinas.com\\\/pt\\\/wp-content\\\/uploads\\\/2025\\\/04\\\/Glassdrive-inaugura-novo-Centro-no-Porto.jpg\",\"datePublished\":\"2025-04-09T07:00:37+00:00\",\"description\":\"A Glassdrive Portugal, acaba de inaugurar o novo centro modelo no Porto que integra todos os servi\u00e7os de repara\u00e7\u00e3o e substitui\u00e7\u00e3o autom\u00f3vel\",\"breadcrumb\":{\"@id\":\"https:\\\/\\\/jornaldasoficinas.com\\\/pt\\\/glassdrive-inaugura-novo-centro-no-porto\\\/#breadcrumb\"},\"inLanguage\":\"pt-PT\",\"potentialAction\":[{\"@type\":\"ReadAction\",\"target\":[\"https:\\\/\\\/jornaldasoficinas.com\\\/pt\\\/glassdrive-inaugura-novo-centro-no-porto\\\/\"]}]},{\"@type\":\"ImageObject\",\"inLanguage\":\"pt-PT\",\"@id\":\"https:\\\/\\\/jornaldasoficinas.com\\\/pt\\\/glassdrive-inaugura-novo-centro-no-porto\\\/#primaryimage\",\"url\":\"https:\\\/\\\/jornaldasoficinas.com\\\/pt\\\/wp-content\\\/uploads\\\/2025\\\/04\\\/Glassdrive-inaugura-novo-Centro-no-Porto.jpg\",\"contentUrl\":\"https:\\\/\\\/jornaldasoficinas.com\\\/pt\\\/wp-content\\\/uploads\\\/2025\\\/04\\\/Glassdrive-inaugura-novo-Centro-no-Porto.jpg\",\"width\":1024,\"height\":581,\"caption\":\"04 - Glassdrive inaugura novo Centro no Porto\"},{\"@type\":\"BreadcrumbList\",\"@id\":\"https:\\\/\\\/jornaldasoficinas.com\\\/pt\\\/glassdrive-inaugura-novo-centro-no-porto\\\/#breadcrumb\",\"itemListElement\":[{\"@type\":\"ListItem\",\"position\":1,\"name\":\"In\u00edcio\",\"item\":\"https:\\\/\\\/jornaldasoficinas.com\\\/pt\\\/\"},{\"@type\":\"ListItem\",\"position\":2,\"name\":\"Glassdrive inaugura novo Centro no Porto\"}]},{\"@type\":\"WebSite\",\"@id\":\"https:\\\/\\\/jornaldasoficinas.com\\\/pt\\\/#website\",\"url\":\"https:\\\/\\\/jornaldasoficinas.com\\\/pt\\\/\",\"name\":\"Jornal das Oficinas\",\"description\":\"Jornal independente do Aftermarket Autom\u00f3vel em Portugal\",\"publisher\":{\"@id\":\"https:\\\/\\\/jornaldasoficinas.com\\\/pt\\\/#organization\"},\"potentialAction\":[{\"@type\":\"SearchAction\",\"target\":{\"@type\":\"EntryPoint\",\"urlTemplate\":\"https:\\\/\\\/jornaldasoficinas.com\\\/pt\\\/?s={search_term_string}\"},\"query-input\":{\"@type\":\"PropertyValueSpecification\",\"valueRequired\":true,\"valueName\":\"search_term_string\"}}],\"inLanguage\":\"pt-PT\"},{\"@type\":\"Organization\",\"@id\":\"https:\\\/\\\/jornaldasoficinas.com\\\/pt\\\/#organization\",\"name\":\"Jornal das Oficinas\",\"url\":\"https:\\\/\\\/jornaldasoficinas.com\\\/pt\\\/\",\"logo\":{\"@type\":\"ImageObject\",\"inLanguage\":\"pt-PT\",\"@id\":\"https:\\\/\\\/jornaldasoficinas.com\\\/pt\\\/#\\\/schema\\\/logo\\\/image\\\/\",\"url\":\"https:\\\/\\\/jornaldasoficinas.com\\\/pt\\\/wp-content\\\/uploads\\\/logoJO-SEO.png\",\"contentUrl\":\"https:\\\/\\\/jornaldasoficinas.com\\\/pt\\\/wp-content\\\/uploads\\\/logoJO-SEO.png\",\"width\":285,\"height\":450,\"caption\":\"Jornal das Oficinas\"},\"image\":{\"@id\":\"https:\\\/\\\/jornaldasoficinas.com\\\/pt\\\/#\\\/schema\\\/logo\\\/image\\\/\"},\"sameAs\":[\"https:\\\/\\\/www.facebook.com\\\/jornaloficinas\",\"https:\\\/\\\/x.com\\\/jornaloficinas\",\"https:\\\/\\\/www.instagram.com\\\/jornal_oficinas\\\/\",\"https:\\\/\\\/www.linkedin.com\\\/company\\\/jornal-das-oficinas\\\/\",\"https:\\\/\\\/www.youtube.com\\\/channel\\\/UCbQZBqtcvV-oSQrr7RzINGg\"]},{\"@type\":\"Person\",\"@id\":\"https:\\\/\\\/jornaldasoficinas.com\\\/pt\\\/#\\\/schema\\\/person\\\/a38eef5de2c41d9e7c9ac10141afddf3\",\"name\":\"Reda\u00e7\u00e3o JO\",\"image\":{\"@type\":\"ImageObject\",\"inLanguage\":\"pt-PT\",\"@id\":\"https:\\\/\\\/secure.gravatar.com\\\/avatar\\\/71f2fa71737ad68a84fea94bc708ddac8ea5b0c4788dc2ad202f3ccb2887742f?s=96&d=wp_user_avatar&r=g\",\"url\":\"https:\\\/\\\/secure.gravatar.com\\\/avatar\\\/71f2fa71737ad68a84fea94bc708ddac8ea5b0c4788dc2ad202f3ccb2887742f?s=96&d=wp_user_avatar&r=g\",\"contentUrl\":\"https:\\\/\\\/secure.gravatar.com\\\/avatar\\\/71f2fa71737ad68a84fea94bc708ddac8ea5b0c4788dc2ad202f3ccb2887742f?s=96&d=wp_user_avatar&r=g\",\"caption\":\"Reda\u00e7\u00e3o JO\"},\"url\":\"https:\\\/\\\/jornaldasoficinas.com\\\/pt\\\/author\\\/joredacao\\\/\"}]}<\/script>\n<!-- \/ Yoast SEO plugin. -->","yoast_head_json":{"title":"Glassdrive inaugura novo Centro no Porto - Jornal das Oficinas","description":"A Glassdrive Portugal, acaba de inaugurar o novo centro modelo no Porto que integra todos os servi\u00e7os de repara\u00e7\u00e3o e substitui\u00e7\u00e3o autom\u00f3vel","robots":{"index":"index","follow":"follow","max-snippet":"max-snippet:-1","max-image-preview":"max-image-preview:large","max-video-preview":"max-video-preview:-1"},"canonical":"https:\/\/jornaldasoficinas.com\/pt\/glassdrive-inaugura-novo-centro-no-porto\/","og_locale":"pt_PT","og_type":"article","og_title":"Glassdrive inaugura novo Centro no Porto - Jornal das Oficinas","og_description":"A Glassdrive Portugal, acaba de inaugurar o novo centro modelo no Porto que integra todos os servi\u00e7os de repara\u00e7\u00e3o e substitui\u00e7\u00e3o autom\u00f3vel","og_url":"https:\/\/jornaldasoficinas.com\/pt\/glassdrive-inaugura-novo-centro-no-porto\/","og_site_name":"Jornal das Oficinas","article_publisher":"https:\/\/www.facebook.com\/jornaloficinas","article_published_time":"2025-04-09T07:00:37+00:00","og_image":[{"width":1024,"height":581,"url":"https:\/\/jornaldasoficinas.com\/pt\/wp-content\/uploads\/2025\/04\/Glassdrive-inaugura-novo-Centro-no-Porto.jpg","type":"image\/jpeg"}],"author":"Reda\u00e7\u00e3o JO","twitter_card":"summary_large_image","twitter_creator":"@jornaloficinas","twitter_site":"@jornaloficinas","twitter_misc":{"Escrito por":"Reda\u00e7\u00e3o JO","Tempo estimado de leitura":"2 minutos"},"schema":{"@context":"https:\/\/schema.org","@graph":[{"@type":"Article","@id":"https:\/\/jornaldasoficinas.com\/pt\/glassdrive-inaugura-novo-centro-no-porto\/#article","isPartOf":{"@id":"https:\/\/jornaldasoficinas.com\/pt\/glassdrive-inaugura-novo-centro-no-porto\/"},"author":{"name":"Reda\u00e7\u00e3o JO","@id":"https:\/\/jornaldasoficinas.com\/pt\/#\/schema\/person\/a38eef5de2c41d9e7c9ac10141afddf3"},"headline":"Glassdrive inaugura novo Centro no Porto","datePublished":"2025-04-09T07:00:37+00:00","mainEntityOfPage":{"@id":"https:\/\/jornaldasoficinas.com\/pt\/glassdrive-inaugura-novo-centro-no-porto\/"},"wordCount":281,"publisher":{"@id":"https:\/\/jornaldasoficinas.com\/pt\/#organization"},"image":{"@id":"https:\/\/jornaldasoficinas.com\/pt\/glassdrive-inaugura-novo-centro-no-porto\/#primaryimage"},"thumbnailUrl":"https:\/\/jornaldasoficinas.com\/pt\/wp-content\/uploads\/2025\/04\/Glassdrive-inaugura-novo-Centro-no-Porto.jpg","keywords":["ADAS","aspira\u00e7\u00e3o","Centro modelo Porto","escovas limpa-para-brisas","Glassdrive","Inaugura\u00e7\u00e3o","Lavagem","Lucas Const\u00e2ncio","polimento de \u00f3ticas","repara\u00e7\u00e3o e substitui\u00e7\u00e3o autom\u00f3vel"],"articleSection":["Empresas"],"inLanguage":"pt-PT"},{"@type":"WebPage","@id":"https:\/\/jornaldasoficinas.com\/pt\/glassdrive-inaugura-novo-centro-no-porto\/","url":"https:\/\/jornaldasoficinas.com\/pt\/glassdrive-inaugura-novo-centro-no-porto\/","name":"Glassdrive inaugura novo Centro no Porto - Jornal das Oficinas","isPartOf":{"@id":"https:\/\/jornaldasoficinas.com\/pt\/#website"},"primaryImageOfPage":{"@id":"https:\/\/jornaldasoficinas.com\/pt\/glassdrive-inaugura-novo-centro-no-porto\/#primaryimage"},"image":{"@id":"https:\/\/jornaldasoficinas.com\/pt\/glassdrive-inaugura-novo-centro-no-porto\/#primaryimage"},"thumbnailUrl":"https:\/\/jornaldasoficinas.com\/pt\/wp-content\/uploads\/2025\/04\/Glassdrive-inaugura-novo-Centro-no-Porto.jpg","datePublished":"2025-04-09T07:00:37+00:00","description":"A Glassdrive Portugal, acaba de inaugurar o novo centro modelo no Porto que integra todos os servi\u00e7os de repara\u00e7\u00e3o e substitui\u00e7\u00e3o autom\u00f3vel","breadcrumb":{"@id":"https:\/\/jornaldasoficinas.com\/pt\/glassdrive-inaugura-novo-centro-no-porto\/#breadcrumb"},"inLanguage":"pt-PT","potentialAction":[{"@type":"ReadAction","target":["https:\/\/jornaldasoficinas.com\/pt\/glassdrive-inaugura-novo-centro-no-porto\/"]}]},{"@type":"ImageObject","inLanguage":"pt-PT","@id":"https:\/\/jornaldasoficinas.com\/pt\/glassdrive-inaugura-novo-centro-no-porto\/#primaryimage","url":"https:\/\/jornaldasoficinas.com\/pt\/wp-content\/uploads\/2025\/04\/Glassdrive-inaugura-novo-Centro-no-Porto.jpg","contentUrl":"https:\/\/jornaldasoficinas.com\/pt\/wp-content\/uploads\/2025\/04\/Glassdrive-inaugura-novo-Centro-no-Porto.jpg","width":1024,"height":581,"caption":"04 - Glassdrive inaugura novo Centro no Porto"},{"@type":"BreadcrumbList","@id":"https:\/\/jornaldasoficinas.com\/pt\/glassdrive-inaugura-novo-centro-no-porto\/#breadcrumb","itemListElement":[{"@type":"ListItem","position":1,"name":"In\u00edcio","item":"https:\/\/jornaldasoficinas.com\/pt\/"},{"@type":"ListItem","position":2,"name":"Glassdrive inaugura novo Centro no Porto"}]},{"@type":"WebSite","@id":"https:\/\/jornaldasoficinas.com\/pt\/#website","url":"https:\/\/jornaldasoficinas.com\/pt\/","name":"Jornal das Oficinas","description":"Jornal independente do Aftermarket Autom\u00f3vel em Portugal","publisher":{"@id":"https:\/\/jornaldasoficinas.com\/pt\/#organization"},"potentialAction":[{"@type":"SearchAction","target":{"@type":"EntryPoint","urlTemplate":"https:\/\/jornaldasoficinas.com\/pt\/?s={search_term_string}"},"query-input":{"@type":"PropertyValueSpecification","valueRequired":true,"valueName":"search_term_string"}}],"inLanguage":"pt-PT"},{"@type":"Organization","@id":"https:\/\/jornaldasoficinas.com\/pt\/#organization","name":"Jornal das Oficinas","url":"https:\/\/jornaldasoficinas.com\/pt\/","logo":{"@type":"ImageObject","inLanguage":"pt-PT","@id":"https:\/\/jornaldasoficinas.com\/pt\/#\/schema\/logo\/image\/","url":"https:\/\/jornaldasoficinas.com\/pt\/wp-content\/uploads\/logoJO-SEO.png","contentUrl":"https:\/\/jornaldasoficinas.com\/pt\/wp-content\/uploads\/logoJO-SEO.png","width":285,"height":450,"caption":"Jornal das Oficinas"},"image":{"@id":"https:\/\/jornaldasoficinas.com\/pt\/#\/schema\/logo\/image\/"},"sameAs":["https:\/\/www.facebook.com\/jornaloficinas","https:\/\/x.com\/jornaloficinas","https:\/\/www.instagram.com\/jornal_oficinas\/","https:\/\/www.linkedin.com\/company\/jornal-das-oficinas\/","https:\/\/www.youtube.com\/channel\/UCbQZBqtcvV-oSQrr7RzINGg"]},{"@type":"Person","@id":"https:\/\/jornaldasoficinas.com\/pt\/#\/schema\/person\/a38eef5de2c41d9e7c9ac10141afddf3","name":"Reda\u00e7\u00e3o JO","image":{"@type":"ImageObject","inLanguage":"pt-PT","@id":"https:\/\/secure.gravatar.com\/avatar\/71f2fa71737ad68a84fea94bc708ddac8ea5b0c4788dc2ad202f3ccb2887742f?s=96&d=wp_user_avatar&r=g","url":"https:\/\/secure.gravatar.com\/avatar\/71f2fa71737ad68a84fea94bc708ddac8ea5b0c4788dc2ad202f3ccb2887742f?s=96&d=wp_user_avatar&r=g","contentUrl":"https:\/\/secure.gravatar.com\/avatar\/71f2fa71737ad68a84fea94bc708ddac8ea5b0c4788dc2ad202f3ccb2887742f?s=96&d=wp_user_avatar&r=g","caption":"Reda\u00e7\u00e3o JO"},"url":"https:\/\/jornaldasoficinas.com\/pt\/author\/joredacao\/"}]}},"_links":{"self":[{"href":"https:\/\/jornaldasoficinas.com\/pt\/wp-json\/wp\/v2\/posts\/99991","targetHints":{"allow":["GET"]}}],"collection":[{"href":"https:\/\/jornaldasoficinas.com\/pt\/wp-json\/wp\/v2\/posts"}],"about":[{"href":"https:\/\/jornaldasoficinas.com\/pt\/wp-json\/wp\/v2\/types\/post"}],"author":[{"embeddable":true,"href":"https:\/\/jornaldasoficinas.com\/pt\/wp-json\/wp\/v2\/users\/15"}],"replies":[{"embeddable":true,"href":"https:\/\/jornaldasoficinas.com\/pt\/wp-json\/wp\/v2\/comments?post=99991"}],"version-history":[{"count":2,"href":"https:\/\/jornaldasoficinas.com\/pt\/wp-json\/wp\/v2\/posts\/99991\/revisions"}],"predecessor-version":[{"id":99998,"href":"https:\/\/jornaldasoficinas.com\/pt\/wp-json\/wp\/v2\/posts\/99991\/revisions\/99998"}],"wp:featuredmedia":[{"embeddable":true,"href":"https:\/\/jornaldasoficinas.com\/pt\/wp-json\/wp\/v2\/media\/99997"}],"wp:attachment":[{"href":"https:\/\/jornaldasoficinas.com\/pt\/wp-json\/wp\/v2\/media?parent=99991"}],"wp:term":[{"taxonomy":"category","embeddable":true,"href":"https:\/\/jornaldasoficinas.com\/pt\/wp-json\/wp\/v2\/categories?post=99991"},{"taxonomy":"post_tag","embeddable":true,"href":"https:\/\/jornaldasoficinas.com\/pt\/wp-json\/wp\/v2\/tags?post=99991"}],"curies":[{"name":"wp","href":"https:\/\/api.w.org\/{rel}","templated":true}]}}