{"id":7296,"count":1,"description":"","link":"https:\/\/jornaldasoficinas.com\/tag\/plataforma-de-compras\/","name":"plataforma de compras","slug":"plataforma-de-compras","taxonomy":"post_tag","meta":[],"yoast_head":"<!-- This site is optimized with the Yoast SEO plugin v28.4-RC1 - https:\/\/yoast.com\/product\/yoast-seo-wordpress\/ -->\n<title>plataforma de compras Archives | Jornal das Oficinas<\/title>\n<meta name=\"robots\" content=\"index, follow, max-snippet:-1, max-image-preview:large, max-video-preview:-1\" \/>\n<link rel=\"canonical\" href=\"https:\/\/jornaldasoficinas.com\/tag\/plataforma-de-compras\/\" \/>\n<meta property=\"og:locale\" content=\"pt_PT\" \/>\n<meta property=\"og:type\" content=\"article\" \/>\n<meta property=\"og:title\" content=\"plataforma de compras Archives | Jornal das Oficinas\" \/>\n<meta property=\"og:url\" content=\"https:\/\/jornaldasoficinas.com\/tag\/plataforma-de-compras\/\" \/>\n<meta property=\"og:site_name\" content=\"Jornal das Oficinas\" \/>\n<meta property=\"og:image\" content=\"https:\/\/jornaldasoficinas.com\/wp-content\/uploads\/2026\/05\/JO_logo-DEEP.png\" \/>\n\t<meta property=\"og:image:width\" content=\"145\" \/>\n\t<meta property=\"og:image:height\" content=\"94\" \/>\n\t<meta property=\"og:image:type\" content=\"image\/png\" \/>\n<meta name=\"twitter:card\" content=\"summary_large_image\" \/>\n<meta name=\"twitter:site\" content=\"@jornaloficinas\" \/>\n<script type=\"application\/ld+json\" class=\"yoast-schema-graph\">{\"@context\":\"https:\\\/\\\/schema.org\",\"@graph\":[{\"@type\":\"CollectionPage\",\"@id\":\"https:\\\/\\\/jornaldasoficinas.com\\\/tag\\\/plataforma-de-compras\\\/\",\"url\":\"https:\\\/\\\/jornaldasoficinas.com\\\/tag\\\/plataforma-de-compras\\\/\",\"name\":\"plataforma de compras Archives | Jornal das Oficinas\",\"isPartOf\":{\"@id\":\"https:\\\/\\\/staging.jornaldasoficinas.com\\\/#website\"},\"breadcrumb\":{\"@id\":\"https:\\\/\\\/jornaldasoficinas.com\\\/tag\\\/plataforma-de-compras\\\/#breadcrumb\"},\"inLanguage\":\"pt-PT\"},{\"@type\":\"BreadcrumbList\",\"@id\":\"https:\\\/\\\/jornaldasoficinas.com\\\/tag\\\/plataforma-de-compras\\\/#breadcrumb\",\"itemListElement\":[{\"@type\":\"ListItem\",\"position\":1,\"name\":\"Home\",\"item\":\"https:\\\/\\\/staging.jornaldasoficinas.com\\\/home-2\\\/\"},{\"@type\":\"ListItem\",\"position\":2,\"name\":\"plataforma de compras\"}]},{\"@type\":\"WebSite\",\"@id\":\"https:\\\/\\\/staging.jornaldasoficinas.com\\\/#website\",\"url\":\"https:\\\/\\\/staging.jornaldasoficinas.com\\\/\",\"name\":\"Jornal das Oficinas\",\"description\":\"L\u00edder na Comunica\u00e7\u00e3o B2B para o Aftermarket (IAM) desde 1994\",\"publisher\":{\"@id\":\"https:\\\/\\\/staging.jornaldasoficinas.com\\\/#organization\"},\"alternateName\":\"JO\",\"potentialAction\":[{\"@type\":\"SearchAction\",\"target\":{\"@type\":\"EntryPoint\",\"urlTemplate\":\"https:\\\/\\\/staging.jornaldasoficinas.com\\\/?s={search_term_string}\"},\"query-input\":{\"@type\":\"PropertyValueSpecification\",\"valueRequired\":true,\"valueName\":\"search_term_string\"}}],\"inLanguage\":\"pt-PT\"},{\"@type\":\"Organization\",\"@id\":\"https:\\\/\\\/staging.jornaldasoficinas.com\\\/#organization\",\"name\":\"Jornal das Oficinas\",\"alternateName\":\"JO\",\"url\":\"https:\\\/\\\/staging.jornaldasoficinas.com\\\/\",\"logo\":{\"@type\":\"ImageObject\",\"inLanguage\":\"pt-PT\",\"@id\":\"https:\\\/\\\/staging.jornaldasoficinas.com\\\/#\\\/schema\\\/logo\\\/image\\\/\",\"url\":\"https:\\\/\\\/jornaldasoficinas.com\\\/wp-content\\\/uploads\\\/2026\\\/05\\\/JO_logo-DEEP.png\",\"contentUrl\":\"https:\\\/\\\/jornaldasoficinas.com\\\/wp-content\\\/uploads\\\/2026\\\/05\\\/JO_logo-DEEP.png\",\"width\":145,\"height\":94,\"caption\":\"Jornal das Oficinas\"},\"image\":{\"@id\":\"https:\\\/\\\/staging.jornaldasoficinas.com\\\/#\\\/schema\\\/logo\\\/image\\\/\"},\"sameAs\":[\"https:\\\/\\\/www.facebook.com\\\/jornaloficinas\",\"https:\\\/\\\/x.com\\\/jornaloficinas\",\"https:\\\/\\\/www.instagram.com\\\/jornal_oficinas\",\"https:\\\/\\\/www.linkedin.com\\\/company\\\/jornal-das-oficinas\\\/\",\"https:\\\/\\\/www.youtube.com\\\/@jornaldasoficinas\"]}]}<\/script>\n<!-- \/ Yoast SEO plugin. -->","yoast_head_json":{"title":"plataforma de compras Archives | Jornal das Oficinas","robots":{"index":"index","follow":"follow","max-snippet":"max-snippet:-1","max-image-preview":"max-image-preview:large","max-video-preview":"max-video-preview:-1"},"canonical":"https:\/\/jornaldasoficinas.com\/tag\/plataforma-de-compras\/","og_locale":"pt_PT","og_type":"article","og_title":"plataforma de compras Archives | Jornal das Oficinas","og_url":"https:\/\/jornaldasoficinas.com\/tag\/plataforma-de-compras\/","og_site_name":"Jornal das Oficinas","og_image":[{"width":145,"height":94,"url":"https:\/\/jornaldasoficinas.com\/wp-content\/uploads\/2026\/05\/JO_logo-DEEP.png","type":"image\/png"}],"twitter_card":"summary_large_image","twitter_site":"@jornaloficinas","schema":{"@context":"https:\/\/schema.org","@graph":[{"@type":"CollectionPage","@id":"https:\/\/jornaldasoficinas.com\/tag\/plataforma-de-compras\/","url":"https:\/\/jornaldasoficinas.com\/tag\/plataforma-de-compras\/","name":"plataforma de compras Archives | Jornal das Oficinas","isPartOf":{"@id":"https:\/\/staging.jornaldasoficinas.com\/#website"},"breadcrumb":{"@id":"https:\/\/jornaldasoficinas.com\/tag\/plataforma-de-compras\/#breadcrumb"},"inLanguage":"pt-PT"},{"@type":"BreadcrumbList","@id":"https:\/\/jornaldasoficinas.com\/tag\/plataforma-de-compras\/#breadcrumb","itemListElement":[{"@type":"ListItem","position":1,"name":"Home","item":"https:\/\/staging.jornaldasoficinas.com\/home-2\/"},{"@type":"ListItem","position":2,"name":"plataforma de compras"}]},{"@type":"WebSite","@id":"https:\/\/staging.jornaldasoficinas.com\/#website","url":"https:\/\/staging.jornaldasoficinas.com\/","name":"Jornal das Oficinas","description":"L\u00edder na Comunica\u00e7\u00e3o B2B para o Aftermarket (IAM) desde 1994","publisher":{"@id":"https:\/\/staging.jornaldasoficinas.com\/#organization"},"alternateName":"JO","potentialAction":[{"@type":"SearchAction","target":{"@type":"EntryPoint","urlTemplate":"https:\/\/staging.jornaldasoficinas.com\/?s={search_term_string}"},"query-input":{"@type":"PropertyValueSpecification","valueRequired":true,"valueName":"search_term_string"}}],"inLanguage":"pt-PT"},{"@type":"Organization","@id":"https:\/\/staging.jornaldasoficinas.com\/#organization","name":"Jornal das Oficinas","alternateName":"JO","url":"https:\/\/staging.jornaldasoficinas.com\/","logo":{"@type":"ImageObject","inLanguage":"pt-PT","@id":"https:\/\/staging.jornaldasoficinas.com\/#\/schema\/logo\/image\/","url":"https:\/\/jornaldasoficinas.com\/wp-content\/uploads\/2026\/05\/JO_logo-DEEP.png","contentUrl":"https:\/\/jornaldasoficinas.com\/wp-content\/uploads\/2026\/05\/JO_logo-DEEP.png","width":145,"height":94,"caption":"Jornal das Oficinas"},"image":{"@id":"https:\/\/staging.jornaldasoficinas.com\/#\/schema\/logo\/image\/"},"sameAs":["https:\/\/www.facebook.com\/jornaloficinas","https:\/\/x.com\/jornaloficinas","https:\/\/www.instagram.com\/jornal_oficinas","https:\/\/www.linkedin.com\/company\/jornal-das-oficinas\/","https:\/\/www.youtube.com\/@jornaldasoficinas"]}]}},"_links":{"self":[{"href":"https:\/\/jornaldasoficinas.com\/wp-json\/wp\/v2\/tags\/7296","targetHints":{"allow":["GET"]}}],"collection":[{"href":"https:\/\/jornaldasoficinas.com\/wp-json\/wp\/v2\/tags"}],"about":[{"href":"https:\/\/jornaldasoficinas.com\/wp-json\/wp\/v2\/taxonomies\/post_tag"}],"wp:post_type":[{"href":"https:\/\/jornaldasoficinas.com\/wp-json\/wp\/v2\/posts?tags=7296"}],"curies":[{"name":"wp","href":"https:\/\/api.w.org\/{rel}","templated":true}]}}